{"id":11096,"date":"2025-11-25T19:57:44","date_gmt":"2025-11-25T18:57:44","guid":{"rendered":"https:\/\/987aldia.com\/web\/la-junta-impulsa-la-cooperacion-entre-la-guardia-civil-y-las-policias-locales-en-la-proteccion-de-la-naturaleza\/"},"modified":"2025-11-25T19:57:44","modified_gmt":"2025-11-25T18:57:44","slug":"la-junta-impulsa-la-cooperacion-entre-la-guardia-civil-y-las-policias-locales-en-la-proteccion-de-la-naturaleza","status":"publish","type":"post","link":"https:\/\/987aldia.com\/web\/la-junta-impulsa-la-cooperacion-entre-la-guardia-civil-y-las-policias-locales-en-la-proteccion-de-la-naturaleza\/","title":{"rendered":"La Junta impulsa la cooperaci\u00f3n entre la Guardia Civil y las polic\u00edas locales en la protecci\u00f3n de la naturaleza"},"content":{"rendered":"<p>La Junta de Castilla y Le\u00f3n ha celebrado en el PRAE de Valladolid una jornada formativa dirigida a los cuerpos de Polic\u00eda Local de la Comunidad. Esta iniciativa, organizada conjuntamente por la Agencia de Protecci\u00f3n Civil y Emergencias y la Comandancia de la Guardia Civil en Valladolid, busca reforzar la especializaci\u00f3n y la cooperaci\u00f3n entre las distintas fuerzas de seguridad en materia de protecci\u00f3n del medio natural.<\/p>\n<p>El encuentro, que tuvo lugar el 25 de noviembre de 2025, reuni\u00f3 a m\u00e1s de un centenar de agentes provenientes de 26 municipios y cont\u00f3 con la participaci\u00f3n de especialistas del Servicio de Protecci\u00f3n de la Naturaleza (SEPRONA) de la Guardia Civil. Estos especialistas impartieron diversas ponencias relacionadas con la vigilancia y el control del patrimonio natural, as\u00ed como con la detecci\u00f3n y gesti\u00f3n de infracciones en este \u00e1mbito.<\/p>\n<p>La jornada fue inaugurada por la directora de la Agencia de Protecci\u00f3n Civil y Emergencias, Irene Cortel, y cont\u00f3 con la presencia del subdelegado del Gobierno en Valladolid, Jacinto Canales, y el coronel jefe de la Comandancia de Valladolid, Jos\u00e9 Andr\u00e9s Velarde. El acto de clausura fue presidido por el consejero de Medio Ambiente, Vivienda y Ordenaci\u00f3n del Territorio, quien destac\u00f3 el aporte significativo de esta actividad en el fortalecimiento de la colaboraci\u00f3n operativa entre la Guardia Civil y las Polic\u00edas Locales.<\/p>\n<p>El consejero subray\u00f3 que la Junta ha impulsado un programa de formaci\u00f3n espec\u00edfico para los cuerpos de Polic\u00eda Local con el fin de dotarles de mayores herramientas en aquellas materias en las que confluyen competencias municipales y actuaciones vinculadas al medio natural. Tambi\u00e9n record\u00f3 que las polic\u00edas locales desempe\u00f1an un papel importante en la vigilancia del entorno de los t\u00e9rminos municipales y que su coordinaci\u00f3n tanto con la Guardia Civil como con los agentes medioambientales es fundamental para garantizar la protecci\u00f3n del entorno.<\/p>\n<p>Asimismo, el consejero se\u00f1al\u00f3 que esta primera edici\u00f3n de la jornada ha despertado un notable inter\u00e9s entre los ayuntamientos, lo que ha puesto de manifiesto la necesidad de seguir ampliando este tipo de formaci\u00f3n. Del mismo modo, destac\u00f3 la utilidad de los contenidos abordados, que han incluido aspectos como el maltrato animal, los vertidos contaminantes, las actividades econ\u00f3micas con impacto ambiental, las especies invasoras o la detecci\u00f3n de instalaciones irregulares en el medio natural.<\/p>\n<p>El titular de Medio Ambiente, Vivienda y Ordenaci\u00f3n del Territorio ha puesto en valor el trabajo del SEPRONA y el conjunto de la Guardia Civil en la defensa del patrimonio natural, y ha afirmado que la colaboraci\u00f3n entre ambas fuerzas \u2014Polic\u00eda Local y Guardia Civil\u2014, junto con los agentes medioambientales, ha contribuido a mejorar la prevenci\u00f3n, la respuesta y la eficacia de las actuaciones necesarias para hacer frente a las detecciones delictivas en esta \u00e1rea de Castilla y Le\u00f3n. Adem\u00e1s, ha anunciado que la Junta ha previsto promover encuentros de estas jornadas para continuar fortaleciendo este marco de cooperaci\u00f3n.<\/p>\n<p>La formaci\u00f3n ha permitido poner en com\u00fan experiencias y actuaciones habituales en el \u00e1mbito medioambiental, con el objetivo de mejorar las competencias y reforzar los mecanismos de coordinaci\u00f3n. Los ponentes del SEPRONA han aportado su experiencia en la gesti\u00f3n y actuaci\u00f3n en la protecci\u00f3n de la fauna y flora hasta el control de actividades il\u00edcitas como la caza, la pesca, los vertidos o el furtivismo, ofreciendo a los agentes locales criterios pr\u00e1cticos para intervenir ante este tipo de situaciones.<\/p>\n<p>Con esta jornada, la Junta de Castilla y Le\u00f3n reafirma su compromiso con la protecci\u00f3n del patrimonio natural y con la capacitaci\u00f3n de los cuerpos policiales para enfrentar los desaf\u00edos medioambientales, con el objetivo de asegurar que las generaciones venideras puedan disfrutar de un entorno natural mejor protegido y gestionado.<\/p>\n","protected":false},"excerpt":{"rendered":"<p>Jornada formativa en Valladolid re\u00fane a agentes de 26 municipios para fortalecer la defensa del medio ambiente.<\/p>\n","protected":false},"author":1,"featured_media":11097,"comment_status":"open","ping_status":"closed","sticky":false,"template":"","format":"standard","meta":{"_monsterinsights_skip_tracking":false,"_monsterinsights_sitenote_active":false,"_monsterinsights_sitenote_note":"","_monsterinsights_sitenote_category":0,"site-container-style":"default","site-container-layout":"default","site-sidebar-layout":"default","disable-article-header":"default","disable-site-header":"default","disable-site-footer":"default","disable-content-area-spacing":"default","_jetpack_memberships_contains_paid_content":false,"footnotes":"","jetpack_publicize_message":"","jetpack_publicize_feature_enabled":true,"jetpack_social_post_already_shared":true,"jetpack_social_options":{"image_generator_settings":{"template":"highway","default_image_id":0,"font":"","enabled":false},"version":2}},"categories":[1],"tags":[],"class_list":["post-11096","post","type-post","status-publish","format-standard","has-post-thumbnail","hentry","category-uncategorized"],"jetpack_publicize_connections":[],"jetpack_featured_media_url":"https:\/\/987aldia.com\/web\/wp-content\/uploads\/2025\/11\/especialidad_article_20251125_185251_6hXQPG.png","jetpack_sharing_enabled":true,"_links":{"self":[{"href":"https:\/\/987aldia.com\/web\/wp-json\/wp\/v2\/posts\/11096","targetHints":{"allow":["GET"]}}],"collection":[{"href":"https:\/\/987aldia.com\/web\/wp-json\/wp\/v2\/posts"}],"about":[{"href":"https:\/\/987aldia.com\/web\/wp-json\/wp\/v2\/types\/post"}],"author":[{"embeddable":true,"href":"https:\/\/987aldia.com\/web\/wp-json\/wp\/v2\/users\/1"}],"replies":[{"embeddable":true,"href":"https:\/\/987aldia.com\/web\/wp-json\/wp\/v2\/comments?post=11096"}],"version-history":[{"count":0,"href":"https:\/\/987aldia.com\/web\/wp-json\/wp\/v2\/posts\/11096\/revisions"}],"wp:featuredmedia":[{"embeddable":true,"href":"https:\/\/987aldia.com\/web\/wp-json\/wp\/v2\/media\/11097"}],"wp:attachment":[{"href":"https:\/\/987aldia.com\/web\/wp-json\/wp\/v2\/media?parent=11096"}],"wp:term":[{"taxonomy":"category","embeddable":true,"href":"https:\/\/987aldia.com\/web\/wp-json\/wp\/v2\/categories?post=11096"},{"taxonomy":"post_tag","embeddable":true,"href":"https:\/\/987aldia.com\/web\/wp-json\/wp\/v2\/tags?post=11096"}],"curies":[{"name":"wp","href":"https:\/\/api.w.org\/{rel}","templated":true}]}}