{"id":1124,"date":"2023-05-24T08:25:02","date_gmt":"2023-05-24T08:25:02","guid":{"rendered":"https:\/\/987aldia.com\/web\/?p=1124"},"modified":"2023-05-24T08:25:02","modified_gmt":"2023-05-24T08:25:02","slug":"queremos-incrementar-las-inversiones-en-asfaltado-y-parques-en-ferral-del-bernesga-tras-destinar-450-000-euros-en-este-mandato","status":"publish","type":"post","link":"https:\/\/987aldia.com\/web\/queremos-incrementar-las-inversiones-en-asfaltado-y-parques-en-ferral-del-bernesga-tras-destinar-450-000-euros-en-este-mandato\/","title":{"rendered":"Queremos incrementar las inversiones en asfaltado y parques en Ferral del Bernesga tras destinar 450.000 euros en este mandato"},"content":{"rendered":"\n<h2 class=\"wp-block-heading\"><strong>Queremos incrementar las inversiones en asfaltado y parques en Ferral del Bernesga tras destinar 450.000 euros en este mandato<\/strong>.<\/h2>\n\n\n\n<p>La candidata del PSOE a la Alcald\u00eda de San Andr\u00e9s del Rabanedo, Camino Caba\u00f1as, ha presentado su programa y el de la Junta Vecinal de Ferral del Bernesga en la localidad, explicando a los vecinos y vecinas tanto los cuatro a\u00f1os de gesti\u00f3n como las ideas para poder impulsar diferentes proyectos desde el Ayuntamiento como desde la pedan\u00eda si se recibe la confianza de la ciudadan\u00eda.<\/p>\n\n\n\n<p>Camino Caba\u00f1as ha recordado que en estos cuatro a\u00f1os \u201cel Ayuntamiento de San Andr\u00e9s del Rabanedo ha invertido cerca de 450.000 euros en diferentes actuaciones, en especial con los planes de asfaltado, gracias a los cuales se ha pavimentado las calles El Carmen, Rosario, La Iglesia, Los M\u00e1rtires, La Verja y el Camino Los Prados con 200.000 euros\u201d, adem\u00e1s de la colocaci\u00f3n de los nuevos contenedores.<\/p>\n\n\n\n<p>A ello se une que se ha rehabilitado el Arroyo del Valle, cuyo cauce pasa principalmente por Ferral del Bernesga, con una inversi\u00f3n de 183.517 euros, adem\u00e1s de ejecutar la recuperaci\u00f3n integral del parque infantil de La Era.<\/p>\n\n\n\n<p>\u201cLa inversi\u00f3n m\u00e1s importante que se va a materializar en Ferral es que el Ministerio de Defensa prev\u00e9 asentar en la base Conde de Gazola de Ferral una nueva unidad espec\u00edfica especializada en el empleo de drones que operen en los \u00e1mbitos a\u00e9reo, terrestre y acu\u00e1tico, denominada Unidad de Drones de la Unidad Militar de Emergencias (UDRUME) e incluida dentro de la UME, y que va a tener un coste de 40 millones de euros, adem\u00e1s de la conexi\u00f3n con la Ronda Noroeste, que supondr\u00e1 un montante inicial de 94 millones\u201d, ha resaltado Camino Caba\u00f1as, que ha apuntado que el objetivo es \u201cincrementar las inversiones durante el pr\u00f3ximo mandato en asfaltado y parques\u201d, como en San Roque.<\/p>\n\n\n\n<p><strong>Junta Vecinal de Ferral del Bernesga<\/strong><\/p>\n\n\n\n<p>Junto a Camino Caba\u00f1as, la candidata a la Junta Vecinal de Ferral, Esperanza Crespo, ha se\u00f1alado que el objetivo del PSOE es lograr que la pedan\u00eda \u201cvuelva a ser ese \u00f3rgano que articule las necesidades y solicitudes de todos los vecinos y vecinas\u201d. \u201cQueremos ser totalmente transparentes, y por eso todas y cada una de las decisiones que se tomen ser\u00e1n expuestas y decididas en Concejos Abiertos, con unas cuentas claras y abiertas a la ciudadan\u00eda, porque es necesario que los ingresos y gastos tengan luz y taqu\u00edgrafos, que todo el mundo pueda conocer con exhaustividad a d\u00f3nde va el dinero que llega a la Junta Vecinal\u201d.<\/p>\n\n\n\n<p>\u201cLos colectivos y asociaciones que trabajan y desarrollan actividades en diferentes \u00e1mbitos tienen una gran importancia en Ferral, y por eso necesitan espacios en los que reunirse, de ah\u00ed que queremos proponer acondicionar el antiguo consultorio para que sea su punto de encuentro\u201d, ha a\u00f1adido Esperanza Crespo, quien ha apuntado que \u201cun espacio que est\u00e1 en desuso y es necesario abrirlo a los vecinos y vecinas es la Casa del Pueblo, que tiene que estar a disposici\u00f3n de quien la necesite, de quien quiera disfrutar del ocio en un lugar que ser\u00e1 habilitado para que todo el mundo pueda participar y sumar sus conocimientos y experiencias\u201d.<\/p>\n\n\n\n<p>Esperanza Crespo, candidata a la Junta Vecinal junto a Mar\u00eda Henar Tom\u00e1s, pretende \u201cseguir apostando por las tradiciones populares, organizando y participando en todas las actividades culturales y festivas, adem\u00e1s de impulsar el mantenimiento del cementerio vecinal\u201d.<\/p>\n","protected":false},"excerpt":{"rendered":"<p>Queremos incrementar las inversiones en asfaltado y parques en Ferral del Bernesga tras destinar 450.000 euros en este mandato. La candidata del PSOE a la Alcald\u00eda de San Andr\u00e9s del Rabanedo, Camino Caba\u00f1as, ha presentado su programa y el de la Junta Vecinal de Ferral del Bernesga en la localidad, explicando a los vecinos y [&hellip;]<\/p>\n","protected":false},"author":1,"featured_media":1125,"comment_status":"open","ping_status":"closed","sticky":false,"template":"","format":"standard","meta":{"_monsterinsights_skip_tracking":false,"_monsterinsights_sitenote_active":false,"_monsterinsights_sitenote_note":"","_monsterinsights_sitenote_category":0,"site-container-style":"default","site-container-layout":"default","site-sidebar-layout":"default","disable-article-header":"default","disable-site-header":"default","disable-site-footer":"default","disable-content-area-spacing":"default","_jetpack_memberships_contains_paid_content":false,"footnotes":"","jetpack_publicize_message":"","jetpack_publicize_feature_enabled":true,"jetpack_social_post_already_shared":false,"jetpack_social_options":{"image_generator_settings":{"template":"highway","default_image_id":0,"font":"","enabled":false},"version":2}},"categories":[7],"tags":[],"class_list":["post-1124","post","type-post","status-publish","format-standard","has-post-thumbnail","hentry","category-notas-de-prensa"],"jetpack_publicize_connections":[],"jetpack_featured_media_url":"https:\/\/987aldia.com\/web\/wp-content\/uploads\/2023\/05\/Ferral-del-Bernesga.jpg","jetpack_sharing_enabled":true,"_links":{"self":[{"href":"https:\/\/987aldia.com\/web\/wp-json\/wp\/v2\/posts\/1124","targetHints":{"allow":["GET"]}}],"collection":[{"href":"https:\/\/987aldia.com\/web\/wp-json\/wp\/v2\/posts"}],"about":[{"href":"https:\/\/987aldia.com\/web\/wp-json\/wp\/v2\/types\/post"}],"author":[{"embeddable":true,"href":"https:\/\/987aldia.com\/web\/wp-json\/wp\/v2\/users\/1"}],"replies":[{"embeddable":true,"href":"https:\/\/987aldia.com\/web\/wp-json\/wp\/v2\/comments?post=1124"}],"version-history":[{"count":1,"href":"https:\/\/987aldia.com\/web\/wp-json\/wp\/v2\/posts\/1124\/revisions"}],"predecessor-version":[{"id":1126,"href":"https:\/\/987aldia.com\/web\/wp-json\/wp\/v2\/posts\/1124\/revisions\/1126"}],"wp:featuredmedia":[{"embeddable":true,"href":"https:\/\/987aldia.com\/web\/wp-json\/wp\/v2\/media\/1125"}],"wp:attachment":[{"href":"https:\/\/987aldia.com\/web\/wp-json\/wp\/v2\/media?parent=1124"}],"wp:term":[{"taxonomy":"category","embeddable":true,"href":"https:\/\/987aldia.com\/web\/wp-json\/wp\/v2\/categories?post=1124"},{"taxonomy":"post_tag","embeddable":true,"href":"https:\/\/987aldia.com\/web\/wp-json\/wp\/v2\/tags?post=1124"}],"curies":[{"name":"wp","href":"https:\/\/api.w.org\/{rel}","templated":true}]}}