{"id":1136,"date":"2023-05-25T09:47:42","date_gmt":"2023-05-25T09:47:42","guid":{"rendered":"https:\/\/987aldia.com\/web\/?p=1136"},"modified":"2023-05-25T09:48:10","modified_gmt":"2023-05-25T09:48:10","slug":"ugt-y-fele-insisten-en-reclamar-la-reactivacion-de-la-mesa-por-leon","status":"publish","type":"post","link":"https:\/\/987aldia.com\/web\/ugt-y-fele-insisten-en-reclamar-la-reactivacion-de-la-mesa-por-leon\/","title":{"rendered":"UGT y FELE insisten en reclamar la reactivaci\u00f3n de la Mesa por Le\u00f3n"},"content":{"rendered":"\n<h2 class=\"wp-block-heading\"><strong>Los responsables de la Uni\u00f3n Provincial y de las Federaciones se re\u00fanen con los representantes de FELE para sentar las bases de la relaci\u00f3n para los pr\u00f3ximos cuatro a\u00f1os<\/strong><\/h2>\n\n\n\n<p>La nueva ejecutiva de la Federaci\u00f3n Leonesa de Empresarios (FELE) y UGT Le\u00f3n han mantenido una reuni\u00f3n en la sede del sindicato como primera toma de contacto entre los nuevos representantes de los empresarios y los m\u00e1ximos responsables del sindicato en la provincia. El encuentro sirve para sentar las bases de la relaci\u00f3n entre ambas partes de cara a los muchos retos que la econom\u00eda tiene por delante, mayores en el caso de la provincia leonesa por los muchos obst\u00e1culos a los que tiene que hacer frente.<\/p>\n\n\n\n<p>Tanto la patronal como UGT est\u00e1n de acuerdo en insistir a la administraci\u00f3n local, auton\u00f3mica y nacional, en la reactivaci\u00f3n de la Mesa por Le\u00f3n, foro que ambas partes consideran necesario para el desarrollo de propuestas que puedan dotar de nuevas oportunidades econ\u00f3micas y de empleo a la provincia. No obstante, tanto FELE como UGT reconocen que para que la Mesa por Le\u00f3n tenga \u00e9xito su reactivaci\u00f3n tiene que venir acompa\u00f1ada de verdadera voluntad pol\u00edtica.<\/p>\n\n\n\n<p>Otro de los puntos en la que FELE y UGT muestran una postura com\u00fan es en la defensa del Di\u00e1logo Social en las instituciones o administraciones en las que ya existe y en la promoci\u00f3n de este foro en Ayuntamientos y Diputaciones, donde todav\u00eda no est\u00e1 implantado. Hasta la fecha, este modelo triparto ha generado importantes \u00e9xitos, que redundan en una sociedad m\u00e1s justa y con m\u00e1s oportunidades.<\/p>\n\n\n\n<p>En la misma l\u00ednea de entendimiento, FELE y UGT dan por bueno el V Acuerdo para el Empleo y la Negociaci\u00f3n Colectiva, firmado a nivel estatal por UGT, CCOO, CEOE y Cepyme. Este acuerdo marco ser\u00e1 la referencia para la actualizaci\u00f3n de los salarios en los convenios provinciales. Precisamente, FELE y UGT se comprometen a defender y promocionar los convenios de \u00e1mbito provincial.<\/p>\n\n\n\n<p>Adem\u00e1s, UGT y FELE, en su b\u00fasqueda por la igualdad en los centros de trabajo de la provincia, se comprometen a reforzar la implementaci\u00f3n de Planes de Igualdad en las empresas conforme a la legislaci\u00f3n vigente, negociando con buena fe para mejorar el entorno y las relaciones laborales de miles de compa\u00f1\u00edas y trabajadoras y trabajadores leoneses. Por parte de FELE, participaron en el encuentro el presidente, Juan Mar\u00eda Vallejo; el secretario general, \u00c1lvaro D\u00edez y el secretario general adjunto, Enrique Su\u00e1rez. Por parte de UGT, estuvieron presentes el secretario provincial, Enrique Reguero, y los secretarios generales FeSP, Juan Miguel Mart\u00ednez, Fica, Francisco Romero, y FeSMC, \u00d3scar Cueto.<\/p>\n","protected":false},"excerpt":{"rendered":"<p>Los responsables de la Uni\u00f3n Provincial y de las Federaciones se re\u00fanen con los representantes de FELE para sentar las bases de la relaci\u00f3n para los pr\u00f3ximos cuatro a\u00f1os La nueva ejecutiva de la Federaci\u00f3n Leonesa de Empresarios (FELE) y UGT Le\u00f3n han mantenido una reuni\u00f3n en la sede del sindicato como primera toma de [&hellip;]<\/p>\n","protected":false},"author":1,"featured_media":1137,"comment_status":"open","ping_status":"closed","sticky":false,"template":"","format":"standard","meta":{"_monsterinsights_skip_tracking":false,"_monsterinsights_sitenote_active":false,"_monsterinsights_sitenote_note":"","_monsterinsights_sitenote_category":0,"site-container-style":"default","site-container-layout":"default","site-sidebar-layout":"default","disable-article-header":"default","disable-site-header":"default","disable-site-footer":"default","disable-content-area-spacing":"default","_jetpack_memberships_contains_paid_content":false,"footnotes":"","jetpack_publicize_message":"","jetpack_publicize_feature_enabled":true,"jetpack_social_post_already_shared":false,"jetpack_social_options":{"image_generator_settings":{"template":"highway","default_image_id":0,"font":"","enabled":false},"version":2}},"categories":[7],"tags":[],"class_list":["post-1136","post","type-post","status-publish","format-standard","has-post-thumbnail","hentry","category-notas-de-prensa"],"jetpack_publicize_connections":[],"jetpack_featured_media_url":"https:\/\/987aldia.com\/web\/wp-content\/uploads\/2023\/05\/IMG_Reunion-UGT-FELE.jpeg","jetpack_sharing_enabled":true,"_links":{"self":[{"href":"https:\/\/987aldia.com\/web\/wp-json\/wp\/v2\/posts\/1136","targetHints":{"allow":["GET"]}}],"collection":[{"href":"https:\/\/987aldia.com\/web\/wp-json\/wp\/v2\/posts"}],"about":[{"href":"https:\/\/987aldia.com\/web\/wp-json\/wp\/v2\/types\/post"}],"author":[{"embeddable":true,"href":"https:\/\/987aldia.com\/web\/wp-json\/wp\/v2\/users\/1"}],"replies":[{"embeddable":true,"href":"https:\/\/987aldia.com\/web\/wp-json\/wp\/v2\/comments?post=1136"}],"version-history":[{"count":1,"href":"https:\/\/987aldia.com\/web\/wp-json\/wp\/v2\/posts\/1136\/revisions"}],"predecessor-version":[{"id":1138,"href":"https:\/\/987aldia.com\/web\/wp-json\/wp\/v2\/posts\/1136\/revisions\/1138"}],"wp:featuredmedia":[{"embeddable":true,"href":"https:\/\/987aldia.com\/web\/wp-json\/wp\/v2\/media\/1137"}],"wp:attachment":[{"href":"https:\/\/987aldia.com\/web\/wp-json\/wp\/v2\/media?parent=1136"}],"wp:term":[{"taxonomy":"category","embeddable":true,"href":"https:\/\/987aldia.com\/web\/wp-json\/wp\/v2\/categories?post=1136"},{"taxonomy":"post_tag","embeddable":true,"href":"https:\/\/987aldia.com\/web\/wp-json\/wp\/v2\/tags?post=1136"}],"curies":[{"name":"wp","href":"https:\/\/api.w.org\/{rel}","templated":true}]}}