{"id":1152,"date":"2023-05-23T10:12:02","date_gmt":"2023-05-23T10:12:02","guid":{"rendered":"https:\/\/987aldia.com\/web\/?p=1152"},"modified":"2023-05-25T10:15:18","modified_gmt":"2023-05-25T10:15:18","slug":"el-itacyl-organiza-la-mesa-redonda-conflictos-entre-roedores-y-humanos-en-el-siglo-xxi-proteccion-de-cultivos-y-salud-publica-para-estrechar-la-relacion-entre-ciencia-y-campo","status":"publish","type":"post","link":"https:\/\/987aldia.com\/web\/el-itacyl-organiza-la-mesa-redonda-conflictos-entre-roedores-y-humanos-en-el-siglo-xxi-proteccion-de-cultivos-y-salud-publica-para-estrechar-la-relacion-entre-ciencia-y-campo\/","title":{"rendered":"El ITACYL organiza la mesa redonda &#8216;Conflictos entre Roedores y Humanos en el siglo XXI: protecci\u00f3n de cultivos y salud p\u00fablica&#8217; para estrechar la relaci\u00f3n entre ciencia y campo"},"content":{"rendered":"\n<ul class=\"wp-block-list\">\n<li>Tendr\u00e1 lugar en el marco de la XVII Conferencia Internacional \u2018Rodens et Spatium\u2019 que se celebra en Valladolid hasta el d\u00eda 26 de mayo<\/li>\n\n\n\n<li>El Observatorio del Itacyl, dentro de sus actividades de vigilancia y monitorizaci\u00f3n de las plagas y enfermedades agr\u00edcolas, desarrolla un programa de seguimiento de las poblaciones de topillo campesino<\/li>\n<\/ul>\n\n\n\n<p>El Instituto Tecnol\u00f3gico Agrario de Castilla y Le\u00f3n (Itacyl),&nbsp;a trav\u00e9s de su Observatorio de plagas y enfermedades agr\u00edcolas, est\u00e1 participando en la XVII Conferencia Cient\u00edfica Internacional sobre roedores \u2018Rodens et Spatium\u2019 que se celebra en Valladolid hasta el pr\u00f3ximo viernes.<\/p>\n\n\n\n<p>El Itacyl ha presentado nueve contribuciones cient\u00edficas a este evento cient\u00edfico y no ha querido olvidar su misi\u00f3n de transferencia e interacci\u00f3n con el sector agrario, impulsando la organizaci\u00f3n de una mesa redonda espec\u00edfica, abierta a los distintos agentes involucrados en la problem\u00e1tica de las plagas de topillo campesino que c\u00edclicamente afectan al territorio agr\u00edcola de la Comunidad.<\/p>\n\n\n\n<p>Esta mesa redonda, que tendr\u00e1 lugar en el Paraninfo del Palacio Conde Ans\u00farez de Valladolid el pr\u00f3ximo mi\u00e9rcoles 24 de mayo en horario de 10:30 a 12:30, lleva por t\u00edtulo \u2018Conflictos entre roedores y humanos en el siglo XXI: protecci\u00f3n de cultivos y salud p\u00fablica\u2019. Moderada por Constantino Caminero (Itacyl) y Juan Jos\u00e9 Luque (Universidad de Valladolid), en su primera hora contar\u00e1 con una introducci\u00f3n a la problem\u00e1tica en distintas zonas europeas, en la que participar\u00e1n los expertos internacionales Fran\u00e7ois Mougeot (CSIC, Espa\u00f1a), Jens Jacob (Julius K\u00fchn-Institut, Alemania) y Patrick Giraudoux (Universidad de Franche-Comt\u00e9, Francia). En la segunda hora se abrir\u00e1 el turno para el debate con los asistentes.<\/p>\n\n\n\n<p>Esta jornada permitir\u00e1 un acercamiento a los \u00faltimos conocimientos y es una buena &nbsp;oportunidad para que el mundo cient\u00edfico conozca de primera mano la situaci\u00f3n existente en Castilla y Le\u00f3n.<\/p>\n\n\n\n<p><strong>Topillo campesino<\/strong><\/p>\n\n\n\n<p>Los roedores constituyen mundialmente la fracci\u00f3n m\u00e1s importante de biodiversidad en cuanto a mam\u00edferos se refiere: una de cada tres especies conocidas es un roedor. Su relevancia para los ecosistemas es incomparable: se han adaptado para vivir en pr\u00e1cticamente cualquier parte desempe\u00f1ando, por ejemplo, papeles clave como consumidores de plantas.<\/p>\n\n\n\n<p>Por este hecho, cuando est\u00e1n vinculados a territorios agr\u00edcolas, ocasionan irremediablemente conflictos con los intereses productivos. Asimismo, son el grupo hu\u00e9sped de mam\u00edferos m\u00e1s importante para numerosos vectores y enfermedades de riesgo para la salud p\u00fablica. Con estos antecedentes, resulta evidente el inter\u00e9s de la ciencia en avanzar en el conocimiento sobre la biolog\u00eda de estas especies, siendo la conferencia internacional \u2018Rodens et Spatium\u2019, en la que se han dado cita m\u00e1s de cien expertos de los cinco continentes, el mejor marco para actualizar dicho conocimiento.<\/p>\n\n\n\n<p>Castilla y Le\u00f3n no es ajena a esta problem\u00e1tica, pues en su territorio agr\u00edcola habita el topillo campesino, un roedor con unas excepcionales caracter\u00edsticas reproductivas. De forma natural y con car\u00e1cter c\u00edclico experimenta episodios de explosiones demogr\u00e1ficas que ocasionan tanto situaciones de riesgo para los cultivos como para la salud de la poblaci\u00f3n.<\/p>\n\n\n\n<p><strong>Seguimiento de las poblaciones<\/strong><\/p>\n\n\n\n<p>El Observatorio del Itacyl, dentro de sus actividades de vigilancia y monitorizaci\u00f3n de las plagas y enfermedades agr\u00edcolas, desarrolla un programa de seguimiento de las poblaciones de este roedor. Este programa est\u00e1 orientado a la detecci\u00f3n de situaciones de riesgo, como herramienta b\u00e1sica para los procesos de toma de decisi\u00f3n dentro de la Estrategia de Gesti\u00f3n Integrada de topillo campesino en Castilla y Le\u00f3n.<\/p>\n\n\n\n<p>Adem\u00e1s, participa y financia, junto a las diputaciones provinciales de Palencia y Valladolid, un proyecto de investigaci\u00f3n orientada a la mejora de las pr\u00e1cticas aplicables en la defensa de los cultivos frente a este roedor, proyecto en el que tambi\u00e9n est\u00e1n involucrados grupos investigadores de otras entidades como las universidades de Valladolid y de Salamanca.<\/p>\n\n\n\n<p>Los primeros resultados de este proyecto conforman parte de las nueve contribuciones cient\u00edficas con las que el Itacyl contribuye a esta Conferencia Internacional, organizada por la Universidad de Valladolid a trav\u00e9s de su Fundaci\u00f3n General.<\/p>\n","protected":false},"excerpt":{"rendered":"<p>El Instituto Tecnol\u00f3gico Agrario de Castilla y Le\u00f3n (Itacyl),&nbsp;a trav\u00e9s de su Observatorio de plagas y enfermedades agr\u00edcolas, est\u00e1 participando en la XVII Conferencia Cient\u00edfica Internacional sobre roedores \u2018Rodens et Spatium\u2019 que se celebra en Valladolid hasta el pr\u00f3ximo viernes. El Itacyl ha presentado nueve contribuciones cient\u00edficas a este evento cient\u00edfico y no ha querido [&hellip;]<\/p>\n","protected":false},"author":1,"featured_media":1153,"comment_status":"open","ping_status":"closed","sticky":false,"template":"","format":"standard","meta":{"_monsterinsights_skip_tracking":false,"_monsterinsights_sitenote_active":false,"_monsterinsights_sitenote_note":"","_monsterinsights_sitenote_category":0,"site-container-style":"default","site-container-layout":"default","site-sidebar-layout":"default","disable-article-header":"default","disable-site-header":"default","disable-site-footer":"default","disable-content-area-spacing":"default","_jetpack_memberships_contains_paid_content":false,"footnotes":"","jetpack_publicize_message":"","jetpack_publicize_feature_enabled":true,"jetpack_social_post_already_shared":false,"jetpack_social_options":{"image_generator_settings":{"template":"highway","default_image_id":0,"font":"","enabled":false},"version":2}},"categories":[1],"tags":[],"class_list":["post-1152","post","type-post","status-publish","format-standard","has-post-thumbnail","hentry","category-uncategorized"],"jetpack_publicize_connections":[],"jetpack_featured_media_url":"https:\/\/987aldia.com\/web\/wp-content\/uploads\/2023\/05\/primer-plano-botanico-que-inyecta-fertilizante-nutricional-mientras-trabaja-vivero-plantas.jpg","jetpack_sharing_enabled":true,"_links":{"self":[{"href":"https:\/\/987aldia.com\/web\/wp-json\/wp\/v2\/posts\/1152","targetHints":{"allow":["GET"]}}],"collection":[{"href":"https:\/\/987aldia.com\/web\/wp-json\/wp\/v2\/posts"}],"about":[{"href":"https:\/\/987aldia.com\/web\/wp-json\/wp\/v2\/types\/post"}],"author":[{"embeddable":true,"href":"https:\/\/987aldia.com\/web\/wp-json\/wp\/v2\/users\/1"}],"replies":[{"embeddable":true,"href":"https:\/\/987aldia.com\/web\/wp-json\/wp\/v2\/comments?post=1152"}],"version-history":[{"count":1,"href":"https:\/\/987aldia.com\/web\/wp-json\/wp\/v2\/posts\/1152\/revisions"}],"predecessor-version":[{"id":1154,"href":"https:\/\/987aldia.com\/web\/wp-json\/wp\/v2\/posts\/1152\/revisions\/1154"}],"wp:featuredmedia":[{"embeddable":true,"href":"https:\/\/987aldia.com\/web\/wp-json\/wp\/v2\/media\/1153"}],"wp:attachment":[{"href":"https:\/\/987aldia.com\/web\/wp-json\/wp\/v2\/media?parent=1152"}],"wp:term":[{"taxonomy":"category","embeddable":true,"href":"https:\/\/987aldia.com\/web\/wp-json\/wp\/v2\/categories?post=1152"},{"taxonomy":"post_tag","embeddable":true,"href":"https:\/\/987aldia.com\/web\/wp-json\/wp\/v2\/tags?post=1152"}],"curies":[{"name":"wp","href":"https:\/\/api.w.org\/{rel}","templated":true}]}}