{"id":1155,"date":"2023-05-23T10:15:33","date_gmt":"2023-05-23T10:15:33","guid":{"rendered":"https:\/\/987aldia.com\/web\/?p=1155"},"modified":"2023-05-25T10:18:22","modified_gmt":"2023-05-25T10:18:22","slug":"la-junta-apoyara-las-labores-de-cooperacion-al-desarrollo-de-las-universidades-publicas-de-castilla-y-leon","status":"publish","type":"post","link":"https:\/\/987aldia.com\/web\/la-junta-apoyara-las-labores-de-cooperacion-al-desarrollo-de-las-universidades-publicas-de-castilla-y-leon\/","title":{"rendered":"La Junta apoyar\u00e1 las labores de Cooperaci\u00f3n al Desarrollo de las Universidades P\u00fablicas de Castilla y Le\u00f3n"},"content":{"rendered":"\n<h2 class=\"wp-block-heading\"><strong>La Consejer\u00eda de la Presidencia suscribir\u00e1 pr\u00f3ximamente convenios con las cuatro universidades p\u00fablicas de la Comunidad para desarrollar acciones de colaboraci\u00f3n en relaci\u00f3n a esta materia.<\/strong><\/h2>\n\n\n\n<p>El consejero de la Presidencia, Luis Miguel Gonz\u00e1lez Gago, ha anunciado hoy, en la inauguraci\u00f3n de las XIX Jornadas de Internacionalizaci\u00f3n y Cooperaci\u00f3n de la Conferencia de Rectores de las Universidades Espa\u00f1olas, la firma&nbsp;de convenios con las cuatro universidades p\u00fablicas de Castilla y Le\u00f3n para desarrollar acciones de colaboraci\u00f3n en esta materia.<\/p>\n\n\n\n<p>Gonz\u00e1lez Gago ha manifestado su satisfacci\u00f3n por participar en estas jornadas, que se desarrollan en la ciudad de Le\u00f3n durante hoy y ma\u00f1ana, ya que se trata de su primer acto institucional como consejero de la Presidencia. All\u00ed ha agradecido la invitaci\u00f3n de la Universidad de Le\u00f3n y de la Conferencia de Rectores de las Universidades por tratarse de un alto foro de conocimiento,<\/p>\n\n\n\n<p>El consejero, adem\u00e1s, ha se\u00f1alado que \u201cla universidad ha de contribuir a la evoluci\u00f3n y al progreso de la sociedad actual y futura, a trav\u00e9s de la mejora de la educaci\u00f3n superior, la investigaci\u00f3n cient\u00edfica y la transferencia del conocimiento, en un momento en el que se est\u00e1 definiendo lo que va a ser la Universidad europea del siglo XXI\u201d.<\/p>\n\n\n\n<p><strong>Internacionalizaci\u00f3n<\/strong><\/p>\n\n\n\n<p>Desde el punto de vista de la internacionalizaci\u00f3n, Gonz\u00e1lez Gago ha remarcado que \u201cCastilla y Le\u00f3n cuenta con un sistema universitario exitoso por el nivel de captaci\u00f3n de estudiantes extranjeros, sobre todo de Latinoam\u00e9rica o los EEUU, con un intercambio fluido y bidireccional de alumnos y profesores\u201d.<\/p>\n\n\n\n<p>En este sentido, ha se\u00f1alado que \u201cen las universidades p\u00fablicas de Castilla y Le\u00f3n contamos con unas titulaciones atractivas, con docentes de excelencia, y con un sistema de investigaci\u00f3n y transferencia de vanguardia, posicionado en Europa y a nivel internacional y conectado con las necesidades sociales y de la industria\u201d.<\/p>\n\n\n\n<p>Asimismo, el consejero ha significado la labor que desempe\u00f1a en esta materia la Asociaci\u00f3n Universitaria Iberoamericana de Postgrado, en la que participan la Junta de Castilla y Le\u00f3n y varias universidades de la Comunidad, entre ellas la Universidad de Le\u00f3n. Igualmente, ha destacado que \u201cla Junta suscribir\u00e1 un convenio con cada una de las cuatro universidades p\u00fablicas de Castilla y Le\u00f3n cuya finalidad principal ser\u00e1 contribuir a la difusi\u00f3n y conocimiento de la acci\u00f3n exterior y asuntos europeos entre la comunidad universitaria mediante un programa de actividades\u201d.<\/p>\n\n\n\n<p><strong>Cooperaci\u00f3n al desarrollo<\/strong><\/p>\n\n\n\n<p>La universidad, como instituci\u00f3n, tiene la responsabilidad de formar ciudadanos, pensando no solo en su mejor integraci\u00f3n en el mercado de trabajo, por medio de formaci\u00f3n especializada, sino que tambi\u00e9n puede y debe contribuir a su formaci\u00f3n como personas responsables con los problemas y desaf\u00edos que afectan al mundo.<\/p>\n\n\n\n<p>Por ello, el consejero de la Presidencia ha incidido en que \u201clas universidades son actores esenciales de la cooperaci\u00f3n al desarrollo, y as\u00ed se reconocen en la Ley de Cooperaci\u00f3n de Castilla y Le\u00f3n de 2006, donde se contempla su participaci\u00f3n como parte activa del Consejo de Cooperaci\u00f3n para el Desarrollo auton\u00f3mico, transmitiendo valores como la tolerancia, el respeto a la diversidad, la riqueza de la interculturalidad o la democracia.<\/p>\n\n\n\n<p>Es en estos centros universitarios donde se trabaja en sectores como la transferencia de conocimiento y tecnolog\u00eda adaptados a las condiciones locales, la investigaci\u00f3n para el desarrollo, o la educaci\u00f3n y sensibilizaci\u00f3n social para el desarrollo, entre otras.<\/p>\n\n\n\n<p>En este sentido, de forma espec\u00edfica, Gonz\u00e1lez Gago ha remarcado que \u201cel IV Plan Director de Cooperaci\u00f3n para el Desarrollo de Castilla y Le\u00f3n 2023-2026, aprobado recientemente, incorpora un nuevo programa de apoyo a la cooperaci\u00f3n universitaria al desarrollo, en el que destacan las medidas de fomento del voluntariado dentro de la comunidad universitaria, participando en estancias en el terreno en determinados proyectos, y el desarrollo de la investigaci\u00f3n y estudios en esta materia\u201d.<\/p>\n\n\n\n<p>Para el desarrollo de dichas medidas, ha anunciado que, en pr\u00f3ximas fechas, la Consejer\u00eda de la Presidencia suscribir\u00e1 un convenio de colaboraci\u00f3n con las cuatro universidades p\u00fablicas de Castilla y Le\u00f3n en materia de Cooperaci\u00f3n para el Desarrollo, con la correspondiente financiaci\u00f3n.<\/p>\n","protected":false},"excerpt":{"rendered":"<p>La Consejer\u00eda de la Presidencia suscribir\u00e1 pr\u00f3ximamente convenios con las cuatro universidades p\u00fablicas de la Comunidad para desarrollar acciones de colaboraci\u00f3n en relaci\u00f3n a esta materia. El consejero de la Presidencia, Luis Miguel Gonz\u00e1lez Gago, ha anunciado hoy, en la inauguraci\u00f3n de las XIX Jornadas de Internacionalizaci\u00f3n y Cooperaci\u00f3n de la Conferencia de Rectores de [&hellip;]<\/p>\n","protected":false},"author":1,"featured_media":1156,"comment_status":"open","ping_status":"closed","sticky":false,"template":"","format":"standard","meta":{"_monsterinsights_skip_tracking":false,"_monsterinsights_sitenote_active":false,"_monsterinsights_sitenote_note":"","_monsterinsights_sitenote_category":0,"site-container-style":"default","site-container-layout":"default","site-sidebar-layout":"default","disable-article-header":"default","disable-site-header":"default","disable-site-footer":"default","disable-content-area-spacing":"default","_jetpack_memberships_contains_paid_content":false,"footnotes":"","jetpack_publicize_message":"","jetpack_publicize_feature_enabled":true,"jetpack_social_post_already_shared":false,"jetpack_social_options":{"image_generator_settings":{"template":"highway","default_image_id":0,"font":"","enabled":false},"version":2}},"categories":[10],"tags":[],"class_list":["post-1155","post","type-post","status-publish","format-standard","has-post-thumbnail","hentry","category-castilla-y-leon"],"jetpack_publicize_connections":[],"jetpack_featured_media_url":"https:\/\/987aldia.com\/web\/wp-content\/uploads\/2023\/05\/resumen-desenfoque-defocused-estanteria-biblioteca.jpg","jetpack_sharing_enabled":true,"_links":{"self":[{"href":"https:\/\/987aldia.com\/web\/wp-json\/wp\/v2\/posts\/1155","targetHints":{"allow":["GET"]}}],"collection":[{"href":"https:\/\/987aldia.com\/web\/wp-json\/wp\/v2\/posts"}],"about":[{"href":"https:\/\/987aldia.com\/web\/wp-json\/wp\/v2\/types\/post"}],"author":[{"embeddable":true,"href":"https:\/\/987aldia.com\/web\/wp-json\/wp\/v2\/users\/1"}],"replies":[{"embeddable":true,"href":"https:\/\/987aldia.com\/web\/wp-json\/wp\/v2\/comments?post=1155"}],"version-history":[{"count":1,"href":"https:\/\/987aldia.com\/web\/wp-json\/wp\/v2\/posts\/1155\/revisions"}],"predecessor-version":[{"id":1157,"href":"https:\/\/987aldia.com\/web\/wp-json\/wp\/v2\/posts\/1155\/revisions\/1157"}],"wp:featuredmedia":[{"embeddable":true,"href":"https:\/\/987aldia.com\/web\/wp-json\/wp\/v2\/media\/1156"}],"wp:attachment":[{"href":"https:\/\/987aldia.com\/web\/wp-json\/wp\/v2\/media?parent=1155"}],"wp:term":[{"taxonomy":"category","embeddable":true,"href":"https:\/\/987aldia.com\/web\/wp-json\/wp\/v2\/categories?post=1155"},{"taxonomy":"post_tag","embeddable":true,"href":"https:\/\/987aldia.com\/web\/wp-json\/wp\/v2\/tags?post=1155"}],"curies":[{"name":"wp","href":"https:\/\/api.w.org\/{rel}","templated":true}]}}