{"id":11587,"date":"2026-03-04T09:01:11","date_gmt":"2026-03-04T08:01:11","guid":{"rendered":"https:\/\/987aldia.com\/web\/alerta-por-intrusion-de-polvo-africano-en-castilla-y-leon-hasta-el-5-de-marzo\/"},"modified":"2026-03-04T09:01:11","modified_gmt":"2026-03-04T08:01:11","slug":"alerta-por-intrusion-de-polvo-africano-en-castilla-y-leon-hasta-el-5-de-marzo","status":"publish","type":"post","link":"https:\/\/987aldia.com\/web\/alerta-por-intrusion-de-polvo-africano-en-castilla-y-leon-hasta-el-5-de-marzo\/","title":{"rendered":"Alerta por Intrusi\u00f3n de Polvo Africano en Castilla y Le\u00f3n hasta el 5 de Marzo"},"content":{"rendered":"<p>La Consejer\u00eda de Medio Ambiente, Vivienda y Ordenaci\u00f3n del Territorio de Castilla y Le\u00f3n ha emitido una alerta debido a la continuaci\u00f3n de un episodio de intrusi\u00f3n de part\u00edculas de polvo procedentes del norte de \u00c1frica. Este fen\u00f3meno, que comenz\u00f3 el 24 de febrero, se prev\u00e9 que dure hasta el jueves 5 de marzo de 2026, afectando a todo el territorio de la comunidad aut\u00f3noma.<\/p>\n<p>Los modelos de predicci\u00f3n indican que las concentraciones de estas part\u00edculas podr\u00edan superar los niveles recomendados, alcanzando valores por encima de 50 \u00b5g\/m3 como media m\u00f3vil de 24 horas, lo que podr\u00eda deteriorar la calidad del aire significativamente. Este proceso es natural y no puede ser intervenido por el ser humano, pero se pueden tomar medidas de precauci\u00f3n para minimizar la exposici\u00f3n.<\/p>\n<p>La Consejer\u00eda ha emitido recomendaciones espec\u00edficas para la poblaci\u00f3n, especialmente para aquellos en grupos de riesgo o con condiciones de salud preexistentes. En caso de que los niveles de part\u00edculas no sean muy elevados, se aconseja evitar actividades f\u00edsicas intensas al aire libre para minimizar el riesgo de s\u00edntomas como irritaci\u00f3n de garganta, fatiga o palpitaciones. Sin embargo, si los niveles son m\u00e1s altos, las personas con enfermedades respiratorias o cardiovasculares deben evitar por completo las actividades al aire libre.<\/p>\n<p>Dado que la magnitud de la intrusi\u00f3n puede variar durante el d\u00eda, se recomienda a las personas que consulten regularmente las actualizaciones sobre la calidad del aire a trav\u00e9s de las p\u00e1ginas web oficiales proporcionadas por la Consejer\u00eda. Adem\u00e1s, se aconseja evitar actividades que puedan aumentar la concentraci\u00f3n de part\u00edculas en el aire, como la quema de restos vegetales.<\/p>\n<p>La Consejer\u00eda de Medio Ambiente, Vivienda y Ordenaci\u00f3n del Territorio continuar\u00e1 monitoreando la situaci\u00f3n y proporcionar\u00e1 actualizaciones a medida que se disponga de nueva informaci\u00f3n. Los ciudadanos pueden consultar los datos de calidad del aire en tiempo real a trav\u00e9s de los servicios en l\u00ednea proporcionados por la Consejer\u00eda, el Ministerio para la Transici\u00f3n Ecol\u00f3gica y la Agencia Europea del Medio Ambiente.<\/p>\n<p>Este episodio resalta la importancia de estar atentos a las condiciones ambientales y seguir las recomendaciones de las autoridades para proteger la salud p\u00fablica, especialmente en situaciones de contaminaci\u00f3n atmosf\u00e9rica elevada.<\/p>\n","protected":false},"excerpt":{"rendered":"<p>La Junta recomienda precauciones ante el aumento de part\u00edculas en el aire.<\/p>\n","protected":false},"author":1,"featured_media":11588,"comment_status":"open","ping_status":"closed","sticky":false,"template":"","format":"standard","meta":{"_monsterinsights_skip_tracking":false,"_monsterinsights_sitenote_active":false,"_monsterinsights_sitenote_note":"","_monsterinsights_sitenote_category":0,"site-container-style":"default","site-container-layout":"default","site-sidebar-layout":"default","disable-article-header":"default","disable-site-header":"default","disable-site-footer":"default","disable-content-area-spacing":"default","_jetpack_memberships_contains_paid_content":false,"footnotes":"","jetpack_publicize_message":"","jetpack_publicize_feature_enabled":true,"jetpack_social_post_already_shared":true,"jetpack_social_options":{"image_generator_settings":{"template":"highway","default_image_id":0,"font":"","enabled":false},"version":2}},"categories":[1],"tags":[],"class_list":["post-11587","post","type-post","status-publish","format-standard","has-post-thumbnail","hentry","category-uncategorized"],"jetpack_publicize_connections":[],"jetpack_featured_media_url":"https:\/\/987aldia.com\/web\/wp-content\/uploads\/2026\/03\/especialidad_article_20260304_075816_vmtIPj.png","jetpack_sharing_enabled":true,"_links":{"self":[{"href":"https:\/\/987aldia.com\/web\/wp-json\/wp\/v2\/posts\/11587","targetHints":{"allow":["GET"]}}],"collection":[{"href":"https:\/\/987aldia.com\/web\/wp-json\/wp\/v2\/posts"}],"about":[{"href":"https:\/\/987aldia.com\/web\/wp-json\/wp\/v2\/types\/post"}],"author":[{"embeddable":true,"href":"https:\/\/987aldia.com\/web\/wp-json\/wp\/v2\/users\/1"}],"replies":[{"embeddable":true,"href":"https:\/\/987aldia.com\/web\/wp-json\/wp\/v2\/comments?post=11587"}],"version-history":[{"count":0,"href":"https:\/\/987aldia.com\/web\/wp-json\/wp\/v2\/posts\/11587\/revisions"}],"wp:featuredmedia":[{"embeddable":true,"href":"https:\/\/987aldia.com\/web\/wp-json\/wp\/v2\/media\/11588"}],"wp:attachment":[{"href":"https:\/\/987aldia.com\/web\/wp-json\/wp\/v2\/media?parent=11587"}],"wp:term":[{"taxonomy":"category","embeddable":true,"href":"https:\/\/987aldia.com\/web\/wp-json\/wp\/v2\/categories?post=11587"},{"taxonomy":"post_tag","embeddable":true,"href":"https:\/\/987aldia.com\/web\/wp-json\/wp\/v2\/tags?post=11587"}],"curies":[{"name":"wp","href":"https:\/\/api.w.org\/{rel}","templated":true}]}}