{"id":11592,"date":"2026-03-04T11:35:05","date_gmt":"2026-03-04T10:35:05","guid":{"rendered":"https:\/\/987aldia.com\/web\/el-partido-popular-de-castilla-y-leon-presenta-su-vision-para-el-futuro\/"},"modified":"2026-03-04T11:35:05","modified_gmt":"2026-03-04T10:35:05","slug":"el-partido-popular-de-castilla-y-leon-presenta-su-vision-para-el-futuro","status":"publish","type":"post","link":"https:\/\/987aldia.com\/web\/el-partido-popular-de-castilla-y-leon-presenta-su-vision-para-el-futuro\/","title":{"rendered":"El Partido Popular de Castilla y Le\u00f3n presenta su visi\u00f3n para el futuro"},"content":{"rendered":"<p>Vivimos tiempos donde la pol\u00edtica parece haberse convertido en un espect\u00e1culo de esc\u00e1ndalos y de ruido. Ruido de frases vac\u00edas, de titulares que duran un minuto y no cambian nada. Ruido que confunde el movimiento con el progreso y el aplauso con el resultado.<\/p>\n<p>Mientras algunos partidos prefieren el ruido porque protege la inacci\u00f3n y disfraza la falta de proyecto pol\u00edtico, en el Partido Popular de Castilla y Le\u00f3n creemos en la pol\u00edtica que cambia vidas, en la pol\u00edtica que deja huella. Creemos en la pol\u00edtica que mira al futuro con serenidad y con fe en todo lo que podemos lograr juntos. Porque tenemos la obligaci\u00f3n, y tambi\u00e9n la oportunidad, de ofrecer a las personas de nuestra tierra algo distinto.<\/p>\n<p>Durante estos a\u00f1os al frente de la Junta de Castilla y Le\u00f3n nuestra comunidad ha dado pasos de gigante. Hemos puesto en valor lo que significa gobernar y gestionar con eficacia los asuntos p\u00fablicos. Lo hemos hecho, lo sabemos hacer y queremos seguir haci\u00e9ndolo. Es un ejercicio de responsabilidad pol\u00edtica y de compromiso con nuestra tierra. Y todo con un \u00fanico prop\u00f3sito: servir a las personas de Castilla y Le\u00f3n y mejorar su realidad d\u00eda a d\u00eda.<\/p>\n<p>Ahora es el momento de dar un paso m\u00e1s y defender los logros que hemos conseguido entre todos, mirando al futuro. Poniendo en valor la buena gesti\u00f3n y los resultados de estos a\u00f1os de gobierno del Partido Popular en Castilla y Le\u00f3n, que nos hacen estar hoy en los puestos de cabeza de toda Espa\u00f1a en educaci\u00f3n, servicios sociales, atenci\u00f3n a la dependencia o sanidad. Queremos seguir creciendo y hacer crecer a Espa\u00f1a desde Castilla y Le\u00f3n, con nuestros principios y convicciones y preservando la esencia de lo que realmente somos: Castilla y Le\u00f3n, el coraz\u00f3n de Espa\u00f1a.<\/p>\n<p>En las siguientes p\u00e1ginas detallamos cu\u00e1les son los desaf\u00edos que tenemos por delante y las l\u00edneas de trabajo que componen el Programa Electoral 2026 del Partido Popular para Castilla y Le\u00f3n. Un programa que refleja una visi\u00f3n estrat\u00e9gica compartida entre las distintas pol\u00edticas p\u00fablicas para alcanzar una ambiciosa meta: situar a Castilla y Le\u00f3n entre las tres mejores comunidades aut\u00f3nomas de Espa\u00f1a para vivir, para trabajar, para invertir, para emprender y para formar una familia.<\/p>\n<p>Presentamos para ello un modelo de trabajo contrastado, basado en el esfuerzo, la gesti\u00f3n eficaz, la utilidad a las personas de Castilla y Le\u00f3n, el di\u00e1logo con las entidades de la sociedad civil y el orgullo colectivo de contribuir, desde nuestra vocaci\u00f3n pol\u00edtica, al progreso de Espa\u00f1a y de Europa.<\/p>\n<p>Todo ello, para seguir demostrando que el Partido Popular no solo gestiona con eficacia, sino que lidera y abanderar\u00e1 el mejor futuro para las personas de Castilla y Le\u00f3n. Y con el deseo de que los castellanos y leoneses, protagonistas de ese futuro, sigan confiando en nosotros como nosotros confiamos en ellos.<\/p>\n<p>Alfonso Fern\u00e1ndez Ma\u00f1ueco<\/p>\n","protected":false},"excerpt":{"rendered":"<p>Alfonso Fern\u00e1ndez Ma\u00f1ueco destaca los logros y objetivos del partido en la regi\u00f3n<\/p>\n","protected":false},"author":1,"featured_media":11593,"comment_status":"open","ping_status":"closed","sticky":false,"template":"","format":"standard","meta":{"_monsterinsights_skip_tracking":false,"_monsterinsights_sitenote_active":false,"_monsterinsights_sitenote_note":"","_monsterinsights_sitenote_category":0,"site-container-style":"default","site-container-layout":"default","site-sidebar-layout":"default","disable-article-header":"default","disable-site-header":"default","disable-site-footer":"default","disable-content-area-spacing":"default","_jetpack_memberships_contains_paid_content":false,"footnotes":"","jetpack_publicize_message":"","jetpack_publicize_feature_enabled":true,"jetpack_social_post_already_shared":true,"jetpack_social_options":{"image_generator_settings":{"template":"highway","default_image_id":0,"font":"","enabled":false},"version":2}},"categories":[1],"tags":[],"class_list":["post-11592","post","type-post","status-publish","format-standard","has-post-thumbnail","hentry","category-uncategorized"],"jetpack_publicize_connections":[],"jetpack_featured_media_url":"https:\/\/987aldia.com\/web\/wp-content\/uploads\/2026\/03\/articulo_20260304_103456_CWNf29.png","jetpack_sharing_enabled":true,"_links":{"self":[{"href":"https:\/\/987aldia.com\/web\/wp-json\/wp\/v2\/posts\/11592","targetHints":{"allow":["GET"]}}],"collection":[{"href":"https:\/\/987aldia.com\/web\/wp-json\/wp\/v2\/posts"}],"about":[{"href":"https:\/\/987aldia.com\/web\/wp-json\/wp\/v2\/types\/post"}],"author":[{"embeddable":true,"href":"https:\/\/987aldia.com\/web\/wp-json\/wp\/v2\/users\/1"}],"replies":[{"embeddable":true,"href":"https:\/\/987aldia.com\/web\/wp-json\/wp\/v2\/comments?post=11592"}],"version-history":[{"count":0,"href":"https:\/\/987aldia.com\/web\/wp-json\/wp\/v2\/posts\/11592\/revisions"}],"wp:featuredmedia":[{"embeddable":true,"href":"https:\/\/987aldia.com\/web\/wp-json\/wp\/v2\/media\/11593"}],"wp:attachment":[{"href":"https:\/\/987aldia.com\/web\/wp-json\/wp\/v2\/media?parent=11592"}],"wp:term":[{"taxonomy":"category","embeddable":true,"href":"https:\/\/987aldia.com\/web\/wp-json\/wp\/v2\/categories?post=11592"},{"taxonomy":"post_tag","embeddable":true,"href":"https:\/\/987aldia.com\/web\/wp-json\/wp\/v2\/tags?post=11592"}],"curies":[{"name":"wp","href":"https:\/\/api.w.org\/{rel}","templated":true}]}}