{"id":11594,"date":"2026-03-05T09:48:10","date_gmt":"2026-03-05T08:48:10","guid":{"rendered":"https:\/\/987aldia.com\/web\/junta-y-azucarera-impulsan-el-desarrollo-industrial-en-la-baneza\/"},"modified":"2026-03-05T09:48:10","modified_gmt":"2026-03-05T08:48:10","slug":"junta-y-azucarera-impulsan-el-desarrollo-industrial-en-la-baneza","status":"publish","type":"post","link":"https:\/\/987aldia.com\/web\/junta-y-azucarera-impulsan-el-desarrollo-industrial-en-la-baneza\/","title":{"rendered":"Junta y Azucarera impulsan el desarrollo industrial en La Ba\u00f1eza"},"content":{"rendered":"<p>El presidente de la Junta de Castilla y Le\u00f3n, Alfonso Fern\u00e1ndez Ma\u00f1ueco, anunci\u00f3 este martes un acuerdo con la empresa Azucarera para intensificar el trabajo conjunto y fortalecer las operaciones en Toro y Benavente (Zamora), as\u00ed como en Miranda de Ebro (Burgos). Adem\u00e1s, se discutieron planes para promover proyectos industriales en La Ba\u00f1eza, donde se ha decidido el cierre de la factor\u00eda.<\/p>\n<p>En un acto de campa\u00f1a para las elecciones del 15 de marzo, Fern\u00e1ndez Ma\u00f1ueco destac\u00f3 la importancia de mantener el compromiso con el sector agr\u00edcola. La reuni\u00f3n se llev\u00f3 a cabo con el nuevo consejero delegado de Azucarera, Pablo Puerta Vizca\u00edno, en la sede de la Presidencia de la Junta en Valladolid.<\/p>\n<p>Durante el encuentro, se abord\u00f3 la necesidad de reforzar las estructuras vinculadas a la industria azucarera y el compromiso con los productores locales. Ma\u00f1ueco enfatiz\u00f3 que la nueva direcci\u00f3n de Azucarera est\u00e1 trabajando para reforzar el cultivo y apoyar a los agricultores y ganaderos de la regi\u00f3n.<\/p>\n<p>El nuevo consejero delegado, Pablo Puerta Vizca\u00edno, quien recientemente ha regresado a Espa\u00f1a tras ocupar un puesto en British Sugar, expres\u00f3 su intenci\u00f3n de tomar las riendas de la empresa en Espa\u00f1a y fortalecer su presencia en el mercado.<\/p>\n<p>La reuni\u00f3n tambi\u00e9n cont\u00f3 con la participaci\u00f3n de otros altos cargos, como Jes\u00fas Fern\u00e1ndez Carriedo, titular de Agricultura, Ganader\u00eda y Desarrollo Rural, y Mar\u00eda Gonz\u00e1lez Corral, directora de Relaciones Institucionales de Azucarera.<\/p>\n<p>Este acuerdo se enmarca dentro de una estrategia m\u00e1s amplia para revitalizar el sector industrial en Castilla y Le\u00f3n, asegurando el desarrollo sostenible y la competitividad del sector azucarero en la regi\u00f3n.<\/p>\n","protected":false},"excerpt":{"rendered":"<p>Acuerdo entre la Junta de Castilla y Le\u00f3n y Azucarera para fortalecer el sector agr\u00edcola e industrial.<\/p>\n","protected":false},"author":1,"featured_media":11595,"comment_status":"open","ping_status":"closed","sticky":false,"template":"","format":"standard","meta":{"_monsterinsights_skip_tracking":false,"_monsterinsights_sitenote_active":false,"_monsterinsights_sitenote_note":"","_monsterinsights_sitenote_category":0,"site-container-style":"default","site-container-layout":"default","site-sidebar-layout":"default","disable-article-header":"default","disable-site-header":"default","disable-site-footer":"default","disable-content-area-spacing":"default","_jetpack_memberships_contains_paid_content":false,"footnotes":"","jetpack_publicize_message":"","jetpack_publicize_feature_enabled":true,"jetpack_social_post_already_shared":true,"jetpack_social_options":{"image_generator_settings":{"template":"highway","default_image_id":0,"font":"","enabled":false},"version":2}},"categories":[1],"tags":[],"class_list":["post-11594","post","type-post","status-publish","format-standard","has-post-thumbnail","hentry","category-uncategorized"],"jetpack_publicize_connections":[],"jetpack_featured_media_url":"https:\/\/987aldia.com\/web\/wp-content\/uploads\/2026\/03\/whatsapp_article_20260305_084614_HwD0Sp.png","jetpack_sharing_enabled":true,"_links":{"self":[{"href":"https:\/\/987aldia.com\/web\/wp-json\/wp\/v2\/posts\/11594","targetHints":{"allow":["GET"]}}],"collection":[{"href":"https:\/\/987aldia.com\/web\/wp-json\/wp\/v2\/posts"}],"about":[{"href":"https:\/\/987aldia.com\/web\/wp-json\/wp\/v2\/types\/post"}],"author":[{"embeddable":true,"href":"https:\/\/987aldia.com\/web\/wp-json\/wp\/v2\/users\/1"}],"replies":[{"embeddable":true,"href":"https:\/\/987aldia.com\/web\/wp-json\/wp\/v2\/comments?post=11594"}],"version-history":[{"count":0,"href":"https:\/\/987aldia.com\/web\/wp-json\/wp\/v2\/posts\/11594\/revisions"}],"wp:featuredmedia":[{"embeddable":true,"href":"https:\/\/987aldia.com\/web\/wp-json\/wp\/v2\/media\/11595"}],"wp:attachment":[{"href":"https:\/\/987aldia.com\/web\/wp-json\/wp\/v2\/media?parent=11594"}],"wp:term":[{"taxonomy":"category","embeddable":true,"href":"https:\/\/987aldia.com\/web\/wp-json\/wp\/v2\/categories?post=11594"},{"taxonomy":"post_tag","embeddable":true,"href":"https:\/\/987aldia.com\/web\/wp-json\/wp\/v2\/tags?post=11594"}],"curies":[{"name":"wp","href":"https:\/\/api.w.org\/{rel}","templated":true}]}}