{"id":11596,"date":"2026-03-05T11:08:02","date_gmt":"2026-03-05T10:08:02","guid":{"rendered":"https:\/\/987aldia.com\/web\/proponen-conectar-los-poligonos-industriales-con-el-aeropuerto-de-leon\/"},"modified":"2026-03-05T11:08:02","modified_gmt":"2026-03-05T10:08:02","slug":"proponen-conectar-los-poligonos-industriales-con-el-aeropuerto-de-leon","status":"publish","type":"post","link":"https:\/\/987aldia.com\/web\/proponen-conectar-los-poligonos-industriales-con-el-aeropuerto-de-leon\/","title":{"rendered":"Proponen conectar los pol\u00edgonos industriales con el aeropuerto de Le\u00f3n"},"content":{"rendered":"<p>En un esfuerzo por revitalizar el aeropuerto de Le\u00f3n, se ha propuesto una nueva iniciativa para conectar los pol\u00edgonos industriales de Villadangos y Trobajo con la terminal a\u00e9rea. Este proyecto fue discutido en un debate celebrado en La Virgen del Camino, donde se destac\u00f3 la importancia de mejorar las conexiones viales para impulsar el desarrollo econ\u00f3mico de la regi\u00f3n.<\/p>\n<p>La propuesta, liderada por Jos\u00e9 Manuel Mart\u00ednez Fern\u00e1ndez, presidente de Le\u00f3n Propone, busca la implicaci\u00f3n de la Diputaci\u00f3n y el Ministerio de Transportes, Movilidad y Agenda Urbana. La idea principal es crear una carretera que conecte directamente los pol\u00edgonos industriales con el aeropuerto, facilitando as\u00ed el transporte de mercanc\u00edas y potenciando el uso de la terminal a\u00e9rea.<\/p>\n<p>El plan contempla dos rutas principales: una desde Villadangos, que aprovechar\u00eda la infraestructura existente de la Nacional 120, y otra desde Trobajo, que requerir\u00eda completar un camino actualmente a medio asfaltar. Esta \u00faltima ruta tambi\u00e9n beneficiar\u00eda a los pasajeros, al ofrecer una conexi\u00f3n m\u00e1s directa y eficiente.<\/p>\n<p>Durante el debate, se subray\u00f3 la necesidad de que Aena, la entidad gestora del aeropuerto, se involucre activamente en el proyecto. Se destac\u00f3 que, aunque el aeropuerto de Le\u00f3n tiene un uso militar compartido con la Academia B\u00e1sica del Aire, su potencial para el tr\u00e1fico civil es significativo, especialmente si se mejora el acceso desde las \u00e1reas industriales.<\/p>\n<p>El impacto esperado de esta iniciativa es considerable. No solo se facilitar\u00eda el transporte de mercanc\u00edas, sino que tambi\u00e9n se espera un aumento en el tr\u00e1fico de pasajeros, lo que podr\u00eda llevar a una mayor oferta de vuelos y servicios. Adem\u00e1s, se resalt\u00f3 que esta mejora en las infraestructuras podr\u00eda atraer nuevas inversiones y empresas a la regi\u00f3n, dinamizando as\u00ed la econom\u00eda local.<\/p>\n<p>En conclusi\u00f3n, la propuesta de conectar los pol\u00edgonos industriales con el aeropuerto de Le\u00f3n representa una oportunidad estrat\u00e9gica para potenciar la terminal a\u00e9rea y, por ende, el desarrollo econ\u00f3mico de la provincia. Con el apoyo de las autoridades locales y la colaboraci\u00f3n de Aena, este proyecto podr\u00eda transformar significativamente el panorama log\u00edstico y de transporte de la regi\u00f3n.<\/p>\n","protected":false},"excerpt":{"rendered":"<p>La iniciativa busca potenciar la terminal a\u00e9rea mediante nuevas infraestructuras viales.<\/p>\n","protected":false},"author":1,"featured_media":11597,"comment_status":"open","ping_status":"closed","sticky":false,"template":"","format":"standard","meta":{"_monsterinsights_skip_tracking":false,"_monsterinsights_sitenote_active":false,"_monsterinsights_sitenote_note":"","_monsterinsights_sitenote_category":0,"site-container-style":"default","site-container-layout":"default","site-sidebar-layout":"default","disable-article-header":"default","disable-site-header":"default","disable-site-footer":"default","disable-content-area-spacing":"default","_jetpack_memberships_contains_paid_content":false,"footnotes":"","jetpack_publicize_message":"","jetpack_publicize_feature_enabled":true,"jetpack_social_post_already_shared":true,"jetpack_social_options":{"image_generator_settings":{"template":"highway","default_image_id":0,"font":"","enabled":false},"version":2}},"categories":[1],"tags":[],"class_list":["post-11596","post","type-post","status-publish","format-standard","has-post-thumbnail","hentry","category-uncategorized"],"jetpack_publicize_connections":[],"jetpack_featured_media_url":"https:\/\/987aldia.com\/web\/wp-content\/uploads\/2026\/03\/articulo_20260305_100725_Ms34Ya.png","jetpack_sharing_enabled":true,"_links":{"self":[{"href":"https:\/\/987aldia.com\/web\/wp-json\/wp\/v2\/posts\/11596","targetHints":{"allow":["GET"]}}],"collection":[{"href":"https:\/\/987aldia.com\/web\/wp-json\/wp\/v2\/posts"}],"about":[{"href":"https:\/\/987aldia.com\/web\/wp-json\/wp\/v2\/types\/post"}],"author":[{"embeddable":true,"href":"https:\/\/987aldia.com\/web\/wp-json\/wp\/v2\/users\/1"}],"replies":[{"embeddable":true,"href":"https:\/\/987aldia.com\/web\/wp-json\/wp\/v2\/comments?post=11596"}],"version-history":[{"count":0,"href":"https:\/\/987aldia.com\/web\/wp-json\/wp\/v2\/posts\/11596\/revisions"}],"wp:featuredmedia":[{"embeddable":true,"href":"https:\/\/987aldia.com\/web\/wp-json\/wp\/v2\/media\/11597"}],"wp:attachment":[{"href":"https:\/\/987aldia.com\/web\/wp-json\/wp\/v2\/media?parent=11596"}],"wp:term":[{"taxonomy":"category","embeddable":true,"href":"https:\/\/987aldia.com\/web\/wp-json\/wp\/v2\/categories?post=11596"},{"taxonomy":"post_tag","embeddable":true,"href":"https:\/\/987aldia.com\/web\/wp-json\/wp\/v2\/tags?post=11596"}],"curies":[{"name":"wp","href":"https:\/\/api.w.org\/{rel}","templated":true}]}}