{"id":11600,"date":"2026-03-05T11:48:54","date_gmt":"2026-03-05T10:48:54","guid":{"rendered":"https:\/\/987aldia.com\/web\/polemica-en-soria-por-adjudicaciones-navidenas-a-empresa-vinculada-al-alcalde-y-cabeza-de-lista-del-psoe-en-las-elecciones-autonomicas\/"},"modified":"2026-03-05T11:48:54","modified_gmt":"2026-03-05T10:48:54","slug":"polemica-en-soria-por-adjudicaciones-navidenas-a-empresa-vinculada-al-alcalde-y-cabeza-de-lista-del-psoe-en-las-elecciones-autonomicas","status":"publish","type":"post","link":"https:\/\/987aldia.com\/web\/polemica-en-soria-por-adjudicaciones-navidenas-a-empresa-vinculada-al-alcalde-y-cabeza-de-lista-del-psoe-en-las-elecciones-autonomicas\/","title":{"rendered":"Pol\u00e9mica en Soria por adjudicaciones navide\u00f1as a empresa vinculada al alcalde y cabeza de lista del PSOE en las elecciones auton\u00f3micas"},"content":{"rendered":"<p>La gesti\u00f3n de los contratos municipales para la decoraci\u00f3n navide\u00f1a en Soria ha desatado una fuerte controversia pol\u00edtica. Seg\u00fan la oposici\u00f3n, el Ayuntamiento ha adjudicado contratos por un total de 286.000 euros a la empresa Mis Flores S.L., vinculada familiarmente al alcalde Carlos Mart\u00ednez M\u00ednguez. Estos contratos, relacionados con la decoraci\u00f3n de la Plaza Mayor y el bel\u00e9n navide\u00f1o, han sido objeto de cr\u00edticas por parte de la oposici\u00f3n municipal, que cuestiona la transparencia del proceso de adjudicaci\u00f3n.<\/p>\n<p>El origen del contrato se encuentra en un servicio integrado en Parques y Jardines, y se ha observado un aumento de los costes a lo largo de los a\u00f1os. La oposici\u00f3n ha se\u00f1alado discrepancias administrativas en el Ayuntamiento y ha criticado el procedimiento de adjudicaci\u00f3n, sugiriendo posibles irregularidades.<\/p>\n<p>Ante esta situaci\u00f3n, el grupo popular ha anunciado que sus servicios jur\u00eddicos est\u00e1n revisando el expediente completo para determinar si existen indicios de responsabilidades legales. Entre las posibles figuras jur\u00eddicas que se estudian se encuentran la prevaricaci\u00f3n administrativa continuada y la malversaci\u00f3n de fondos p\u00fablicos. Sin embargo, hasta el momento no se ha presentado ninguna denuncia formal ante los tribunales.<\/p>\n<p>El caso ha trascendido al \u00e1mbito pol\u00edtico regional. La vicesecretaria nacional de Regeneraci\u00f3n Institucional del Partido Popular, Cuca Gamarra, se refiri\u00f3 al asunto durante un acto en Burgos, se\u00f1alando que este tipo de situaciones reflejan pr\u00e1cticas de corrupci\u00f3n pol\u00edtica que deben ser esclarecidas.<\/p>\n<p>Por su parte, el Partido Socialista defiende que todas las adjudicaciones se han realizado conforme a la legislaci\u00f3n vigente y enmarca las cr\u00edticas dentro de la confrontaci\u00f3n pol\u00edtica habitual en periodos de precampa\u00f1a electoral en Castilla y Le\u00f3n.<\/p>\n<p>El debate sobre la gesti\u00f3n de estos contratos municipales se produce en un momento de especial relevancia pol\u00edtica para la comunidad aut\u00f3noma, donde los distintos partidos comienzan a posicionarse ante el pr\u00f3ximo ciclo electoral.<\/p>\n","protected":false},"excerpt":{"rendered":"<p>La oposici\u00f3n cuestiona contratos a la prima del candidato socialista por m\u00e1s de 287.000 euros en cinco a\u00f1os.<\/p>\n","protected":false},"author":1,"featured_media":11601,"comment_status":"open","ping_status":"closed","sticky":false,"template":"","format":"standard","meta":{"_monsterinsights_skip_tracking":false,"_monsterinsights_sitenote_active":false,"_monsterinsights_sitenote_note":"","_monsterinsights_sitenote_category":0,"site-container-style":"default","site-container-layout":"default","site-sidebar-layout":"default","disable-article-header":"default","disable-site-header":"default","disable-site-footer":"default","disable-content-area-spacing":"default","_jetpack_memberships_contains_paid_content":false,"footnotes":"","jetpack_publicize_message":"","jetpack_publicize_feature_enabled":true,"jetpack_social_post_already_shared":true,"jetpack_social_options":{"image_generator_settings":{"template":"highway","default_image_id":0,"font":"","enabled":false},"version":2}},"categories":[1],"tags":[],"class_list":["post-11600","post","type-post","status-publish","format-standard","has-post-thumbnail","hentry","category-uncategorized"],"jetpack_publicize_connections":[],"jetpack_featured_media_url":"https:\/\/987aldia.com\/web\/wp-content\/uploads\/2026\/03\/articulo_20260305_104652_Cy9d4a.png","jetpack_sharing_enabled":true,"_links":{"self":[{"href":"https:\/\/987aldia.com\/web\/wp-json\/wp\/v2\/posts\/11600","targetHints":{"allow":["GET"]}}],"collection":[{"href":"https:\/\/987aldia.com\/web\/wp-json\/wp\/v2\/posts"}],"about":[{"href":"https:\/\/987aldia.com\/web\/wp-json\/wp\/v2\/types\/post"}],"author":[{"embeddable":true,"href":"https:\/\/987aldia.com\/web\/wp-json\/wp\/v2\/users\/1"}],"replies":[{"embeddable":true,"href":"https:\/\/987aldia.com\/web\/wp-json\/wp\/v2\/comments?post=11600"}],"version-history":[{"count":0,"href":"https:\/\/987aldia.com\/web\/wp-json\/wp\/v2\/posts\/11600\/revisions"}],"wp:featuredmedia":[{"embeddable":true,"href":"https:\/\/987aldia.com\/web\/wp-json\/wp\/v2\/media\/11601"}],"wp:attachment":[{"href":"https:\/\/987aldia.com\/web\/wp-json\/wp\/v2\/media?parent=11600"}],"wp:term":[{"taxonomy":"category","embeddable":true,"href":"https:\/\/987aldia.com\/web\/wp-json\/wp\/v2\/categories?post=11600"},{"taxonomy":"post_tag","embeddable":true,"href":"https:\/\/987aldia.com\/web\/wp-json\/wp\/v2\/tags?post=11600"}],"curies":[{"name":"wp","href":"https:\/\/api.w.org\/{rel}","templated":true}]}}