{"id":11604,"date":"2026-03-05T13:09:36","date_gmt":"2026-03-05T12:09:36","guid":{"rendered":"https:\/\/987aldia.com\/web\/el-psoe-de-ponferrada-que-reaparece-en-campana-solicita-la-reapertura-de-la-terraza-del-mercado-municipal-de-ponferrada\/"},"modified":"2026-03-05T13:09:36","modified_gmt":"2026-03-05T12:09:36","slug":"el-psoe-de-ponferrada-que-reaparece-en-campana-solicita-la-reapertura-de-la-terraza-del-mercado-municipal-de-ponferrada","status":"publish","type":"post","link":"https:\/\/987aldia.com\/web\/el-psoe-de-ponferrada-que-reaparece-en-campana-solicita-la-reapertura-de-la-terraza-del-mercado-municipal-de-ponferrada\/","title":{"rendered":"El PSOE de Ponferrada que reaparece en campa\u00f1a, solicita la reapertura de la terraza del mercado municipal de Ponferrada"},"content":{"rendered":"<p>El Partido Socialista Obrero Espa\u00f1ol (PSOE) ha solicitado la reapertura de la terraza del mercado municipal de Ponferrada. <\/p>\n<p>La solicitud del PSOE llega en un momento en que el mercado municipal ha sido objeto de debate pol\u00edtico. Seg\u00fan el partido, la terraza es crucial para el desarrollo econ\u00f3mico y social de la zona, permitiendo a los negocios locales atraer a m\u00e1s clientes y generar un ambiente vibrante y activo.<\/p>\n<p>Sin embargo, esta iniciativa ha sido recibida con cr\u00edticas por parte de otros actores pol\u00edticos y ciudadanos. En un mensaje publicado en redes sociales por el concejal de comercio David Pacios se ha se\u00f1alado que durante los a\u00f1os de gobierno del PSOE, no se realizaron acciones significativas para mejorar el mercado ni el comercio local. \u00abCuando gobernaban: abandono. Ahora: ruedas de prensa\u00bb, se lee en el mensaje, sugiriendo que el inter\u00e9s del PSOE podr\u00eda estar motivado por el contexto electoral.<\/p>\n<p>El actual equipo de gobierno de Ponferrada ha respondido a las declaraciones del PSOE, afirmando que est\u00e1n trabajando activamente en la mejora del mercado y que las decisiones se est\u00e1n tomando con seriedad y compromiso. \u00abNosotros lo tenemos claro: menos titulares y m\u00e1s gesti\u00f3n\u00bb, han manifestado, subrayando la necesidad de soluciones a largo plazo en lugar de medidas oportunistas.<\/p>\n<p>El mercado municipal de Ponferrada es un punto clave para la econom\u00eda local, y su gesti\u00f3n ha sido un tema recurrente en las discusiones pol\u00edticas. La reapertura de la terraza podr\u00eda suponer un impulso para los negocios, especialmente en un momento en que la recuperaci\u00f3n econ\u00f3mica es una prioridad tras los desaf\u00edos recientes.<\/p>\n<p>A medida que se acercan las elecciones, es probable que el mercado siga siendo un foco de atenci\u00f3n, con diferentes partidos presentando sus propuestas para revitalizar esta \u00e1rea crucial de la ciudad. La comunidad local espera que las decisiones se tomen en beneficio del desarrollo sostenible y el bienestar de los ciudadanos.<\/p>\n<p>En conclusi\u00f3n, la petici\u00f3n del PSOE para reabrir la terraza del mercado municipal de Ponferrada ha generado un debate sobre la gesti\u00f3n del espacio y el papel de las pol\u00edticas locales en el apoyo al comercio. Con las elecciones en el horizonte, las acciones y propuestas de los partidos ser\u00e1n observadas de cerca por los votantes, quienes esperan soluciones efectivas y duraderas para los desaf\u00edos econ\u00f3micos de la regi\u00f3n.<\/p>\n","protected":false},"excerpt":{"rendered":"<p>El partido destaca la importancia econ\u00f3mica de los gastrobares en la regi\u00f3n y el concejal de comercio los felicita por descubrir que el mercado de abastos existe.<\/p>\n","protected":false},"author":1,"featured_media":11605,"comment_status":"open","ping_status":"closed","sticky":false,"template":"","format":"standard","meta":{"_monsterinsights_skip_tracking":false,"_monsterinsights_sitenote_active":false,"_monsterinsights_sitenote_note":"","_monsterinsights_sitenote_category":0,"site-container-style":"default","site-container-layout":"default","site-sidebar-layout":"default","disable-article-header":"default","disable-site-header":"default","disable-site-footer":"default","disable-content-area-spacing":"default","_jetpack_memberships_contains_paid_content":false,"footnotes":"","jetpack_publicize_message":"","jetpack_publicize_feature_enabled":true,"jetpack_social_post_already_shared":true,"jetpack_social_options":{"image_generator_settings":{"template":"highway","default_image_id":0,"font":"","enabled":false},"version":2}},"categories":[1],"tags":[],"class_list":["post-11604","post","type-post","status-publish","format-standard","has-post-thumbnail","hentry","category-uncategorized"],"jetpack_publicize_connections":[],"jetpack_featured_media_url":"https:\/\/987aldia.com\/web\/wp-content\/uploads\/2026\/03\/whatsapp_article_20260305_120403_UKPfJd.png","jetpack_sharing_enabled":true,"_links":{"self":[{"href":"https:\/\/987aldia.com\/web\/wp-json\/wp\/v2\/posts\/11604","targetHints":{"allow":["GET"]}}],"collection":[{"href":"https:\/\/987aldia.com\/web\/wp-json\/wp\/v2\/posts"}],"about":[{"href":"https:\/\/987aldia.com\/web\/wp-json\/wp\/v2\/types\/post"}],"author":[{"embeddable":true,"href":"https:\/\/987aldia.com\/web\/wp-json\/wp\/v2\/users\/1"}],"replies":[{"embeddable":true,"href":"https:\/\/987aldia.com\/web\/wp-json\/wp\/v2\/comments?post=11604"}],"version-history":[{"count":0,"href":"https:\/\/987aldia.com\/web\/wp-json\/wp\/v2\/posts\/11604\/revisions"}],"wp:featuredmedia":[{"embeddable":true,"href":"https:\/\/987aldia.com\/web\/wp-json\/wp\/v2\/media\/11605"}],"wp:attachment":[{"href":"https:\/\/987aldia.com\/web\/wp-json\/wp\/v2\/media?parent=11604"}],"wp:term":[{"taxonomy":"category","embeddable":true,"href":"https:\/\/987aldia.com\/web\/wp-json\/wp\/v2\/categories?post=11604"},{"taxonomy":"post_tag","embeddable":true,"href":"https:\/\/987aldia.com\/web\/wp-json\/wp\/v2\/tags?post=11604"}],"curies":[{"name":"wp","href":"https:\/\/api.w.org\/{rel}","templated":true}]}}