{"id":11606,"date":"2026-03-05T13:15:30","date_gmt":"2026-03-05T12:15:30","guid":{"rendered":"https:\/\/987aldia.com\/web\/castilla-y-leon-lanza-ayudas-para-autonomos-en-2026\/"},"modified":"2026-03-05T13:15:30","modified_gmt":"2026-03-05T12:15:30","slug":"castilla-y-leon-lanza-ayudas-para-autonomos-en-2026","status":"publish","type":"post","link":"https:\/\/987aldia.com\/web\/castilla-y-leon-lanza-ayudas-para-autonomos-en-2026\/","title":{"rendered":"Castilla y Le\u00f3n lanza ayudas para aut\u00f3nomos en 2026"},"content":{"rendered":"<p>El 4 de marzo de 2026, la Consejer\u00eda de Industria, Comercio y Empleo de Castilla y Le\u00f3n ha anunciado la convocatoria de ayudas para la consolidaci\u00f3n del trabajo aut\u00f3nomo en la comunidad. Estas subvenciones, publicadas en el Bolet\u00edn Oficial de Castilla y Le\u00f3n (BOCYL), est\u00e1n destinadas a facilitar el mantenimiento de la actividad por cuenta propia mediante la financiaci\u00f3n de las cuotas de cotizaci\u00f3n a la Seguridad Social durante los primeros 18 meses de actividad.<\/p>\n<p>La convocatoria est\u00e1 dirigida a los trabajadores que se hayan dado de alta en el R\u00e9gimen Especial de la Seguridad Social de Trabajadores por Cuenta Propia o Aut\u00f3nomos (RETA) durante el a\u00f1o 2024. Se contemplan tres tipos de beneficiarios: aut\u00f3nomos que se hayan acogido a la cuota reducida por inicio de actividad, mujeres que se reincorporen tras maternidad, y colectivos especiales, incluyendo menores de 35 a\u00f1os, personas con discapacidad y aquellos en riesgo de exclusi\u00f3n social sin derecho a incentivos estatales.<\/p>\n<p>La subvenci\u00f3n cubrir\u00e1 el coste de las cuotas de la Seguridad Social, ya sean reducidas o \u00edntegras, hasta un m\u00e1ximo de 3.000 euros por solicitud. El presupuesto inicial es de 3.000.000 de euros, con la posibilidad de incrementarse hasta 5.000.000 de euros seg\u00fan las necesidades y la disponibilidad presupuestaria. La concesi\u00f3n se realizar\u00e1 por orden de entrada de las solicitudes que cumplan los requisitos establecidos.<\/p>\n<p>Las solicitudes deben tramitarse de forma electr\u00f3nica a trav\u00e9s de la sede de la Administraci\u00f3n de la Comunidad de Castilla y Le\u00f3n en www.tramitacastillayleon.jcyl.es. El plazo de presentaci\u00f3n comienza ma\u00f1ana y se extender\u00e1 hasta el 3 de septiembre de 2026.<\/p>\n<p>Esta iniciativa busca fortalecer el tejido empresarial aut\u00f3nomo en Castilla y Le\u00f3n, promoviendo la estabilidad y el crecimiento econ\u00f3mico en la regi\u00f3n. Se espera que estas ayudas contribuyan a la consolidaci\u00f3n de nuevos proyectos y al apoyo de colectivos vulnerables, fomentando as\u00ed un entorno m\u00e1s inclusivo y din\u00e1mico para los emprendedores locales.<\/p>\n","protected":false},"excerpt":{"rendered":"<p>La iniciativa busca apoyar a los aut\u00f3nomos con la subvenci\u00f3n de cuotas de la Seguridad Social durante 18 meses.<\/p>\n","protected":false},"author":1,"featured_media":11607,"comment_status":"open","ping_status":"closed","sticky":false,"template":"","format":"standard","meta":{"_monsterinsights_skip_tracking":false,"_monsterinsights_sitenote_active":false,"_monsterinsights_sitenote_note":"","_monsterinsights_sitenote_category":0,"site-container-style":"default","site-container-layout":"default","site-sidebar-layout":"default","disable-article-header":"default","disable-site-header":"default","disable-site-footer":"default","disable-content-area-spacing":"default","_jetpack_memberships_contains_paid_content":false,"footnotes":"","jetpack_publicize_message":"","jetpack_publicize_feature_enabled":true,"jetpack_social_post_already_shared":true,"jetpack_social_options":{"image_generator_settings":{"template":"highway","default_image_id":0,"font":"","enabled":false},"version":2}},"categories":[1],"tags":[],"class_list":["post-11606","post","type-post","status-publish","format-standard","has-post-thumbnail","hentry","category-uncategorized"],"jetpack_publicize_connections":[],"jetpack_featured_media_url":"https:\/\/987aldia.com\/web\/wp-content\/uploads\/2026\/03\/especialidad_article_20260305_121312_Hknc9L.png","jetpack_sharing_enabled":true,"_links":{"self":[{"href":"https:\/\/987aldia.com\/web\/wp-json\/wp\/v2\/posts\/11606","targetHints":{"allow":["GET"]}}],"collection":[{"href":"https:\/\/987aldia.com\/web\/wp-json\/wp\/v2\/posts"}],"about":[{"href":"https:\/\/987aldia.com\/web\/wp-json\/wp\/v2\/types\/post"}],"author":[{"embeddable":true,"href":"https:\/\/987aldia.com\/web\/wp-json\/wp\/v2\/users\/1"}],"replies":[{"embeddable":true,"href":"https:\/\/987aldia.com\/web\/wp-json\/wp\/v2\/comments?post=11606"}],"version-history":[{"count":0,"href":"https:\/\/987aldia.com\/web\/wp-json\/wp\/v2\/posts\/11606\/revisions"}],"wp:featuredmedia":[{"embeddable":true,"href":"https:\/\/987aldia.com\/web\/wp-json\/wp\/v2\/media\/11607"}],"wp:attachment":[{"href":"https:\/\/987aldia.com\/web\/wp-json\/wp\/v2\/media?parent=11606"}],"wp:term":[{"taxonomy":"category","embeddable":true,"href":"https:\/\/987aldia.com\/web\/wp-json\/wp\/v2\/categories?post=11606"},{"taxonomy":"post_tag","embeddable":true,"href":"https:\/\/987aldia.com\/web\/wp-json\/wp\/v2\/tags?post=11606"}],"curies":[{"name":"wp","href":"https:\/\/api.w.org\/{rel}","templated":true}]}}