{"id":11610,"date":"2026-03-05T13:17:11","date_gmt":"2026-03-05T12:17:11","guid":{"rendered":"https:\/\/987aldia.com\/web\/leon-se-enfrenta-a-un-aumento-en-el-costo-de-la-vida\/"},"modified":"2026-03-05T13:17:11","modified_gmt":"2026-03-05T12:17:11","slug":"leon-se-enfrenta-a-un-aumento-en-el-costo-de-la-vida","status":"publish","type":"post","link":"https:\/\/987aldia.com\/web\/leon-se-enfrenta-a-un-aumento-en-el-costo-de-la-vida\/","title":{"rendered":"Le\u00f3n se enfrenta a un aumento en el costo de la vida"},"content":{"rendered":"<p>En Le\u00f3n, el aumento del costo de la vida se ha convertido en una preocupaci\u00f3n creciente para los residentes locales. Este fen\u00f3meno, que afecta a toda la provincia y a la comunidad aut\u00f3noma de Castilla y Le\u00f3n, ha sido impulsado por un incremento generalizado en los precios de bienes y servicios. La inflaci\u00f3n, que ha alcanzado niveles significativos, est\u00e1 afectando tanto a consumidores como a comerciantes en la regi\u00f3n.<\/p>\n<h2>Contexto y antecedentes<\/h2>\n<p>La inflaci\u00f3n ha sido un tema recurrente en las discusiones econ\u00f3micas a nivel nacional, y Le\u00f3n no es una excepci\u00f3n. En los \u00faltimos meses, el aumento de los precios ha sido evidente en sectores clave como la alimentaci\u00f3n, la energ\u00eda y el transporte. Este fen\u00f3meno no solo ha impactado a los hogares, sino tambi\u00e9n a las peque\u00f1as y medianas empresas que luchan por mantener sus m\u00e1rgenes de ganancia en un entorno econ\u00f3mico desafiante.<\/p>\n<h2>Datos concretos<\/h2>\n<p>Seg\u00fan el Instituto Nacional de Estad\u00edstica, la tasa de inflaci\u00f3n en Castilla y Le\u00f3n ha superado el 3% en el \u00faltimo trimestre. En Le\u00f3n, los precios de productos b\u00e1sicos como el pan y la leche han experimentado un aumento del 5% y 4% respectivamente. Adem\u00e1s, los costos de la energ\u00eda han subido un 7%, lo que ha generado un efecto domin\u00f3 en otros sectores de la econom\u00eda local.<\/p>\n<h2>Impacto local<\/h2>\n<p>El impacto de la inflaci\u00f3n en Le\u00f3n se siente en todos los niveles de la sociedad. Las familias de la provincia est\u00e1n viendo c\u00f3mo su poder adquisitivo se reduce, lo que les obliga a ajustar sus presupuestos y priorizar gastos. Por otro lado, los empresarios locales enfrentan el desaf\u00edo de trasladar estos costos a los consumidores sin perder competitividad.<\/p>\n<h2>Comparativas auton\u00f3micas y nacionales<\/h2>\n<p>A nivel auton\u00f3mico, Castilla y Le\u00f3n se encuentra en una situaci\u00f3n similar a otras comunidades, aunque con ciertas particularidades debido a su estructura econ\u00f3mica. A nivel nacional, la inflaci\u00f3n ha sido un tema central en las pol\u00edticas econ\u00f3micas del gobierno, que busca implementar medidas para mitigar sus efectos.<\/p>\n<h2>Declaraciones oficiales<\/h2>\n<p>Las autoridades locales han reconocido el problema y est\u00e1n trabajando en estrategias para aliviar la carga sobre los ciudadanos. \u00abEstamos comprometidos a encontrar soluciones que ayuden a nuestras familias y empresas a sobrellevar esta situaci\u00f3n\u00bb, afirm\u00f3 un portavoz del gobierno regional.<\/p>\n<h2>Cierre<\/h2>\n<p>De cara al futuro, se espera que las autoridades implementen medidas m\u00e1s concretas para controlar la inflaci\u00f3n y proteger el bienestar econ\u00f3mico de los residentes de Le\u00f3n y Castilla y Le\u00f3n. La situaci\u00f3n actual requiere una respuesta coordinada que involucre tanto a las instituciones p\u00fablicas como al sector privado, con el objetivo de estabilizar la econom\u00eda local y garantizar un futuro m\u00e1s pr\u00f3spero para todos.<\/p>\n","protected":false},"excerpt":{"rendered":"<p>La inflaci\u00f3n impacta en la econom\u00eda local de Le\u00f3n y Castilla y Le\u00f3n<\/p>\n","protected":false},"author":1,"featured_media":11611,"comment_status":"open","ping_status":"closed","sticky":false,"template":"","format":"standard","meta":{"_monsterinsights_skip_tracking":false,"_monsterinsights_sitenote_active":false,"_monsterinsights_sitenote_note":"","_monsterinsights_sitenote_category":0,"site-container-style":"default","site-container-layout":"default","site-sidebar-layout":"default","disable-article-header":"default","disable-site-header":"default","disable-site-footer":"default","disable-content-area-spacing":"default","_jetpack_memberships_contains_paid_content":false,"footnotes":"","jetpack_publicize_message":"","jetpack_publicize_feature_enabled":true,"jetpack_social_post_already_shared":true,"jetpack_social_options":{"image_generator_settings":{"template":"highway","default_image_id":0,"font":"","enabled":false},"version":2}},"categories":[1],"tags":[],"class_list":["post-11610","post","type-post","status-publish","format-standard","has-post-thumbnail","hentry","category-uncategorized"],"jetpack_publicize_connections":[],"jetpack_featured_media_url":"https:\/\/987aldia.com\/web\/wp-content\/uploads\/2026\/03\/especialidad_image_20260305_121624_EJxVrF.png","jetpack_sharing_enabled":true,"_links":{"self":[{"href":"https:\/\/987aldia.com\/web\/wp-json\/wp\/v2\/posts\/11610","targetHints":{"allow":["GET"]}}],"collection":[{"href":"https:\/\/987aldia.com\/web\/wp-json\/wp\/v2\/posts"}],"about":[{"href":"https:\/\/987aldia.com\/web\/wp-json\/wp\/v2\/types\/post"}],"author":[{"embeddable":true,"href":"https:\/\/987aldia.com\/web\/wp-json\/wp\/v2\/users\/1"}],"replies":[{"embeddable":true,"href":"https:\/\/987aldia.com\/web\/wp-json\/wp\/v2\/comments?post=11610"}],"version-history":[{"count":0,"href":"https:\/\/987aldia.com\/web\/wp-json\/wp\/v2\/posts\/11610\/revisions"}],"wp:featuredmedia":[{"embeddable":true,"href":"https:\/\/987aldia.com\/web\/wp-json\/wp\/v2\/media\/11611"}],"wp:attachment":[{"href":"https:\/\/987aldia.com\/web\/wp-json\/wp\/v2\/media?parent=11610"}],"wp:term":[{"taxonomy":"category","embeddable":true,"href":"https:\/\/987aldia.com\/web\/wp-json\/wp\/v2\/categories?post=11610"},{"taxonomy":"post_tag","embeddable":true,"href":"https:\/\/987aldia.com\/web\/wp-json\/wp\/v2\/tags?post=11610"}],"curies":[{"name":"wp","href":"https:\/\/api.w.org\/{rel}","templated":true}]}}