{"id":11636,"date":"2026-03-08T11:41:22","date_gmt":"2026-03-08T10:41:22","guid":{"rendered":"https:\/\/987aldia.com\/web\/nuevo-retraso-en-la-a-54-que-conectara-el-bierzo-con-lavacolla\/"},"modified":"2026-03-20T12:44:18","modified_gmt":"2026-03-20T11:44:18","slug":"nuevo-retraso-en-la-a-54-que-conectara-el-bierzo-con-lavacolla","status":"publish","type":"post","link":"https:\/\/987aldia.com\/web\/nuevo-retraso-en-la-a-54-que-conectara-el-bierzo-con-lavacolla\/","title":{"rendered":"Nuevo retraso en la A-54 que conectar\u00e1 el Bierzo con Lavacolla"},"content":{"rendered":"<p>El Bierzo sigue esperando mejoras en sus infraestructuras, especialmente en lo que respecta a la conexi\u00f3n con el aeropuerto de Lavacolla en Santiago de Compostela. La apertura de la autov\u00eda A-54, que promete conectar la comarca con las ciudades gallegas de Lugo y Santiago, ha sufrido un nuevo retraso. Seg\u00fan el Ministerio de Transportes, las persistentes lluvias de este invierno han impedido la finalizaci\u00f3n del tramo Melide-Arz\u00faa, lo que pospone la apertura hasta el primer trimestre de 2026.<\/p>\n<p>La importancia de esta conexi\u00f3n radica en que el aeropuerto de Lavacolla es el m\u00e1s cercano con vuelos internacionales para los habitantes del Bierzo. La nueva infraestructura permitir\u00e1 reducir el tiempo de viaje de 90 a 50 minutos, mejorando significativamente la accesibilidad de la regi\u00f3n a vuelos internacionales, especialmente tras el anuncio de la Xunta sobre vuelos directos desde Santiago a Nueva York.<\/p>\n<p>Este retraso supone un inconveniente para los planes de desarrollo de la comarca, que ve en la mejora de sus conexiones una oportunidad para potenciar su econom\u00eda y atraer m\u00e1s visitantes. La finalizaci\u00f3n de la A-54 no solo facilitar\u00e1 el acceso a vuelos internacionales, sino que tambi\u00e9n mejorar\u00e1 la conexi\u00f3n con otras ciudades importantes de Galicia.<\/p>\n<p>El Ministerio ha asegurado que, a pesar de los contratiempos, se est\u00e1n tomando medidas para acelerar el proceso una vez que las condiciones meteorol\u00f3gicas lo permitan. La expectativa es que, una vez completada, la autov\u00eda se convierta en un eje fundamental para el desarrollo econ\u00f3mico y social del Bierzo, reduciendo la dependencia de otras infraestructuras m\u00e1s lejanas.<\/p>\n<p>Con este nuevo retraso, la regi\u00f3n deber\u00e1 esperar un poco m\u00e1s para ver cumplido su anhelo de estar mejor conectada con el resto de Espa\u00f1a y el mundo. Sin embargo, las autoridades locales conf\u00edan en que, una vez superados los obst\u00e1culos actuales, la A-54 se convertir\u00e1 en un motor de crecimiento y desarrollo para el Bierzo.<\/p>\n","protected":false},"excerpt":{"rendered":"<p>Las lluvias han impedido la finalizaci\u00f3n del tramo Melide-Arz\u00faa, retrasando la apertura hasta 2026.<\/p>\n","protected":false},"author":1,"featured_media":11637,"comment_status":"open","ping_status":"closed","sticky":false,"template":"","format":"standard","meta":{"_monsterinsights_skip_tracking":false,"_monsterinsights_sitenote_active":false,"_monsterinsights_sitenote_note":"","_monsterinsights_sitenote_category":0,"site-container-style":"default","site-container-layout":"default","site-sidebar-layout":"default","disable-article-header":"default","disable-site-header":"default","disable-site-footer":"default","disable-content-area-spacing":"default","_jetpack_memberships_contains_paid_content":false,"footnotes":"","jetpack_publicize_message":"","jetpack_publicize_feature_enabled":true,"jetpack_social_post_already_shared":true,"jetpack_social_options":{"image_generator_settings":{"template":"highway","default_image_id":0,"font":"","enabled":false},"version":2}},"categories":[32],"tags":[],"class_list":["post-11636","post","type-post","status-publish","format-standard","has-post-thumbnail","hentry","category-bierzo"],"jetpack_publicize_connections":[],"jetpack_featured_media_url":"https:\/\/987aldia.com\/web\/wp-content\/uploads\/2026\/03\/whatsapp_article_20260308_104058_6LsckF.png","jetpack_sharing_enabled":true,"_links":{"self":[{"href":"https:\/\/987aldia.com\/web\/wp-json\/wp\/v2\/posts\/11636","targetHints":{"allow":["GET"]}}],"collection":[{"href":"https:\/\/987aldia.com\/web\/wp-json\/wp\/v2\/posts"}],"about":[{"href":"https:\/\/987aldia.com\/web\/wp-json\/wp\/v2\/types\/post"}],"author":[{"embeddable":true,"href":"https:\/\/987aldia.com\/web\/wp-json\/wp\/v2\/users\/1"}],"replies":[{"embeddable":true,"href":"https:\/\/987aldia.com\/web\/wp-json\/wp\/v2\/comments?post=11636"}],"version-history":[{"count":1,"href":"https:\/\/987aldia.com\/web\/wp-json\/wp\/v2\/posts\/11636\/revisions"}],"predecessor-version":[{"id":11770,"href":"https:\/\/987aldia.com\/web\/wp-json\/wp\/v2\/posts\/11636\/revisions\/11770"}],"wp:featuredmedia":[{"embeddable":true,"href":"https:\/\/987aldia.com\/web\/wp-json\/wp\/v2\/media\/11637"}],"wp:attachment":[{"href":"https:\/\/987aldia.com\/web\/wp-json\/wp\/v2\/media?parent=11636"}],"wp:term":[{"taxonomy":"category","embeddable":true,"href":"https:\/\/987aldia.com\/web\/wp-json\/wp\/v2\/categories?post=11636"},{"taxonomy":"post_tag","embeddable":true,"href":"https:\/\/987aldia.com\/web\/wp-json\/wp\/v2\/tags?post=11636"}],"curies":[{"name":"wp","href":"https:\/\/api.w.org\/{rel}","templated":true}]}}