{"id":11640,"date":"2026-03-09T11:18:00","date_gmt":"2026-03-09T10:18:00","guid":{"rendered":"https:\/\/987aldia.com\/web\/abierta-la-convocatoria-del-programa-gestidi-2026-para-gestores-de-idi-en-castilla-y-leon\/"},"modified":"2026-03-09T11:18:00","modified_gmt":"2026-03-09T10:18:00","slug":"abierta-la-convocatoria-del-programa-gestidi-2026-para-gestores-de-idi-en-castilla-y-leon","status":"publish","type":"post","link":"https:\/\/987aldia.com\/web\/abierta-la-convocatoria-del-programa-gestidi-2026-para-gestores-de-idi-en-castilla-y-leon\/","title":{"rendered":"Abierta la Convocatoria del Programa GESTIDI 2026 para Gestores de I+D+i en Castilla y Le\u00f3n"},"content":{"rendered":"<p>El 7 de marzo de 2026, la Junta de Castilla y Le\u00f3n, a trav\u00e9s de la Consejer\u00eda de Econom\u00eda y Hacienda, anunci\u00f3 la apertura de la convocatoria para el Programa de Formaci\u00f3n de Gestores de I+D+i GESTIDI 2026. Este programa, que alcanza su XIII edici\u00f3n, est\u00e1 dise\u00f1ado para capacitar a profesionales en la gesti\u00f3n de la innovaci\u00f3n, desarrollo e investigaci\u00f3n (I+D+i) en la regi\u00f3n.<\/p>\n<p>El Instituto para la Competitividad Empresarial de Castilla y Le\u00f3n (ICECYL) es el organismo encargado de esta iniciativa, que cuenta con la direcci\u00f3n acad\u00e9mica de la Escuela de Negocios CEU de Castilla y Le\u00f3n. El plazo de inscripci\u00f3n permanecer\u00e1 abierto hasta el 20 de marzo, permitiendo a los interesados registrarse a trav\u00e9s de la p\u00e1gina oficial del programa.<\/p>\n<p>GESTIDI es un programa gratuito que combina formaci\u00f3n te\u00f3rica y pr\u00e1ctica, orientado a fortalecer el tejido empresarial y el ecosistema de innovaci\u00f3n de Castilla y Le\u00f3n. Su objetivo principal es dotar a los profesionales de las herramientas necesarias para impulsar la innovaci\u00f3n en sus respectivas \u00e1reas. Gran parte de los participantes de ediciones anteriores han logrado incorporarse al Sistema de Ciencia, Tecnolog\u00eda e Innovaci\u00f3n de la Comunidad.<\/p>\n<p>El programa est\u00e1 dirigido tanto a titulados universitarios desempleados como a profesionales en activo que deseen actualizar sus conocimientos en I+D+i. A trav\u00e9s de GESTIDI EXECUTIVE, los profesionales pueden acceder a una formaci\u00f3n avanzada que responde a la creciente demanda de perfiles especializados por parte de las empresas innovadoras de la regi\u00f3n.<\/p>\n<p>Esta edici\u00f3n se enmarca dentro de la Estrategia Regional de Investigaci\u00f3n e Innovaci\u00f3n para una Especializaci\u00f3n Inteligente (RIS3) 2021-2027. Esta estrategia busca aumentar la disponibilidad de capital humano cualificado en materia de innovaci\u00f3n. Los alumnos que completen con \u00e9xito el programa se integrar\u00e1n en la Red GESTIDI, un entorno de colaboraci\u00f3n que facilita la actualizaci\u00f3n continua de conocimientos y la conexi\u00f3n con agentes del ecosistema regional de innovaci\u00f3n.<\/p>\n<p>Con esta iniciativa, la Junta de Castilla y Le\u00f3n reafirma su compromiso con el desarrollo de un entorno propicio para la innovaci\u00f3n y el crecimiento econ\u00f3mico sostenible, ofreciendo a los profesionales de la regi\u00f3n oportunidades para mejorar sus habilidades y contribuir al avance tecnol\u00f3gico y empresarial.<\/p>\n","protected":false},"excerpt":{"rendered":"<p>El programa busca formar a profesionales en innovaci\u00f3n, con inscripciones abiertas hasta el 20 de marzo.<\/p>\n","protected":false},"author":1,"featured_media":11641,"comment_status":"open","ping_status":"closed","sticky":false,"template":"","format":"standard","meta":{"_monsterinsights_skip_tracking":false,"_monsterinsights_sitenote_active":false,"_monsterinsights_sitenote_note":"","_monsterinsights_sitenote_category":0,"site-container-style":"default","site-container-layout":"default","site-sidebar-layout":"default","disable-article-header":"default","disable-site-header":"default","disable-site-footer":"default","disable-content-area-spacing":"default","_jetpack_memberships_contains_paid_content":false,"footnotes":"","jetpack_publicize_message":"","jetpack_publicize_feature_enabled":true,"jetpack_social_post_already_shared":true,"jetpack_social_options":{"image_generator_settings":{"template":"highway","default_image_id":0,"font":"","enabled":false},"version":2}},"categories":[1],"tags":[],"class_list":["post-11640","post","type-post","status-publish","format-standard","has-post-thumbnail","hentry","category-uncategorized"],"jetpack_publicize_connections":[],"jetpack_featured_media_url":"https:\/\/987aldia.com\/web\/wp-content\/uploads\/2026\/03\/whatsapp_article_20260309_101721_JQDrsQ.png","jetpack_sharing_enabled":true,"_links":{"self":[{"href":"https:\/\/987aldia.com\/web\/wp-json\/wp\/v2\/posts\/11640","targetHints":{"allow":["GET"]}}],"collection":[{"href":"https:\/\/987aldia.com\/web\/wp-json\/wp\/v2\/posts"}],"about":[{"href":"https:\/\/987aldia.com\/web\/wp-json\/wp\/v2\/types\/post"}],"author":[{"embeddable":true,"href":"https:\/\/987aldia.com\/web\/wp-json\/wp\/v2\/users\/1"}],"replies":[{"embeddable":true,"href":"https:\/\/987aldia.com\/web\/wp-json\/wp\/v2\/comments?post=11640"}],"version-history":[{"count":0,"href":"https:\/\/987aldia.com\/web\/wp-json\/wp\/v2\/posts\/11640\/revisions"}],"wp:featuredmedia":[{"embeddable":true,"href":"https:\/\/987aldia.com\/web\/wp-json\/wp\/v2\/media\/11641"}],"wp:attachment":[{"href":"https:\/\/987aldia.com\/web\/wp-json\/wp\/v2\/media?parent=11640"}],"wp:term":[{"taxonomy":"category","embeddable":true,"href":"https:\/\/987aldia.com\/web\/wp-json\/wp\/v2\/categories?post=11640"},{"taxonomy":"post_tag","embeddable":true,"href":"https:\/\/987aldia.com\/web\/wp-json\/wp\/v2\/tags?post=11640"}],"curies":[{"name":"wp","href":"https:\/\/api.w.org\/{rel}","templated":true}]}}