{"id":11642,"date":"2026-03-09T13:59:11","date_gmt":"2026-03-09T12:59:11","guid":{"rendered":"https:\/\/987aldia.com\/web\/alerta-amarilla-en-leon-por-nieve-y-descenso-de-temperaturas\/"},"modified":"2026-03-20T12:44:06","modified_gmt":"2026-03-20T11:44:06","slug":"alerta-amarilla-en-leon-por-nieve-y-descenso-de-temperaturas","status":"publish","type":"post","link":"https:\/\/987aldia.com\/web\/alerta-amarilla-en-leon-por-nieve-y-descenso-de-temperaturas\/","title":{"rendered":"Alerta amarilla en Le\u00f3n por nieve y descenso de temperaturas"},"content":{"rendered":"<p>La Agencia Estatal de Meteorolog\u00eda (Aemet) ha emitido una alerta amarilla para la provincia de Le\u00f3n debido a las condiciones meteorol\u00f3gicas adversas previstas para este lunes. Se espera que la nieve descienda hasta los 900 metros en la Cordillera Cant\u00e1brica de Le\u00f3n, lo que podr\u00eda afectar significativamente el desarrollo de actividades al aire libre.<\/p>\n<p>La alerta se debe a un desplome de la cota de nieve, que inicialmente se encontraba en los 1.400 metros, y que ahora se prev\u00e9 que baje hasta los 900 metros. Aunque el aviso amarillo es de menor riesgo, la Aemet advierte que podr\u00eda condicionar ciertas actividades debido a las acumulaciones significativas de nieve.<\/p>\n<p>La jornada estar\u00e1 marcada por la inestabilidad meteorol\u00f3gica, con cielos que tender\u00e1n a cubrirse y precipitaciones que podr\u00edan ser moderadas. No se descarta la aparici\u00f3n de tormentas aisladas. Las condiciones tambi\u00e9n favorecer\u00e1n la formaci\u00f3n de brumas y bancos de niebla, especialmente en valles y zonas de monta\u00f1a, donde la visibilidad se ver\u00e1 notablemente reducida.<\/p>\n<p>En cuanto a las temperaturas, las m\u00ednimas se mantendr\u00e1n estables, pero las m\u00e1ximas experimentar\u00e1n un descenso notable. En Astorga, los term\u00f3metros oscilar\u00e1n entre los 2 y 6 grados, mientras que en Le\u00f3n capital se mover\u00e1n entre los 2 y 7 grados. En el Bierzo, Ponferrada registrar\u00e1 entre 4 y 10 grados, y Villablino marcar\u00e1 la m\u00ednima provincial con -1 grado y una m\u00e1xima de 9 grados. El viento soplar\u00e1 flojo con predominio del suroeste.<\/p>\n<p>La bajada de la cota de nieve podr\u00eda generar incidencias en los puertos de monta\u00f1a y en las carreteras de la red secundaria del norte de la provincia. Las autoridades recomiendan extremar la precauci\u00f3n al volante, consultar el estado de las v\u00edas antes de iniciar cualquier trayecto y portar cadenas en zonas de mayor intensidad. La combinaci\u00f3n de lluvia, fr\u00edo y niebla dificultar\u00e1 tanto la conducci\u00f3n como las actividades al aire libre.<\/p>\n<p>Por ello, se aconseja seguir atentamente las actualizaciones de los avisos de la Aemet para evitar contratiempos y garantizar la seguridad de todos los ciudadanos.<\/p>\n","protected":false},"excerpt":{"rendered":"<p>La Aemet advierte de acumulaciones de nieve y visibilidad reducida en la provincia.<\/p>\n","protected":false},"author":1,"featured_media":11643,"comment_status":"open","ping_status":"closed","sticky":false,"template":"","format":"standard","meta":{"_monsterinsights_skip_tracking":false,"_monsterinsights_sitenote_active":false,"_monsterinsights_sitenote_note":"","_monsterinsights_sitenote_category":0,"site-container-style":"default","site-container-layout":"default","site-sidebar-layout":"default","disable-article-header":"default","disable-site-header":"default","disable-site-footer":"default","disable-content-area-spacing":"default","_jetpack_memberships_contains_paid_content":false,"footnotes":"","jetpack_publicize_message":"","jetpack_publicize_feature_enabled":true,"jetpack_social_post_already_shared":true,"jetpack_social_options":{"image_generator_settings":{"template":"highway","default_image_id":0,"font":"","enabled":false},"version":2}},"categories":[33],"tags":[],"class_list":["post-11642","post","type-post","status-publish","format-standard","has-post-thumbnail","hentry","category-leon"],"jetpack_publicize_connections":[],"jetpack_featured_media_url":"https:\/\/987aldia.com\/web\/wp-content\/uploads\/2026\/03\/whatsapp_article_20260309_125648_9dhQ9z.png","jetpack_sharing_enabled":true,"_links":{"self":[{"href":"https:\/\/987aldia.com\/web\/wp-json\/wp\/v2\/posts\/11642","targetHints":{"allow":["GET"]}}],"collection":[{"href":"https:\/\/987aldia.com\/web\/wp-json\/wp\/v2\/posts"}],"about":[{"href":"https:\/\/987aldia.com\/web\/wp-json\/wp\/v2\/types\/post"}],"author":[{"embeddable":true,"href":"https:\/\/987aldia.com\/web\/wp-json\/wp\/v2\/users\/1"}],"replies":[{"embeddable":true,"href":"https:\/\/987aldia.com\/web\/wp-json\/wp\/v2\/comments?post=11642"}],"version-history":[{"count":1,"href":"https:\/\/987aldia.com\/web\/wp-json\/wp\/v2\/posts\/11642\/revisions"}],"predecessor-version":[{"id":11769,"href":"https:\/\/987aldia.com\/web\/wp-json\/wp\/v2\/posts\/11642\/revisions\/11769"}],"wp:featuredmedia":[{"embeddable":true,"href":"https:\/\/987aldia.com\/web\/wp-json\/wp\/v2\/media\/11643"}],"wp:attachment":[{"href":"https:\/\/987aldia.com\/web\/wp-json\/wp\/v2\/media?parent=11642"}],"wp:term":[{"taxonomy":"category","embeddable":true,"href":"https:\/\/987aldia.com\/web\/wp-json\/wp\/v2\/categories?post=11642"},{"taxonomy":"post_tag","embeddable":true,"href":"https:\/\/987aldia.com\/web\/wp-json\/wp\/v2\/tags?post=11642"}],"curies":[{"name":"wp","href":"https:\/\/api.w.org\/{rel}","templated":true}]}}