{"id":11644,"date":"2026-03-09T16:21:12","date_gmt":"2026-03-09T15:21:12","guid":{"rendered":"https:\/\/987aldia.com\/web\/bomberos-de-ponferrada-exigen-aumento-de-personal-ante-incremento-de-emergencias\/"},"modified":"2026-03-20T12:43:52","modified_gmt":"2026-03-20T11:43:52","slug":"bomberos-de-ponferrada-exigen-aumento-de-personal-ante-incremento-de-emergencias","status":"publish","type":"post","link":"https:\/\/987aldia.com\/web\/bomberos-de-ponferrada-exigen-aumento-de-personal-ante-incremento-de-emergencias\/","title":{"rendered":"Bomberos de Ponferrada exigen aumento de personal ante incremento de emergencias"},"content":{"rendered":"<p>Los Bomberos de Ponferrada han lanzado una petici\u00f3n formal al Ayuntamiento para aumentar su plantilla a 42 efectivos, en respuesta a un notable incremento en las emergencias relacionadas con la apertura de viviendas por motivos sanitarios. Este aumento en las intervenciones ha puesto de manifiesto la necesidad de reforzar el equipo para garantizar una respuesta eficaz y r\u00e1pida ante situaciones cr\u00edticas.<\/p>\n<p>En los \u00faltimos meses, el cuerpo de bomberos ha observado un repunte en las solicitudes de apertura de viviendas, un servicio esencial que se ha vuelto m\u00e1s frecuente debido a emergencias sanitarias. Estas situaciones suelen involucrar a personas que requieren atenci\u00f3n m\u00e9dica urgente y no pueden abrir sus puertas, lo que obliga a los bomberos a intervenir para facilitar el acceso a los servicios de emergencia.<\/p>\n<p>La demanda de incrementar el n\u00famero de efectivos no es nueva, pero ha cobrado mayor urgencia en el contexto actual. Los bomberos argumentan que, con el personal actual, se enfrentan a dificultades para cubrir todos los turnos y mantener la calidad del servicio, especialmente en momentos de alta demanda.<\/p>\n<p>El portavoz del cuerpo de bomberos ha destacado que, adem\u00e1s de las aperturas de viviendas, el equipo sigue atendiendo otras emergencias habituales como incendios, rescates y accidentes de tr\u00e1fico. Sin embargo, el aumento de las intervenciones sanitarias ha a\u00f1adido una carga adicional que, sin el personal adecuado, podr\u00eda comprometer la eficacia del servicio.<\/p>\n<p>El Ayuntamiento de Ponferrada, por su parte, ha reconocido la importancia de la labor de los bomberos y ha asegurado que est\u00e1 evaluando la situaci\u00f3n para encontrar soluciones viables. No obstante, hasta el momento no se ha anunciado ninguna medida concreta para aumentar la plantilla.<\/p>\n<p>La situaci\u00f3n ha generado preocupaci\u00f3n entre los habitantes de Ponferrada, quienes valoran el trabajo de los bomberos y esperan que se tomen medidas r\u00e1pidas para garantizar su seguridad. La comunidad local ha mostrado su apoyo al cuerpo de bomberos, reconociendo la importancia de contar con un equipo bien dotado y preparado para enfrentar cualquier emergencia.<\/p>\n<p>En conclusi\u00f3n, los Bomberos de Ponferrada est\u00e1n en una encrucijada, donde la necesidad de m\u00e1s personal es evidente para continuar ofreciendo un servicio de calidad. El Ayuntamiento tiene ahora la responsabilidad de responder a esta demanda y asegurar que el cuerpo de bomberos pueda operar de manera \u00f3ptima, protegiendo as\u00ed a la comunidad de Ponferrada de manera efectiva.<\/p>\n","protected":false},"excerpt":{"rendered":"<p>El cuerpo de bomberos solicita al Ayuntamiento alcanzar los 42 efectivos debido al aumento de aperturas de viviendas por emergencias sanitarias.<\/p>\n","protected":false},"author":1,"featured_media":11645,"comment_status":"open","ping_status":"closed","sticky":false,"template":"","format":"standard","meta":{"_monsterinsights_skip_tracking":false,"_monsterinsights_sitenote_active":false,"_monsterinsights_sitenote_note":"","_monsterinsights_sitenote_category":0,"site-container-style":"default","site-container-layout":"default","site-sidebar-layout":"default","disable-article-header":"default","disable-site-header":"default","disable-site-footer":"default","disable-content-area-spacing":"default","_jetpack_memberships_contains_paid_content":false,"footnotes":"","jetpack_publicize_message":"","jetpack_publicize_feature_enabled":true,"jetpack_social_post_already_shared":true,"jetpack_social_options":{"image_generator_settings":{"template":"highway","default_image_id":0,"font":"","enabled":false},"version":2}},"categories":[32],"tags":[],"class_list":["post-11644","post","type-post","status-publish","format-standard","has-post-thumbnail","hentry","category-bierzo"],"jetpack_publicize_connections":[],"jetpack_featured_media_url":"https:\/\/987aldia.com\/web\/wp-content\/uploads\/2026\/03\/whatsapp_article_20260309_151809_skG5Gw.png","jetpack_sharing_enabled":true,"_links":{"self":[{"href":"https:\/\/987aldia.com\/web\/wp-json\/wp\/v2\/posts\/11644","targetHints":{"allow":["GET"]}}],"collection":[{"href":"https:\/\/987aldia.com\/web\/wp-json\/wp\/v2\/posts"}],"about":[{"href":"https:\/\/987aldia.com\/web\/wp-json\/wp\/v2\/types\/post"}],"author":[{"embeddable":true,"href":"https:\/\/987aldia.com\/web\/wp-json\/wp\/v2\/users\/1"}],"replies":[{"embeddable":true,"href":"https:\/\/987aldia.com\/web\/wp-json\/wp\/v2\/comments?post=11644"}],"version-history":[{"count":1,"href":"https:\/\/987aldia.com\/web\/wp-json\/wp\/v2\/posts\/11644\/revisions"}],"predecessor-version":[{"id":11768,"href":"https:\/\/987aldia.com\/web\/wp-json\/wp\/v2\/posts\/11644\/revisions\/11768"}],"wp:featuredmedia":[{"embeddable":true,"href":"https:\/\/987aldia.com\/web\/wp-json\/wp\/v2\/media\/11645"}],"wp:attachment":[{"href":"https:\/\/987aldia.com\/web\/wp-json\/wp\/v2\/media?parent=11644"}],"wp:term":[{"taxonomy":"category","embeddable":true,"href":"https:\/\/987aldia.com\/web\/wp-json\/wp\/v2\/categories?post=11644"},{"taxonomy":"post_tag","embeddable":true,"href":"https:\/\/987aldia.com\/web\/wp-json\/wp\/v2\/tags?post=11644"}],"curies":[{"name":"wp","href":"https:\/\/api.w.org\/{rel}","templated":true}]}}