{"id":11659,"date":"2026-03-11T15:06:22","date_gmt":"2026-03-11T14:06:22","guid":{"rendered":"https:\/\/987aldia.com\/web\/tvitec-construira-un-horno-de-vidrio-float-en-el-bierzo-para-2027\/"},"modified":"2026-03-20T12:43:35","modified_gmt":"2026-03-20T11:43:35","slug":"tvitec-construira-un-horno-de-vidrio-float-en-el-bierzo-para-2027","status":"publish","type":"post","link":"https:\/\/987aldia.com\/web\/tvitec-construira-un-horno-de-vidrio-float-en-el-bierzo-para-2027\/","title":{"rendered":"Tvitec construir\u00e1 un horno de vidrio &#8216;float&#8217; en El Bierzo para 2027"},"content":{"rendered":"<p>La comarca de El Bierzo se prepara para un significativo impulso econ\u00f3mico con la confirmaci\u00f3n de la construcci\u00f3n de un nuevo horno de vidrio &#8216;float&#8217; por parte de la empresa Tvitec. Este proyecto, que se espera est\u00e9 operativo en 2027, ha sido anunciado como un paso crucial hacia la reindustrializaci\u00f3n de la regi\u00f3n.<br \/>\nLa aprobaci\u00f3n de un cr\u00e9dito de 120 millones de euros para financiar esta iniciativa, que se prev\u00e9 generar\u00e1 hasta 1,000 empleos indirectos y 250 empleos directos. Este movimiento no solo representa una inversi\u00f3n econ\u00f3mica considerable, sino que tambi\u00e9n simboliza un compromiso con el desarrollo sostenible y la innovaci\u00f3n tecnol\u00f3gica en la industria del vidrio.<\/p>\n<p>El nuevo horno de vidrio &#8216;float&#8217; es una instalaci\u00f3n avanzada que permitir\u00e1 a Tvitec aumentar su capacidad de producci\u00f3n y mejorar su competitividad en el mercado global. La tecnolog\u00eda &#8216;float&#8217; es conocida por su eficiencia y calidad en la producci\u00f3n de vidrio plano, lo que permitir\u00e1 a la empresa satisfacer una demanda creciente en sectores como la construcci\u00f3n y la automoci\u00f3n.<\/p>\n<p>La elecci\u00f3n de El Bierzo como ubicaci\u00f3n para esta planta no es casual. La regi\u00f3n, que ha enfrentado desaf\u00edos econ\u00f3micos en las \u00faltimas d\u00e9cadas, se beneficiar\u00e1 enormemente de esta inversi\u00f3n. Se espera que el proyecto no solo cree empleos, sino que tambi\u00e9n atraiga a otras empresas y negocios a la zona, fomentando un ecosistema industrial m\u00e1s robusto.<\/p>\n<p>El anuncio ha sido recibido con entusiasmo por parte de las autoridades locales y regionales, quienes ven en este proyecto una oportunidad para revitalizar la econom\u00eda local. Adem\u00e1s, la creaci\u00f3n de empleos de calidad es vista como un factor clave para retener talento en la regi\u00f3n y evitar la migraci\u00f3n de j\u00f3venes hacia otras \u00e1reas en busca de oportunidades laborales.<\/p>\n<p>En conclusi\u00f3n, la construcci\u00f3n del horno de vidrio &#8216;float&#8217; de Tvitec en El Bierzo es un desarrollo prometedor que podr\u00eda marcar el inicio de una nueva era de prosperidad para la comarca. Con el respaldo financiero y el compromiso de Tvitec con la innovaci\u00f3n, el proyecto tiene el potencial de transformar el paisaje econ\u00f3mico de la regi\u00f3n en los pr\u00f3ximos a\u00f1os.<\/p>\n","protected":false},"excerpt":{"rendered":"<p>La inversi\u00f3n generar\u00e1 1,000 empleos indirectos y 250 directos, impulsando la reindustrializaci\u00f3n de la comarca.<\/p>\n","protected":false},"author":1,"featured_media":11660,"comment_status":"open","ping_status":"closed","sticky":false,"template":"","format":"standard","meta":{"_monsterinsights_skip_tracking":false,"_monsterinsights_sitenote_active":false,"_monsterinsights_sitenote_note":"","_monsterinsights_sitenote_category":0,"site-container-style":"default","site-container-layout":"default","site-sidebar-layout":"default","disable-article-header":"default","disable-site-header":"default","disable-site-footer":"default","disable-content-area-spacing":"default","_jetpack_memberships_contains_paid_content":false,"footnotes":"","jetpack_publicize_message":"","jetpack_publicize_feature_enabled":true,"jetpack_social_post_already_shared":true,"jetpack_social_options":{"image_generator_settings":{"template":"highway","default_image_id":0,"font":"","enabled":false},"version":2}},"categories":[32],"tags":[],"class_list":["post-11659","post","type-post","status-publish","format-standard","has-post-thumbnail","hentry","category-bierzo"],"jetpack_publicize_connections":[],"jetpack_featured_media_url":"https:\/\/987aldia.com\/web\/wp-content\/uploads\/2026\/03\/whatsapp_article_20260311_140323_nWt192.png","jetpack_sharing_enabled":true,"_links":{"self":[{"href":"https:\/\/987aldia.com\/web\/wp-json\/wp\/v2\/posts\/11659","targetHints":{"allow":["GET"]}}],"collection":[{"href":"https:\/\/987aldia.com\/web\/wp-json\/wp\/v2\/posts"}],"about":[{"href":"https:\/\/987aldia.com\/web\/wp-json\/wp\/v2\/types\/post"}],"author":[{"embeddable":true,"href":"https:\/\/987aldia.com\/web\/wp-json\/wp\/v2\/users\/1"}],"replies":[{"embeddable":true,"href":"https:\/\/987aldia.com\/web\/wp-json\/wp\/v2\/comments?post=11659"}],"version-history":[{"count":1,"href":"https:\/\/987aldia.com\/web\/wp-json\/wp\/v2\/posts\/11659\/revisions"}],"predecessor-version":[{"id":11767,"href":"https:\/\/987aldia.com\/web\/wp-json\/wp\/v2\/posts\/11659\/revisions\/11767"}],"wp:featuredmedia":[{"embeddable":true,"href":"https:\/\/987aldia.com\/web\/wp-json\/wp\/v2\/media\/11660"}],"wp:attachment":[{"href":"https:\/\/987aldia.com\/web\/wp-json\/wp\/v2\/media?parent=11659"}],"wp:term":[{"taxonomy":"category","embeddable":true,"href":"https:\/\/987aldia.com\/web\/wp-json\/wp\/v2\/categories?post=11659"},{"taxonomy":"post_tag","embeddable":true,"href":"https:\/\/987aldia.com\/web\/wp-json\/wp\/v2\/tags?post=11659"}],"curies":[{"name":"wp","href":"https:\/\/api.w.org\/{rel}","templated":true}]}}