{"id":11661,"date":"2026-03-12T08:27:30","date_gmt":"2026-03-12T07:27:30","guid":{"rendered":"https:\/\/987aldia.com\/web\/volkswagen-enfrenta-una-crisis-sin-precedentes-cierre-de-plantas-y-recortes-masivos\/"},"modified":"2026-03-20T12:43:21","modified_gmt":"2026-03-20T11:43:21","slug":"volkswagen-enfrenta-una-crisis-sin-precedentes-cierre-de-plantas-y-recortes-masivos","status":"publish","type":"post","link":"https:\/\/987aldia.com\/web\/volkswagen-enfrenta-una-crisis-sin-precedentes-cierre-de-plantas-y-recortes-masivos\/","title":{"rendered":"Volkswagen enfrenta una crisis sin precedentes: cierre de plantas y recortes masivos"},"content":{"rendered":"<p>La ic\u00f3nica empresa automotriz Volkswagen se encuentra en el centro de una tormenta econ\u00f3mica y estrat\u00e9gica que amenaza con cambiar el curso de su historia. El 15 de diciembre de 2025, la compa\u00f1\u00eda cerr\u00f3 su planta en Dresden, un evento que marc\u00f3 el fin de una era de casi un siglo de operaciones continuas en Alemania. Este cierre fue un golpe significativo al mito de la infalibilidad de la industria automotriz germana.<\/p>\n<p>Hoy, 9 de marzo de 2026, la situaci\u00f3n es cr\u00edtica. Ma\u00f1ana, 10 de marzo, Volkswagen presentar\u00e1 su reporte anual, y las expectativas son sombr\u00edas. La empresa enfrenta un declive notable en mercados clave como China, junto con el impacto de los aranceles que han complicado a\u00fan m\u00e1s su situaci\u00f3n financiera. En un intento por mitigar las p\u00e9rdidas, Volkswagen ha anunciado un plan para recortar 35,000 empleos. Adem\u00e1s, el 6 de marzo, se revel\u00f3 una estrategia desesperada: convertir la planta de Osnabr\u00fcck en un centro de producci\u00f3n de veh\u00edculos militares.<\/p>\n<p>El declive de Volkswagen se atribuye en gran medida a su incapacidad para adaptarse r\u00e1pidamente a las nuevas tendencias del mercado. Mientras competidores como BYD han avanzado en la simplificaci\u00f3n de procesos y el dominio del software, Volkswagen se ha visto atrapada en su propia burocracia y en una transici\u00f3n lenta hacia la electrificaci\u00f3n. Esta falta de agilidad ha dejado a la empresa vulnerable en un entorno donde la innovaci\u00f3n es clave.<\/p>\n<p>El 8 de marzo, miles de trabajadores en Zwickau salieron a las calles para protestar por la incertidumbre sobre su futuro laboral. La confianza en la marca, que alguna vez fue un s\u00edmbolo de estabilidad, se ha visto erosionada. Los empleados temen que el prestigio de Volkswagen ya no sea suficiente para garantizar su sustento.<\/p>\n<p>La situaci\u00f3n de Volkswagen ofrece una lecci\u00f3n contundente para las empresas de todo el mundo: la eficiencia pasada no garantiza el \u00e9xito futuro si no se acompa\u00f1a de innovaci\u00f3n constante. En un mercado donde la velocidad de adaptaci\u00f3n es crucial, quedarse atr\u00e1s puede convertir incluso a los gigantes en reliquias del pasado.<\/p>\n<p>El futuro de Volkswagen pende de un hilo. La empresa debe decidir si puede reinventarse a tiempo para evitar un destino que parece cada vez m\u00e1s inevitable. La presentaci\u00f3n del reporte anual ma\u00f1ana ser\u00e1 un momento decisivo que podr\u00eda definir si estamos presenciando el resurgimiento de un tit\u00e1n o el final de una era industrial en Alemania.<\/p>\n","protected":false},"excerpt":{"rendered":"<p>La automotriz alemana lucha por adaptarse en un mercado global cambiante.<\/p>\n","protected":false},"author":1,"featured_media":11662,"comment_status":"open","ping_status":"closed","sticky":false,"template":"","format":"standard","meta":{"_monsterinsights_skip_tracking":false,"_monsterinsights_sitenote_active":false,"_monsterinsights_sitenote_note":"","_monsterinsights_sitenote_category":0,"site-container-style":"default","site-container-layout":"default","site-sidebar-layout":"default","disable-article-header":"default","disable-site-header":"default","disable-site-footer":"default","disable-content-area-spacing":"default","_jetpack_memberships_contains_paid_content":false,"footnotes":"","jetpack_publicize_message":"","jetpack_publicize_feature_enabled":true,"jetpack_social_post_already_shared":true,"jetpack_social_options":{"image_generator_settings":{"template":"highway","default_image_id":0,"font":"","enabled":false},"version":2}},"categories":[31],"tags":[],"class_list":["post-11661","post","type-post","status-publish","format-standard","has-post-thumbnail","hentry","category-economia"],"jetpack_publicize_connections":[],"jetpack_featured_media_url":"https:\/\/987aldia.com\/web\/wp-content\/uploads\/2026\/03\/whatsapp_article_20260312_010812_mnMXvN.png","jetpack_sharing_enabled":true,"_links":{"self":[{"href":"https:\/\/987aldia.com\/web\/wp-json\/wp\/v2\/posts\/11661","targetHints":{"allow":["GET"]}}],"collection":[{"href":"https:\/\/987aldia.com\/web\/wp-json\/wp\/v2\/posts"}],"about":[{"href":"https:\/\/987aldia.com\/web\/wp-json\/wp\/v2\/types\/post"}],"author":[{"embeddable":true,"href":"https:\/\/987aldia.com\/web\/wp-json\/wp\/v2\/users\/1"}],"replies":[{"embeddable":true,"href":"https:\/\/987aldia.com\/web\/wp-json\/wp\/v2\/comments?post=11661"}],"version-history":[{"count":1,"href":"https:\/\/987aldia.com\/web\/wp-json\/wp\/v2\/posts\/11661\/revisions"}],"predecessor-version":[{"id":11766,"href":"https:\/\/987aldia.com\/web\/wp-json\/wp\/v2\/posts\/11661\/revisions\/11766"}],"wp:featuredmedia":[{"embeddable":true,"href":"https:\/\/987aldia.com\/web\/wp-json\/wp\/v2\/media\/11662"}],"wp:attachment":[{"href":"https:\/\/987aldia.com\/web\/wp-json\/wp\/v2\/media?parent=11661"}],"wp:term":[{"taxonomy":"category","embeddable":true,"href":"https:\/\/987aldia.com\/web\/wp-json\/wp\/v2\/categories?post=11661"},{"taxonomy":"post_tag","embeddable":true,"href":"https:\/\/987aldia.com\/web\/wp-json\/wp\/v2\/tags?post=11661"}],"curies":[{"name":"wp","href":"https:\/\/api.w.org\/{rel}","templated":true}]}}