{"id":11673,"date":"2026-03-12T11:39:26","date_gmt":"2026-03-12T10:39:26","guid":{"rendered":"https:\/\/987aldia.com\/web\/inditex-supera-los-6-200-millones-de-beneficio-y-mantiene-precios\/"},"modified":"2026-03-12T11:39:26","modified_gmt":"2026-03-12T10:39:26","slug":"inditex-supera-los-6-200-millones-de-beneficio-y-mantiene-precios","status":"publish","type":"post","link":"https:\/\/987aldia.com\/web\/inditex-supera-los-6-200-millones-de-beneficio-y-mantiene-precios\/","title":{"rendered":"Inditex supera los 6.200 millones de beneficio y mantiene precios"},"content":{"rendered":"<p>Inditex ha logrado un beneficio r\u00e9cord de 6.200 millones de euros en 2025, a pesar de un contexto global desafiante marcado por el escenario post pandemia  pandemia y tensiones geopol\u00edticas. Seg\u00fan el consejero delegado, Garc\u00eda Maceiras, la empresa ha mantenido una pol\u00edtica estable que les ha permitido no aumentar los precios, a pesar de la reducci\u00f3n del n\u00famero de tiendas en un 6% y la apertura de nuevos mercados en 41 pa\u00edses.<\/p>\n<p>El directivo destac\u00f3 la capacidad de reacci\u00f3n de Inditex ante situaciones complejas, como el cierre del Canal de Suez y las tensiones en Oriente Medio. A pesar de estos desaf\u00edos, la compa\u00f1\u00eda ha logrado recuperar el ritmo de ventas en la recta final del a\u00f1o, con un crecimiento del 9% en sus ventas combinadas de tiendas f\u00edsicas y online.<\/p>\n<p>Inditex mantiene actualmente una red de 500 tiendas en zonas de conflicto como Ir\u00e1n, la mayor\u00eda operando a trav\u00e9s de franquicias. Aunque algunas tiendas han cerrado temporalmente por seguridad, la red permanece operativa.<\/p>\n<p>La compa\u00f1\u00eda ha invertido 2.300 millones de euros en su expansi\u00f3n, reforzando su presencia global y adapt\u00e1ndose a las nuevas din\u00e1micas del mercado. Las colecciones Primavera\/Verano han sido clave para atraer a los consumidores, contribuyendo significativamente al crecimiento de las ventas.<\/p>\n<p>En un contexto de crisis energ\u00e9tica, Bruselas ha presentado un plan para reducir la factura el\u00e9ctrica de los hogares de la UE en hasta 200 euros anuales. Este plan incluye la reducci\u00f3n de impuestos y cargos sobre la electricidad, as\u00ed como incentivos para el consumo flexible y el impulso a la generaci\u00f3n local de energ\u00eda. La Comisi\u00f3n Europea busca as\u00ed mitigar el impacto de la subida de precios de la energ\u00eda, promoviendo una transici\u00f3n hacia fuentes limpias y sostenibles.<\/p>\n<p>La situaci\u00f3n en Ir\u00e1n y otras regiones en conflicto sigue siendo un desaf\u00edo para las empresas globales, pero Inditex ha demostrado una notable capacidad de adaptaci\u00f3n y resiliencia, asegurando su posici\u00f3n como l\u00edder en el sector textil.<\/p>\n","protected":false},"excerpt":{"rendered":"<p>La compa\u00f1\u00eda resiste a las tensiones internacionales sin trasladar costos al consumidor.<\/p>\n","protected":false},"author":1,"featured_media":11674,"comment_status":"open","ping_status":"closed","sticky":false,"template":"","format":"standard","meta":{"_monsterinsights_skip_tracking":false,"_monsterinsights_sitenote_active":false,"_monsterinsights_sitenote_note":"","_monsterinsights_sitenote_category":0,"site-container-style":"default","site-container-layout":"default","site-sidebar-layout":"default","disable-article-header":"default","disable-site-header":"default","disable-site-footer":"default","disable-content-area-spacing":"default","_jetpack_memberships_contains_paid_content":false,"footnotes":"","jetpack_publicize_message":"","jetpack_publicize_feature_enabled":true,"jetpack_social_post_already_shared":true,"jetpack_social_options":{"image_generator_settings":{"template":"highway","default_image_id":0,"font":"","enabled":false},"version":2}},"categories":[1],"tags":[],"class_list":["post-11673","post","type-post","status-publish","format-standard","has-post-thumbnail","hentry","category-uncategorized"],"jetpack_publicize_connections":[],"jetpack_featured_media_url":"https:\/\/987aldia.com\/web\/wp-content\/uploads\/2026\/03\/articulo_preview_20260312_103809_nxvX3u.png","jetpack_sharing_enabled":true,"_links":{"self":[{"href":"https:\/\/987aldia.com\/web\/wp-json\/wp\/v2\/posts\/11673","targetHints":{"allow":["GET"]}}],"collection":[{"href":"https:\/\/987aldia.com\/web\/wp-json\/wp\/v2\/posts"}],"about":[{"href":"https:\/\/987aldia.com\/web\/wp-json\/wp\/v2\/types\/post"}],"author":[{"embeddable":true,"href":"https:\/\/987aldia.com\/web\/wp-json\/wp\/v2\/users\/1"}],"replies":[{"embeddable":true,"href":"https:\/\/987aldia.com\/web\/wp-json\/wp\/v2\/comments?post=11673"}],"version-history":[{"count":0,"href":"https:\/\/987aldia.com\/web\/wp-json\/wp\/v2\/posts\/11673\/revisions"}],"wp:featuredmedia":[{"embeddable":true,"href":"https:\/\/987aldia.com\/web\/wp-json\/wp\/v2\/media\/11674"}],"wp:attachment":[{"href":"https:\/\/987aldia.com\/web\/wp-json\/wp\/v2\/media?parent=11673"}],"wp:term":[{"taxonomy":"category","embeddable":true,"href":"https:\/\/987aldia.com\/web\/wp-json\/wp\/v2\/categories?post=11673"},{"taxonomy":"post_tag","embeddable":true,"href":"https:\/\/987aldia.com\/web\/wp-json\/wp\/v2\/tags?post=11673"}],"curies":[{"name":"wp","href":"https:\/\/api.w.org\/{rel}","templated":true}]}}