{"id":11675,"date":"2026-03-12T11:43:29","date_gmt":"2026-03-12T10:43:29","guid":{"rendered":"https:\/\/987aldia.com\/web\/lorenzana-instala-senal-contra-la-violencia-de-genero-en-su-colegio\/"},"modified":"2026-03-20T12:15:51","modified_gmt":"2026-03-20T11:15:51","slug":"lorenzana-instala-senal-contra-la-violencia-de-genero-en-su-colegio","status":"publish","type":"post","link":"https:\/\/987aldia.com\/web\/lorenzana-instala-senal-contra-la-violencia-de-genero-en-su-colegio\/","title":{"rendered":"Lorenzana instala se\u00f1al contra la violencia de g\u00e9nero en su colegio"},"content":{"rendered":"<p>El Ayuntamiento de Cuadros ha dado un paso significativo en la lucha contra la violencia de g\u00e9nero al instalar una nueva se\u00f1al en la entrada del Colegio de Lorenzana del CRA Maestro Emilio Alonso. Esta iniciativa, presentada el 12 de marzo de 2026, busca servir como s\u00edmbolo educativo de igualdad y firme rechazo a la violencia de g\u00e9nero.<\/p>\n<p>La alcaldesa, Teresa Fern\u00e1ndez, destac\u00f3 en un comunicado que \u00abel \u00e1mbito educativo es uno de los espacios m\u00e1s eficaces para combatir las desigualdades y desterrar la violencia\u00bb. Seg\u00fan Fern\u00e1ndez, la educaci\u00f3n en valores de igualdad, respeto y convivencia es fundamental para prevenir el maltrato desde las primeras etapas de la vida.<\/p>\n<p>El teniente de alcalde, Miguel \u00c1ngel Gonz\u00e1lez, subray\u00f3 la importancia de que esta se\u00f1al est\u00e9 presente en los colegios, ya que \u00abcada acto de violencia de g\u00e9nero no es solo un problema individual, sino un problema social\u00bb. Por su parte, el concejal de Educaci\u00f3n, Jos\u00e9 Manuel D\u00edez, afirm\u00f3 que \u00abesta propuesta tiene como objetivo reafirmar la apuesta del municipio por desarrollar pol\u00edticas p\u00fablicas que promuevan una igualdad aut\u00e9ntica entre hombres y mujeres\u00bb.<\/p>\n<p>La instalaci\u00f3n de la se\u00f1al se enmarca dentro de un conjunto de acciones que el Ayuntamiento ha impulsado en los \u00faltimos a\u00f1os, incluyendo conferencias, charlas y talleres en el marco del D\u00eda Internacional para la Eliminaci\u00f3n de la Violencia de G\u00e9nero y el D\u00eda Internacional de la Mujer.<\/p>\n<p>Esta medida ha sido bien recibida por la comunidad educativa, que ve en ella un paso m\u00e1s hacia la erradicaci\u00f3n de cualquier forma de violencia. Profesores, alumnos y familias han mostrado su apoyo a esta iniciativa, considerando esencial la implicaci\u00f3n de todos para lograr un cambio real y duradero.<\/p>\n<p>En conclusi\u00f3n, la colocaci\u00f3n de esta se\u00f1al en el Colegio de Lorenzana no solo simboliza un rechazo a la violencia de g\u00e9nero, sino que tambi\u00e9n refuerza el compromiso del municipio de Cuadros con la igualdad y el respeto desde la educaci\u00f3n. Se espera que este tipo de acciones contin\u00faen inspirando a otras localidades a seguir el mismo camino, promoviendo un entorno seguro y equitativo para todos.<\/p>\n","protected":false},"excerpt":{"rendered":"<p>El Ayuntamiento de Cuadros impulsa medidas educativas para fomentar la igualdad y el respeto.<\/p>\n","protected":false},"author":1,"featured_media":11676,"comment_status":"open","ping_status":"closed","sticky":false,"template":"","format":"standard","meta":{"_monsterinsights_skip_tracking":false,"_monsterinsights_sitenote_active":false,"_monsterinsights_sitenote_note":"","_monsterinsights_sitenote_category":0,"site-container-style":"default","site-container-layout":"default","site-sidebar-layout":"default","disable-article-header":"default","disable-site-header":"default","disable-site-footer":"default","disable-content-area-spacing":"default","_jetpack_memberships_contains_paid_content":false,"footnotes":"","jetpack_publicize_message":"","jetpack_publicize_feature_enabled":true,"jetpack_social_post_already_shared":true,"jetpack_social_options":{"image_generator_settings":{"template":"highway","default_image_id":0,"font":"","enabled":false},"version":2}},"categories":[33],"tags":[],"class_list":["post-11675","post","type-post","status-publish","format-standard","has-post-thumbnail","hentry","category-leon"],"jetpack_publicize_connections":[],"jetpack_featured_media_url":"https:\/\/987aldia.com\/web\/wp-content\/uploads\/2026\/03\/articulo_preview_20260312_104301_M4CaL9.png","jetpack_sharing_enabled":true,"_links":{"self":[{"href":"https:\/\/987aldia.com\/web\/wp-json\/wp\/v2\/posts\/11675","targetHints":{"allow":["GET"]}}],"collection":[{"href":"https:\/\/987aldia.com\/web\/wp-json\/wp\/v2\/posts"}],"about":[{"href":"https:\/\/987aldia.com\/web\/wp-json\/wp\/v2\/types\/post"}],"author":[{"embeddable":true,"href":"https:\/\/987aldia.com\/web\/wp-json\/wp\/v2\/users\/1"}],"replies":[{"embeddable":true,"href":"https:\/\/987aldia.com\/web\/wp-json\/wp\/v2\/comments?post=11675"}],"version-history":[{"count":1,"href":"https:\/\/987aldia.com\/web\/wp-json\/wp\/v2\/posts\/11675\/revisions"}],"predecessor-version":[{"id":11739,"href":"https:\/\/987aldia.com\/web\/wp-json\/wp\/v2\/posts\/11675\/revisions\/11739"}],"wp:featuredmedia":[{"embeddable":true,"href":"https:\/\/987aldia.com\/web\/wp-json\/wp\/v2\/media\/11676"}],"wp:attachment":[{"href":"https:\/\/987aldia.com\/web\/wp-json\/wp\/v2\/media?parent=11675"}],"wp:term":[{"taxonomy":"category","embeddable":true,"href":"https:\/\/987aldia.com\/web\/wp-json\/wp\/v2\/categories?post=11675"},{"taxonomy":"post_tag","embeddable":true,"href":"https:\/\/987aldia.com\/web\/wp-json\/wp\/v2\/tags?post=11675"}],"curies":[{"name":"wp","href":"https:\/\/api.w.org\/{rel}","templated":true}]}}