{"id":11679,"date":"2026-03-13T13:27:26","date_gmt":"2026-03-13T12:27:26","guid":{"rendered":"https:\/\/987aldia.com\/web\/el-programa-pulso-vital-recibe-reconocimiento-en-los-premios-fundacion-caja-rural\/"},"modified":"2026-03-13T13:27:26","modified_gmt":"2026-03-13T12:27:26","slug":"el-programa-pulso-vital-recibe-reconocimiento-en-los-premios-fundacion-caja-rural","status":"publish","type":"post","link":"https:\/\/987aldia.com\/web\/el-programa-pulso-vital-recibe-reconocimiento-en-los-premios-fundacion-caja-rural\/","title":{"rendered":"El Programa &#8216;Pulso Vital&#8217; Recibe Reconocimiento en los Premios Fundaci\u00f3n Caja Rural"},"content":{"rendered":"<p>El programa de salud rural &#8216;Pulso Vital&#8217;, impulsado por Recoletas Red Hospitalaria, ha sido distinguido en la XXVII edici\u00f3n de los Premios Fundaci\u00f3n Caja Rural. Este reconocimiento destaca su labor en la prevenci\u00f3n del ictus en la provincia de Zamora, otorg\u00e1ndole el t\u00edtulo de Mejor Proyecto.<\/p>\n<p>La iniciativa &#8216;Pulso Vital&#8217; se centra en mejorar la atenci\u00f3n m\u00e9dica en \u00e1reas rurales, donde el acceso a servicios de salud puede ser limitado. A trav\u00e9s de una serie de estrategias innovadoras, el programa busca reducir la incidencia de ictus, una condici\u00f3n m\u00e9dica que representa una de las principales causas de muerte y discapacidad en Espa\u00f1a.<\/p>\n<p>Recoletas Red Hospitalaria ha implementado este proyecto con un enfoque multidisciplinario, involucrando a profesionales de la salud, tecnolog\u00eda avanzada y educaci\u00f3n comunitaria. La prevenci\u00f3n del ictus se aborda mediante la identificaci\u00f3n temprana de factores de riesgo, la promoci\u00f3n de h\u00e1bitos de vida saludables y la capacitaci\u00f3n de personal m\u00e9dico local.<\/p>\n<p>El reconocimiento en los Premios Fundaci\u00f3n Caja Rural subraya la importancia de iniciativas como &#8216;Pulso Vital&#8217; en la mejora de la salud p\u00fablica, especialmente en regiones donde los recursos son escasos. Este galard\u00f3n no solo celebra el \u00e9xito del programa, sino que tambi\u00e9n destaca la necesidad de continuar apoyando proyectos que aborden desaf\u00edos cr\u00edticos de salud en comunidades rurales.<\/p>\n<p>La ceremonia de entrega de premios, que tuvo lugar en Zamora, reuni\u00f3 a diversas personalidades del \u00e1mbito sanitario y social, quienes elogiaron el impacto positivo de &#8216;Pulso Vital&#8217;. Este reconocimiento se suma a otros logros del programa, que contin\u00faa expandi\u00e9ndose y adapt\u00e1ndose a las necesidades cambiantes de la poblaci\u00f3n.<\/p>\n<p>En conclusi\u00f3n, el galard\u00f3n otorgado a &#8216;Pulso Vital&#8217; por la Fundaci\u00f3n Caja Rural es un testimonio del compromiso y la eficacia del programa en la lucha contra el ictus en zonas rurales. A medida que avanza, se espera que siga marcando una diferencia significativa en la salud y el bienestar de las comunidades a las que sirve.<\/p>\n","protected":false},"excerpt":{"rendered":"<p>El proyecto de salud rural ha sido galardonado por su impacto en la prevenci\u00f3n del ictus en Zamora.<\/p>\n","protected":false},"author":1,"featured_media":11680,"comment_status":"open","ping_status":"closed","sticky":false,"template":"","format":"standard","meta":{"_monsterinsights_skip_tracking":false,"_monsterinsights_sitenote_active":false,"_monsterinsights_sitenote_note":"","_monsterinsights_sitenote_category":0,"site-container-style":"default","site-container-layout":"default","site-sidebar-layout":"default","disable-article-header":"default","disable-site-header":"default","disable-site-footer":"default","disable-content-area-spacing":"default","_jetpack_memberships_contains_paid_content":false,"footnotes":"","jetpack_publicize_message":"","jetpack_publicize_feature_enabled":true,"jetpack_social_post_already_shared":true,"jetpack_social_options":{"image_generator_settings":{"template":"highway","default_image_id":0,"font":"","enabled":false},"version":2}},"categories":[1],"tags":[],"class_list":["post-11679","post","type-post","status-publish","format-standard","has-post-thumbnail","hentry","category-uncategorized"],"jetpack_publicize_connections":[],"jetpack_featured_media_url":"https:\/\/987aldia.com\/web\/wp-content\/uploads\/2026\/03\/whatsapp_article_20260313_122652_XLdISe.png","jetpack_sharing_enabled":true,"_links":{"self":[{"href":"https:\/\/987aldia.com\/web\/wp-json\/wp\/v2\/posts\/11679","targetHints":{"allow":["GET"]}}],"collection":[{"href":"https:\/\/987aldia.com\/web\/wp-json\/wp\/v2\/posts"}],"about":[{"href":"https:\/\/987aldia.com\/web\/wp-json\/wp\/v2\/types\/post"}],"author":[{"embeddable":true,"href":"https:\/\/987aldia.com\/web\/wp-json\/wp\/v2\/users\/1"}],"replies":[{"embeddable":true,"href":"https:\/\/987aldia.com\/web\/wp-json\/wp\/v2\/comments?post=11679"}],"version-history":[{"count":0,"href":"https:\/\/987aldia.com\/web\/wp-json\/wp\/v2\/posts\/11679\/revisions"}],"wp:featuredmedia":[{"embeddable":true,"href":"https:\/\/987aldia.com\/web\/wp-json\/wp\/v2\/media\/11680"}],"wp:attachment":[{"href":"https:\/\/987aldia.com\/web\/wp-json\/wp\/v2\/media?parent=11679"}],"wp:term":[{"taxonomy":"category","embeddable":true,"href":"https:\/\/987aldia.com\/web\/wp-json\/wp\/v2\/categories?post=11679"},{"taxonomy":"post_tag","embeddable":true,"href":"https:\/\/987aldia.com\/web\/wp-json\/wp\/v2\/tags?post=11679"}],"curies":[{"name":"wp","href":"https:\/\/api.w.org\/{rel}","templated":true}]}}