{"id":11685,"date":"2026-03-16T21:38:57","date_gmt":"2026-03-16T20:38:57","guid":{"rendered":"https:\/\/987aldia.com\/web\/la-junta-de-castilla-y-leon-licita-obras-por-275-millones-de-euros-para-modernizar-la-edar-de-medina-del-campo\/"},"modified":"2026-03-20T12:42:01","modified_gmt":"2026-03-20T11:42:01","slug":"la-junta-de-castilla-y-leon-licita-obras-por-275-millones-de-euros-para-modernizar-la-edar-de-medina-del-campo","status":"publish","type":"post","link":"https:\/\/987aldia.com\/web\/la-junta-de-castilla-y-leon-licita-obras-por-275-millones-de-euros-para-modernizar-la-edar-de-medina-del-campo\/","title":{"rendered":"La Junta de Castilla y Le\u00f3n licita obras por 2,75 millones de euros para modernizar la EDAR de Medina del Campo"},"content":{"rendered":"<p>La Junta de Castilla y Le\u00f3n ha anunciado la licitaci\u00f3n de un contrato valorado en 2,75 millones de euros para la modernizaci\u00f3n de la Estaci\u00f3n Depuradora de Aguas Residuales (EDAR) de Medina del Campo. Este proyecto, publicado en la Plataforma de Contrataci\u00f3n del Sector P\u00fablico, ser\u00e1 financiado en un 65% por la Junta de Castilla y Le\u00f3n y en un 35% por el Ayuntamiento de Medina del Campo. La actuaci\u00f3n se enmarca dentro del PRAT para la modernizaci\u00f3n y ampliaci\u00f3n del Pol\u00edgono Escaparate.<\/p>\n<p>La necesidad de esta intervenci\u00f3n surge del envejecimiento generalizado de las instalaciones, muchas de las cuales superan los 20 a\u00f1os de servicio. Se han identificado deficiencias estructurales, hidr\u00e1ulicas y operativas que afectan la eficiencia del proceso y el cumplimiento de los par\u00e1metros de vertido. La modernizaci\u00f3n permitir\u00e1 asegurar la fiabilidad de la planta en el presente y prepararla para futuras necesidades.<\/p>\n<p>Entre las actuaciones previstas, se incluye una amplia actualizaci\u00f3n de las l\u00edneas de tratamiento. En el pretratamiento, se instalar\u00e1 una nueva reja autom\u00e1tica, junto con tamices de tambor rotativo y equipos renovados para la elevaci\u00f3n y limpieza del agua bruta. Estas mejoras est\u00e1n dise\u00f1adas para incrementar el rendimiento y proteger los procesos posteriores.<\/p>\n<p>La gesti\u00f3n de fangos tambi\u00e9n se ver\u00e1 modernizada mediante la sustituci\u00f3n de las antiguas centr\u00edfugas por tornillos deshidratadores m\u00e1s eficientes. Se incorporar\u00e1 un nuevo silo de almacenamiento y se renovar\u00e1n los sistemas de bombeo y dosificaci\u00f3n, garantizando as\u00ed una operaci\u00f3n m\u00e1s fiable y sostenible.<\/p>\n<p>En el \u00e1mbito de la obra civil, se rehabilitar\u00e1 estructuralmente el pozo de bombeo, se adaptar\u00e1 el canal para la nueva reja autom\u00e1tica, y se elevar\u00e1 el canal de reparto a los tamices. Adem\u00e1s, se instalar\u00e1n nuevas plataformas y barandillas de acero inoxidable, y se construir\u00e1 un nuevo almac\u00e9n-taller para mejorar las condiciones de mantenimiento y almacenamiento de equipos.<\/p>\n<p>La instalaci\u00f3n el\u00e9ctrica se actualizar\u00e1 por completo, incluyendo nuevos cuadros, canalizaciones y cableados. A esto se suma la puesta en marcha de una planta fotovoltaica de 100 kW para autoconsumo, destinada a reducir el consumo energ\u00e9tico de la EDAR.<\/p>\n<p>El sistema de automatizaci\u00f3n y control tambi\u00e9n ser\u00e1 renovado, incorporando nuevos PLCs, un SCADA actualizado, y una nueva red de fibra \u00f3ptica y herramientas avanzadas para optimizar la operaci\u00f3n del tratamiento biol\u00f3gico. Se renovar\u00e1 la instrumentaci\u00f3n con nuevas sondas y medidores que permitir\u00e1n un control m\u00e1s preciso del proceso, incluyendo la monitorizaci\u00f3n de alivios exigida por la Confederaci\u00f3n Hidrogr\u00e1fica del Duero.<\/p>\n<p>Finalmente, el proyecto contempla la mejora de los sistemas de desodorizaci\u00f3n en pretratamiento y deshidrataci\u00f3n, retirando equipos que ya no resultan operativos y sustituy\u00e9ndolos por sistemas m\u00e1s efectivos y de menor mantenimiento.<\/p>\n<p>Esta modernizaci\u00f3n integral de la EDAR de Medina del Campo no solo busca mejorar la eficiencia y sostenibilidad de la planta, sino que tambi\u00e9n representa un paso significativo hacia la adaptaci\u00f3n de las infraestructuras a las necesidades futuras y el cumplimiento de las normativas medioambientales vigentes.<\/p>\n","protected":false},"excerpt":{"rendered":"<p>El proyecto busca renovar integralmente la estaci\u00f3n depuradora para mejorar su eficiencia y sostenibilidad.<\/p>\n","protected":false},"author":1,"featured_media":11686,"comment_status":"open","ping_status":"closed","sticky":false,"template":"","format":"standard","meta":{"_monsterinsights_skip_tracking":false,"_monsterinsights_sitenote_active":false,"_monsterinsights_sitenote_note":"","_monsterinsights_sitenote_category":0,"site-container-style":"default","site-container-layout":"default","site-sidebar-layout":"default","disable-article-header":"default","disable-site-header":"default","disable-site-footer":"default","disable-content-area-spacing":"default","_jetpack_memberships_contains_paid_content":false,"footnotes":"","jetpack_publicize_message":"","jetpack_publicize_feature_enabled":true,"jetpack_social_post_already_shared":true,"jetpack_social_options":{"image_generator_settings":{"template":"highway","default_image_id":0,"font":"","enabled":false},"version":2}},"categories":[10,1],"tags":[],"class_list":["post-11685","post","type-post","status-publish","format-standard","has-post-thumbnail","hentry","category-castilla-y-leon","category-uncategorized"],"jetpack_publicize_connections":[],"jetpack_featured_media_url":"https:\/\/987aldia.com\/web\/wp-content\/uploads\/2026\/03\/whatsapp_article_20260316_203725_erdMFk.png","jetpack_sharing_enabled":true,"_links":{"self":[{"href":"https:\/\/987aldia.com\/web\/wp-json\/wp\/v2\/posts\/11685","targetHints":{"allow":["GET"]}}],"collection":[{"href":"https:\/\/987aldia.com\/web\/wp-json\/wp\/v2\/posts"}],"about":[{"href":"https:\/\/987aldia.com\/web\/wp-json\/wp\/v2\/types\/post"}],"author":[{"embeddable":true,"href":"https:\/\/987aldia.com\/web\/wp-json\/wp\/v2\/users\/1"}],"replies":[{"embeddable":true,"href":"https:\/\/987aldia.com\/web\/wp-json\/wp\/v2\/comments?post=11685"}],"version-history":[{"count":1,"href":"https:\/\/987aldia.com\/web\/wp-json\/wp\/v2\/posts\/11685\/revisions"}],"predecessor-version":[{"id":11761,"href":"https:\/\/987aldia.com\/web\/wp-json\/wp\/v2\/posts\/11685\/revisions\/11761"}],"wp:featuredmedia":[{"embeddable":true,"href":"https:\/\/987aldia.com\/web\/wp-json\/wp\/v2\/media\/11686"}],"wp:attachment":[{"href":"https:\/\/987aldia.com\/web\/wp-json\/wp\/v2\/media?parent=11685"}],"wp:term":[{"taxonomy":"category","embeddable":true,"href":"https:\/\/987aldia.com\/web\/wp-json\/wp\/v2\/categories?post=11685"},{"taxonomy":"post_tag","embeddable":true,"href":"https:\/\/987aldia.com\/web\/wp-json\/wp\/v2\/tags?post=11685"}],"curies":[{"name":"wp","href":"https:\/\/api.w.org\/{rel}","templated":true}]}}