{"id":11687,"date":"2026-03-16T21:39:10","date_gmt":"2026-03-16T20:39:10","guid":{"rendered":"https:\/\/987aldia.com\/web\/la-junta-apoya-a-82-bodegas-de-castilla-y-leon-en-la-feria-mundial-del-vino-prowein\/"},"modified":"2026-03-20T12:41:53","modified_gmt":"2026-03-20T11:41:53","slug":"la-junta-apoya-a-82-bodegas-de-castilla-y-leon-en-la-feria-mundial-del-vino-prowein","status":"publish","type":"post","link":"https:\/\/987aldia.com\/web\/la-junta-apoya-a-82-bodegas-de-castilla-y-leon-en-la-feria-mundial-del-vino-prowein\/","title":{"rendered":"La Junta Apoya a 82 Bodegas de Castilla y Le\u00f3n en la Feria Mundial del Vino ProWein"},"content":{"rendered":"<p>El 16 de marzo de 2026, en Castilla y Le\u00f3n, el viceconsejero de Econom\u00eda y Competitividad, Carlos Mart\u00edn Tobalina, respald\u00f3 a las empresas del sector vitivin\u00edcola de la comunidad en la 32\u00aa edici\u00f3n de la feria internacional ProWein, celebrada del 15 al 17 de marzo en D\u00fcsseldorf, Alemania. Este evento es uno de los m\u00e1s relevantes a nivel mundial para el sector del vino y las bebidas espirituosas, reuniendo a cerca de 4,000 expositores de m\u00e1s de 60 pa\u00edses.<\/p>\n<p>Con un presupuesto de 803,452 euros, la Junta de Castilla y Le\u00f3n particip\u00f3 con un pabell\u00f3n institucional a trav\u00e9s del Instituto para la Competitividad Empresarial (ICECYL), que acogi\u00f3 a 82 bodegas exportadoras. La representaci\u00f3n de la comunidad incluy\u00f3 a 20 bodegas de los consejos reguladores Bierzo y Toro bajo el paraguas del ICECYL, y otras 30 bodegas de los consejos reguladores Ribera del Duero y Rueda que asistieron de forma independiente. Este esfuerzo conjunto posiciona a Castilla y Le\u00f3n como la quinta comunidad aut\u00f3noma exportadora de vino de Espa\u00f1a, concentrando el 7.9% de las ventas nacionales.<\/p>\n<p>En 2025, las exportaciones de vino de Castilla y Le\u00f3n alcanzaron los 235 millones de euros, lo que representa un incremento del 0.5% respecto al a\u00f1o anterior. El vino es un producto estrella en la balanza comercial de la comunidad, representando cerca del 7% del total de las exportaciones agroalimentarias. Actualmente, Castilla y Le\u00f3n es la quinta comunidad exportadora de este producto en Espa\u00f1a, superada \u00fanicamente por el Pa\u00eds Vasco en el \u00faltimo a\u00f1o.<\/p>\n<p>Alemania se consolida como el tercer mayor importador de vino del mundo en valor, solo por detr\u00e1s de Estados Unidos y el Reino Unido. Para Castilla y Le\u00f3n, Alemania representa el 23% de sus exportaciones de vino a la Uni\u00f3n Europea. La comunidad se sit\u00faa como el quinto proveedor espa\u00f1ol en el mercado germano, con una cuota del 4.8% del total de vino que Espa\u00f1a exporta a este pa\u00eds.<\/p>\n<p>Dentro del mercado alem\u00e1n, el vino de Castilla y Le\u00f3n representa aproximadamente el 8% de las exportaciones agroalimentarias a este pa\u00eds. Por provincias, el 65% de estas ventas se realiza desde Valladolid, seguida de Segovia (19%) y Burgos (6.8%). Adem\u00e1s, el n\u00famero de empresas que exportan bebidas a Alemania de forma regular se mantiene estable en 79 empresas.<\/p>\n<p>ProWein se ha consolidado como la \u00fanica y m\u00e1s importante feria especializada en el sector vitivin\u00edcola y bebidas espirituosas en Alemania y es uno de los cert\u00e1menes m\u00e1s importantes a nivel mundial. Castilla y Le\u00f3n es la comunidad que m\u00e1s empresas representa en este certamen seguida de la Comunidad Valenciana con 34 empresas y Catalu\u00f1a y La Rioja, ambas con 30.<\/p>\n<p>Esta edici\u00f3n de ProWein se defini\u00f3 por una transformaci\u00f3n radical con un nuevo concepto ferial, con nuevos servicios para compradores y m\u00e1s digitalizaci\u00f3n. A lo largo de los tres d\u00edas de feria, se ofrecieron catas magistrales y catas independientes donde se mostr\u00f3 la amplia variedad internacional de caldos y donde estar\u00e1n presentes los vinos de Castilla y Le\u00f3n cuyas catas estar\u00e1n dirigidas por los sumilleres Pedro Ballesteros y Jonas Tofterup. En total ser\u00e1n 52 caldos de las diferentes denominaciones de origen de la regi\u00f3n, repartidos en cinco sesiones y acompa\u00f1ados de jam\u00f3n ib\u00e9rico y cecina, a cargo de la cortadora Cat G\u00f3mez.<\/p>\n<p>La participaci\u00f3n en ProWein no solo refuerza la presencia de Castilla y Le\u00f3n en el mercado internacional, sino que tambi\u00e9n subraya la importancia de la innovaci\u00f3n y la adaptaci\u00f3n a las nuevas tendencias del mercado global. La comunidad contin\u00faa consolid\u00e1ndose como un actor clave en el sector vitivin\u00edcola, con una estrategia clara de expansi\u00f3n y fortalecimiento de sus exportaciones.<\/p>\n","protected":false},"excerpt":{"rendered":"<p>El evento en D\u00fcsseldorf destaca la importancia del mercado alem\u00e1n para las exportaciones vitivin\u00edcolas de la regi\u00f3n.<\/p>\n","protected":false},"author":1,"featured_media":11688,"comment_status":"open","ping_status":"closed","sticky":false,"template":"","format":"standard","meta":{"_monsterinsights_skip_tracking":false,"_monsterinsights_sitenote_active":false,"_monsterinsights_sitenote_note":"","_monsterinsights_sitenote_category":0,"site-container-style":"default","site-container-layout":"default","site-sidebar-layout":"default","disable-article-header":"default","disable-site-header":"default","disable-site-footer":"default","disable-content-area-spacing":"default","_jetpack_memberships_contains_paid_content":false,"footnotes":"","jetpack_publicize_message":"","jetpack_publicize_feature_enabled":true,"jetpack_social_post_already_shared":true,"jetpack_social_options":{"image_generator_settings":{"template":"highway","default_image_id":0,"font":"","enabled":false},"version":2}},"categories":[10,1],"tags":[],"class_list":["post-11687","post","type-post","status-publish","format-standard","has-post-thumbnail","hentry","category-castilla-y-leon","category-uncategorized"],"jetpack_publicize_connections":[],"jetpack_featured_media_url":"https:\/\/987aldia.com\/web\/wp-content\/uploads\/2026\/03\/articulo_20260316_203842_dazejH.jpg","jetpack_sharing_enabled":true,"_links":{"self":[{"href":"https:\/\/987aldia.com\/web\/wp-json\/wp\/v2\/posts\/11687","targetHints":{"allow":["GET"]}}],"collection":[{"href":"https:\/\/987aldia.com\/web\/wp-json\/wp\/v2\/posts"}],"about":[{"href":"https:\/\/987aldia.com\/web\/wp-json\/wp\/v2\/types\/post"}],"author":[{"embeddable":true,"href":"https:\/\/987aldia.com\/web\/wp-json\/wp\/v2\/users\/1"}],"replies":[{"embeddable":true,"href":"https:\/\/987aldia.com\/web\/wp-json\/wp\/v2\/comments?post=11687"}],"version-history":[{"count":1,"href":"https:\/\/987aldia.com\/web\/wp-json\/wp\/v2\/posts\/11687\/revisions"}],"predecessor-version":[{"id":11760,"href":"https:\/\/987aldia.com\/web\/wp-json\/wp\/v2\/posts\/11687\/revisions\/11760"}],"wp:featuredmedia":[{"embeddable":true,"href":"https:\/\/987aldia.com\/web\/wp-json\/wp\/v2\/media\/11688"}],"wp:attachment":[{"href":"https:\/\/987aldia.com\/web\/wp-json\/wp\/v2\/media?parent=11687"}],"wp:term":[{"taxonomy":"category","embeddable":true,"href":"https:\/\/987aldia.com\/web\/wp-json\/wp\/v2\/categories?post=11687"},{"taxonomy":"post_tag","embeddable":true,"href":"https:\/\/987aldia.com\/web\/wp-json\/wp\/v2\/tags?post=11687"}],"curies":[{"name":"wp","href":"https:\/\/api.w.org\/{rel}","templated":true}]}}