{"id":11689,"date":"2026-03-17T11:55:21","date_gmt":"2026-03-17T10:55:21","guid":{"rendered":"https:\/\/987aldia.com\/web\/el-desafio-de-identificar-el-talento-intelectual-en-espana\/"},"modified":"2026-03-20T12:41:40","modified_gmt":"2026-03-20T11:41:40","slug":"el-desafio-de-identificar-el-talento-intelectual-en-espana","status":"publish","type":"post","link":"https:\/\/987aldia.com\/web\/el-desafio-de-identificar-el-talento-intelectual-en-espana\/","title":{"rendered":"El desaf\u00edo de identificar el talento intelectual en Espa\u00f1a"},"content":{"rendered":"<p>Espa\u00f1a es reconocida por su habilidad para detectar talento en el \u00e1mbito deportivo, especialmente en el f\u00fatbol. Sin embargo, cuando se trata de identificar habilidades intelectuales, el pa\u00eds enfrenta un desaf\u00edo significativo. La detecci\u00f3n de talento en \u00e1reas como la curiosidad, la inteligencia y las ideas innovadoras a menudo se pasa por alto.<\/p>\n<p>En la actualidad, Espa\u00f1a cuenta con centros de alto rendimiento dedicados a desarrollar a futuros deportistas de \u00e9lite, como el pr\u00f3ximo Nadal. No obstante, si un estudiante con el potencial de ser el pr\u00f3ximo Einstein se encuentra en un aula, es probable que pase desapercibido. Esta situaci\u00f3n no es una exageraci\u00f3n, sino una realidad preocupante.<\/p>\n<p>Investigaciones educativas sugieren que entre el 2% del alumnado posee altas capacidades. Sin embargo, en Espa\u00f1a, solo se identifica alrededor del 0,5% de estos estudiantes. Esto implica que una gran parte del talento intelectual permanece sin ser detectado ni desarrollado.<\/p>\n<p>La falta de identificaci\u00f3n y desarrollo de estas capacidades tiene consecuencias significativas. Cuando el sistema educativo no se adapta a las necesidades de estos estudiantes, muchos de ellos terminan rindiendo por debajo de su potencial. Esto no solo afecta a los individuos, sino que tambi\u00e9n representa una p\u00e9rdida para la sociedad en su conjunto, que no aprovecha al m\u00e1ximo el talento disponible.<\/p>\n<p>La situaci\u00f3n plantea la necesidad de revisar y mejorar los m\u00e9todos de detecci\u00f3n y apoyo a estudiantes con altas capacidades en el sistema educativo espa\u00f1ol. Implementar programas espec\u00edficos y capacitar a los docentes para reconocer y fomentar el talento intelectual podr\u00eda ser un paso crucial hacia un sistema educativo m\u00e1s inclusivo y eficiente.<\/p>\n<p>En conclusi\u00f3n, Espa\u00f1a enfrenta el reto de reconocer y desarrollar el talento intelectual de sus estudiantes. Abordar esta cuesti\u00f3n no solo beneficiar\u00eda a los individuos, sino que tambi\u00e9n fortalecer\u00eda el futuro del pa\u00eds al aprovechar plenamente su potencial humano. La implementaci\u00f3n de pol\u00edticas educativas m\u00e1s inclusivas y efectivas es esencial para asegurar que ning\u00fan talento quede sin descubrir.<\/p>\n","protected":false},"excerpt":{"rendered":"<p>La falta de detecci\u00f3n y desarrollo de altas capacidades en el sistema educativo espa\u00f1ol.<\/p>\n","protected":false},"author":1,"featured_media":11690,"comment_status":"open","ping_status":"closed","sticky":false,"template":"","format":"standard","meta":{"_monsterinsights_skip_tracking":false,"_monsterinsights_sitenote_active":false,"_monsterinsights_sitenote_note":"","_monsterinsights_sitenote_category":0,"site-container-style":"default","site-container-layout":"default","site-sidebar-layout":"default","disable-article-header":"default","disable-site-header":"default","disable-site-footer":"default","disable-content-area-spacing":"default","_jetpack_memberships_contains_paid_content":false,"footnotes":"","jetpack_publicize_message":"","jetpack_publicize_feature_enabled":true,"jetpack_social_post_already_shared":true,"jetpack_social_options":{"image_generator_settings":{"template":"highway","default_image_id":0,"font":"","enabled":false},"version":2}},"categories":[31,1],"tags":[],"class_list":["post-11689","post","type-post","status-publish","format-standard","has-post-thumbnail","hentry","category-economia","category-uncategorized"],"jetpack_publicize_connections":[],"jetpack_featured_media_url":"https:\/\/987aldia.com\/web\/wp-content\/uploads\/2026\/03\/whatsapp_article_20260317_090729_jUQDra.png","jetpack_sharing_enabled":true,"_links":{"self":[{"href":"https:\/\/987aldia.com\/web\/wp-json\/wp\/v2\/posts\/11689","targetHints":{"allow":["GET"]}}],"collection":[{"href":"https:\/\/987aldia.com\/web\/wp-json\/wp\/v2\/posts"}],"about":[{"href":"https:\/\/987aldia.com\/web\/wp-json\/wp\/v2\/types\/post"}],"author":[{"embeddable":true,"href":"https:\/\/987aldia.com\/web\/wp-json\/wp\/v2\/users\/1"}],"replies":[{"embeddable":true,"href":"https:\/\/987aldia.com\/web\/wp-json\/wp\/v2\/comments?post=11689"}],"version-history":[{"count":1,"href":"https:\/\/987aldia.com\/web\/wp-json\/wp\/v2\/posts\/11689\/revisions"}],"predecessor-version":[{"id":11759,"href":"https:\/\/987aldia.com\/web\/wp-json\/wp\/v2\/posts\/11689\/revisions\/11759"}],"wp:featuredmedia":[{"embeddable":true,"href":"https:\/\/987aldia.com\/web\/wp-json\/wp\/v2\/media\/11690"}],"wp:attachment":[{"href":"https:\/\/987aldia.com\/web\/wp-json\/wp\/v2\/media?parent=11689"}],"wp:term":[{"taxonomy":"category","embeddable":true,"href":"https:\/\/987aldia.com\/web\/wp-json\/wp\/v2\/categories?post=11689"},{"taxonomy":"post_tag","embeddable":true,"href":"https:\/\/987aldia.com\/web\/wp-json\/wp\/v2\/tags?post=11689"}],"curies":[{"name":"wp","href":"https:\/\/api.w.org\/{rel}","templated":true}]}}