{"id":11693,"date":"2026-03-17T14:30:56","date_gmt":"2026-03-17T13:30:56","guid":{"rendered":"https:\/\/987aldia.com\/web\/un-tercio-de-los-medicos-mantiene-la-huelga-que-afecto-a-2-000-consultas-en-leon\/"},"modified":"2026-03-20T14:21:45","modified_gmt":"2026-03-20T13:21:45","slug":"un-tercio-de-los-medicos-mantiene-la-huelga-que-afecto-a-2-000-consultas-en-leon","status":"publish","type":"post","link":"https:\/\/987aldia.com\/web\/un-tercio-de-los-medicos-mantiene-la-huelga-que-afecto-a-2-000-consultas-en-leon\/","title":{"rendered":"Un tercio de los m\u00e9dicos mantiene la huelga que afect\u00f3 a 2.000 consultas en Le\u00f3n"},"content":{"rendered":"<p>La huelga convocada por los sindicatos m\u00e9dicos ha tenido un seguimiento del 26% en Le\u00f3n, seg\u00fan los datos proporcionados por la Gerencia Regional de Salud. Este paro, de alcance nacional, ha afectado a diversas \u00e1reas de salud en la comunidad, especialmente en el turno de ma\u00f1ana.<\/p>\n<p>En los centros de Sacyl, el paro ha alcanzado un 24% en Atenci\u00f3n Hospitalaria, con 1.084 profesionales en huelga, y un 9% en Atenci\u00f3n Primaria, con 227 m\u00e9dicos sum\u00e1ndose a la protesta. La Consejer\u00eda de Salud ha informado que se han cancelado 240 intervenciones quir\u00fargicas y 432 pruebas diagn\u00f3sticas, adem\u00e1s de 3.810 consultas externas en los hospitales de la comunidad.<\/p>\n<p>Por provincias, el seguimiento ha sido variado: \u00c1vila con un 7.3% (31 m\u00e9dicos en huelga), Burgos con un 25.1% (215 en huelga), Le\u00f3n con un 30% (309), Palencia con un 15.6% (71), Salamanca con un 15.6% (197), Segovia con un 16.2% (79), Soria con un 24% (57), Valladolid Este con un 16.2% (286) y Zamora con un 11.7% (48).<\/p>\n<p>La jornada de huelga ha resultado en la cancelaci\u00f3n de 6.407 consultas programadas en los servicios de salud de la comunidad. En Le\u00f3n, las cifras son especialmente significativas, con 1.067 consultas suspendidas. Otras provincias tambi\u00e9n han registrado cancelaciones notables: \u00c1vila (490), Burgos (1.017), El Bierzo (266), Palencia (399), Salamanca (847), Segovia (308), Soria (419), Valladolid Este (301), Valladolid Oeste (245) y Zamora (378).<\/p>\n<p>La huelga se reanudar\u00e1 en marzo, en la segunda semana de paro del a\u00f1o, en un contexto de creciente tensi\u00f3n entre los sindicatos y el Ministerio de Sanidad. La ministra ha acusado a los m\u00e9dicos de tener motivaciones pol\u00edticas m\u00e1s que laborales, lo que ha generado controversia entre los profesionales de la salud.<\/p>\n<p>Las organizaciones sindicales han manifestado que continuar\u00e1n con la movilizaci\u00f3n hasta que sus demandas sean atendidas, lo que podr\u00eda prolongar el conflicto en el sector sanitario de Castilla y Le\u00f3n.<\/p>\n","protected":false},"excerpt":{"rendered":"<p>La ministra se\u00f1ala motivos pol\u00edticos en las demandas de los profesionales sanitarios.<\/p>\n","protected":false},"author":1,"featured_media":11694,"comment_status":"open","ping_status":"closed","sticky":false,"template":"","format":"standard","meta":{"_monsterinsights_skip_tracking":false,"_monsterinsights_sitenote_active":false,"_monsterinsights_sitenote_note":"","_monsterinsights_sitenote_category":0,"site-container-style":"default","site-container-layout":"default","site-sidebar-layout":"default","disable-article-header":"default","disable-site-header":"default","disable-site-footer":"default","disable-content-area-spacing":"default","_jetpack_memberships_contains_paid_content":false,"footnotes":"","jetpack_publicize_message":"","jetpack_publicize_feature_enabled":true,"jetpack_social_post_already_shared":true,"jetpack_social_options":{"image_generator_settings":{"template":"highway","default_image_id":0,"font":"","enabled":false},"version":2}},"categories":[33],"tags":[],"class_list":["post-11693","post","type-post","status-publish","format-standard","has-post-thumbnail","hentry","category-leon"],"jetpack_publicize_connections":[],"jetpack_featured_media_url":"https:\/\/987aldia.com\/web\/wp-content\/uploads\/2026\/03\/especialidad_article_20260317_110159_siMPMb.png","jetpack_sharing_enabled":true,"_links":{"self":[{"href":"https:\/\/987aldia.com\/web\/wp-json\/wp\/v2\/posts\/11693","targetHints":{"allow":["GET"]}}],"collection":[{"href":"https:\/\/987aldia.com\/web\/wp-json\/wp\/v2\/posts"}],"about":[{"href":"https:\/\/987aldia.com\/web\/wp-json\/wp\/v2\/types\/post"}],"author":[{"embeddable":true,"href":"https:\/\/987aldia.com\/web\/wp-json\/wp\/v2\/users\/1"}],"replies":[{"embeddable":true,"href":"https:\/\/987aldia.com\/web\/wp-json\/wp\/v2\/comments?post=11693"}],"version-history":[{"count":1,"href":"https:\/\/987aldia.com\/web\/wp-json\/wp\/v2\/posts\/11693\/revisions"}],"predecessor-version":[{"id":11758,"href":"https:\/\/987aldia.com\/web\/wp-json\/wp\/v2\/posts\/11693\/revisions\/11758"}],"wp:featuredmedia":[{"embeddable":true,"href":"https:\/\/987aldia.com\/web\/wp-json\/wp\/v2\/media\/11694"}],"wp:attachment":[{"href":"https:\/\/987aldia.com\/web\/wp-json\/wp\/v2\/media?parent=11693"}],"wp:term":[{"taxonomy":"category","embeddable":true,"href":"https:\/\/987aldia.com\/web\/wp-json\/wp\/v2\/categories?post=11693"},{"taxonomy":"post_tag","embeddable":true,"href":"https:\/\/987aldia.com\/web\/wp-json\/wp\/v2\/tags?post=11693"}],"curies":[{"name":"wp","href":"https:\/\/api.w.org\/{rel}","templated":true}]}}