{"id":1185,"date":"2023-05-25T10:43:12","date_gmt":"2023-05-25T10:43:12","guid":{"rendered":"https:\/\/987aldia.com\/web\/?p=1185"},"modified":"2023-05-25T10:43:13","modified_gmt":"2023-05-25T10:43:13","slug":"una-treintena-de-centros-publicos-de-formacion-profesional-de-la-comunidad-realizan-este-curso-44-proyectos-en-colaboracion-con-empresas","status":"publish","type":"post","link":"https:\/\/987aldia.com\/web\/una-treintena-de-centros-publicos-de-formacion-profesional-de-la-comunidad-realizan-este-curso-44-proyectos-en-colaboracion-con-empresas\/","title":{"rendered":"Una treintena de centros p\u00fablicos de Formaci\u00f3n Profesional de la Comunidad realizan este curso 44 proyectos en colaboraci\u00f3n con empresas"},"content":{"rendered":"\n<ul class=\"wp-block-list\">\n<li>El Bocyl recoge esta ma\u00f1ana la resoluci\u00f3n de la convocatoria del programa Aula-Empresa+ para centros p\u00fablicos a realizar este a\u00f1o, de la que se beneficiar\u00e1n 34<\/li>\n\n\n\n<li>La Junta favorece as\u00ed la colaboraci\u00f3n entre empresas y centros docentes, contribuyendo a la adecuaci\u00f3n del sistema educativo al mercado laboral<\/li>\n\n\n\n<li>Las iniciativas seleccionadas en esta convocatoria, dotada con 450.000 euros, fomentan la innovaci\u00f3n, la digitalizaci\u00f3n y el emprendimiento<\/li>\n\n\n\n<li>La Consejer\u00eda de Educaci\u00f3n ha tenido en cuenta la condici\u00f3n de centro de excelencia de los participantes a la hora de baremar los proyectos<\/li>\n<\/ul>\n\n\n\n<p>La Junta de Castilla y Le\u00f3n convoca anualmente el programa \u2018Aula-Empresa\u2019 para establecer un espacio de encuentro y trabajo entre los centros docentes y el entorno productivo. El Bolet\u00edn Oficial de Castilla y Le\u00f3n (Bocyl) recoge hoy la resoluci\u00f3n de la convocatoria relativa a centros p\u00fablicos, que cuenta con un presupuesto de 450.000 euros y afecta a 16 familias profesionales. En total, se beneficiar\u00e1n 34 centros -23 centros Integrados de Formaci\u00f3n Profesional (CIFP) y 11 institutos de Ense\u00f1anza Secundaria (IES)-.<\/p>\n\n\n\n<p>Cada proyecto puede recibir una asignaci\u00f3n econ\u00f3mica de hasta 10.000 euros y en el caso de proyectos conjuntos, donde participan en su desarrollo dos o m\u00e1s centros p\u00fablicos, el importe puede incrementarse hasta los 20.000 euros.<\/p>\n\n\n\n<p><strong>Tres l\u00edneas<\/strong><\/p>\n\n\n\n<p>Las actividades que se desarrollan en los proyectos Aula-Empresa+ pueden girar en torno a las siguientes l\u00edneas de actuaci\u00f3n. La primera de ellas, \u2018Emprendimiento\u2019, abarca proyectos innovadores que favorezcan el emprendimiento desde los centros de Formaci\u00f3n Profesional y que los centros educativos puedan actuar como viveros de empresas.<\/p>\n\n\n\n<p>En segundo lugar, en la l\u00ednea \u2018Digitalizaci\u00f3n y Transformaci\u00f3n Tecnol\u00f3gica\u2019 se hallan proyectos innovadores que respondan a las demandas de las empresas del sector y supongan una transformaci\u00f3n tecnol\u00f3gica, digital y metodol\u00f3gica del centro.<\/p>\n\n\n\n<p>Por otro lado, los proyectos enmarcados en la tercera l\u00ednea, \u2018Innovaci\u00f3n\u2019, promueven una colaboraci\u00f3n muy estrecha del centro educativo con una o m\u00e1s empresas, para responder mejor a las demandas del mercado laboral y construir un ecosistema de competencias. Pueden estar relacionados con la especializaci\u00f3n inteligente, la transferencia del conocimiento de las organizaciones empresariales a los centros educativos y de los centros educativos a las peque\u00f1as y medianas empresas de su entorno o el aprendizaje basado en el trabajo.<\/p>\n","protected":false},"excerpt":{"rendered":"<p>La Junta de Castilla y Le\u00f3n convoca anualmente el programa \u2018Aula-Empresa\u2019 para establecer un espacio de encuentro y trabajo entre los centros docentes y el entorno productivo. El Bolet\u00edn Oficial de Castilla y Le\u00f3n (Bocyl) recoge hoy la resoluci\u00f3n de la convocatoria relativa a centros p\u00fablicos, que cuenta con un presupuesto de 450.000 euros y [&hellip;]<\/p>\n","protected":false},"author":1,"featured_media":1186,"comment_status":"open","ping_status":"closed","sticky":false,"template":"","format":"standard","meta":{"_monsterinsights_skip_tracking":false,"_monsterinsights_sitenote_active":false,"_monsterinsights_sitenote_note":"","_monsterinsights_sitenote_category":0,"site-container-style":"default","site-container-layout":"default","site-sidebar-layout":"default","disable-article-header":"default","disable-site-header":"default","disable-site-footer":"default","disable-content-area-spacing":"default","_jetpack_memberships_contains_paid_content":false,"footnotes":"","jetpack_publicize_message":"","jetpack_publicize_feature_enabled":true,"jetpack_social_post_already_shared":false,"jetpack_social_options":{"image_generator_settings":{"template":"highway","default_image_id":0,"font":"","enabled":false},"version":2}},"categories":[10],"tags":[],"class_list":["post-1185","post","type-post","status-publish","format-standard","has-post-thumbnail","hentry","category-castilla-y-leon"],"jetpack_publicize_connections":[],"jetpack_featured_media_url":"https:\/\/987aldia.com\/web\/wp-content\/uploads\/2023\/05\/kenny-eliason-1-aA2Fadydc-unsplash.jpg","jetpack_sharing_enabled":true,"_links":{"self":[{"href":"https:\/\/987aldia.com\/web\/wp-json\/wp\/v2\/posts\/1185","targetHints":{"allow":["GET"]}}],"collection":[{"href":"https:\/\/987aldia.com\/web\/wp-json\/wp\/v2\/posts"}],"about":[{"href":"https:\/\/987aldia.com\/web\/wp-json\/wp\/v2\/types\/post"}],"author":[{"embeddable":true,"href":"https:\/\/987aldia.com\/web\/wp-json\/wp\/v2\/users\/1"}],"replies":[{"embeddable":true,"href":"https:\/\/987aldia.com\/web\/wp-json\/wp\/v2\/comments?post=1185"}],"version-history":[{"count":1,"href":"https:\/\/987aldia.com\/web\/wp-json\/wp\/v2\/posts\/1185\/revisions"}],"predecessor-version":[{"id":1187,"href":"https:\/\/987aldia.com\/web\/wp-json\/wp\/v2\/posts\/1185\/revisions\/1187"}],"wp:featuredmedia":[{"embeddable":true,"href":"https:\/\/987aldia.com\/web\/wp-json\/wp\/v2\/media\/1186"}],"wp:attachment":[{"href":"https:\/\/987aldia.com\/web\/wp-json\/wp\/v2\/media?parent=1185"}],"wp:term":[{"taxonomy":"category","embeddable":true,"href":"https:\/\/987aldia.com\/web\/wp-json\/wp\/v2\/categories?post=1185"},{"taxonomy":"post_tag","embeddable":true,"href":"https:\/\/987aldia.com\/web\/wp-json\/wp\/v2\/tags?post=1185"}],"curies":[{"name":"wp","href":"https:\/\/api.w.org\/{rel}","templated":true}]}}