{"id":1191,"date":"2023-05-25T10:46:17","date_gmt":"2023-05-25T10:46:17","guid":{"rendered":"https:\/\/987aldia.com\/web\/?p=1191"},"modified":"2023-05-25T10:46:17","modified_gmt":"2023-05-25T10:46:17","slug":"zamora-acoge-las-xxxi-jornadas-de-fisioterapia-en-atencion-primaria-de-castilla-y-leon","status":"publish","type":"post","link":"https:\/\/987aldia.com\/web\/zamora-acoge-las-xxxi-jornadas-de-fisioterapia-en-atencion-primaria-de-castilla-y-leon\/","title":{"rendered":"Zamora acoge las \u201cXXXI Jornadas de Fisioterapia en Atenci\u00f3n Primaria de Castilla y Le\u00f3n\u201d"},"content":{"rendered":"\n<h2 class=\"wp-block-heading\"><strong>Se celebran ma\u00f1ana viernes, 26 de mayo, en la Escuela de Enfermer\u00eda de la capital para abordar la evoluci\u00f3n de la fisioterapia en la Atenci\u00f3n Primaria.<\/strong><\/h2>\n\n\n\n<p>La Gerencia de Asistencia Sanitaria de Zamora ha organizado las \u201cXXXI Jornadas de Fisioterapia en Atenci\u00f3n Primaria de Castilla y Le\u00f3n\u201d, que se celebran ma\u00f1ana en nuestra ciudad, en concreto en la Escuela de Enfermer\u00eda, con el objetivo de analizar la importancia del trabajo del fisioterapeuta en Atenci\u00f3n Primaria, as\u00ed como su evoluci\u00f3n y desarrollo para conseguir una mejora en la calidad asistencial desde la Atenci\u00f3n Primaria.<\/p>\n\n\n\n<p>Dichas Jornadas est\u00e1n dirigidas a los m\u00e1s de 100 fisioterapeutas procedentes de todas las \u00c1reas de Salud de Atenci\u00f3n Primaria de Castilla y Le\u00f3n y la inauguraci\u00f3n, que correr\u00e1 a cargo de la delegada territorial, Leticia Garc\u00eda, comenzar\u00e1 a las 9 de la ma\u00f1ana.<\/p>\n\n\n\n<p>Bajo el lema \u201cFisioterapia en metamorfosis\u201d, se pretende mostrar los cambios, la evoluci\u00f3n, el desarrollo y la importancia del trabajo del Fisioterapeuta en Atenci\u00f3n Primaria desde sus or\u00edgenes hasta la actualidad, mediante la potenciaci\u00f3n de cuidados basados en la evidencia cient\u00edfica y compartiendo experiencias.<\/p>\n\n\n\n<p>Para ello, tendr\u00e1n lugar ponencias en las que excelentes profesionales de referencia abordar\u00e1n temas fundamentales para la evoluci\u00f3n del trabajo del Fisioterapeuta en Atenci\u00f3n Primaria y relevantes tanto a nivel asistencial, como es la nutrici\u00f3n en pacientes con dolor cr\u00f3nico, como a nivel cient\u00edfico y de investigaci\u00f3n.<\/p>\n\n\n\n<p>Asimismo, se har\u00e1 hincapi\u00e9 en la necesaria implicaci\u00f3n del paciente en su tratamiento mediante el ejercicio terap\u00e9utico, se mostrar\u00e1n nuevos enfoques en las consultas y se hablar\u00e1 sobre la actualizaci\u00f3n de temas en Fisioterapia dentro de este \u00e1mbito asistencial, as\u00ed como se expondr\u00e1n trabajos cient\u00edficos.<\/p>\n\n\n\n<p>Para finalizar dichas Jornadas, se celebrar\u00e1 una mesa redonda en la que todos los participantes pueden compartir sus vivencias, sus dudas e inquietudes, aportar nuevas ideas y as\u00ed, entre todos, conseguir una mejora en la calidad asistencial del fisioterapeuta en Atenci\u00f3n Primaria.<\/p>\n","protected":false},"excerpt":{"rendered":"<p>Se celebran ma\u00f1ana viernes, 26 de mayo, en la Escuela de Enfermer\u00eda de la capital para abordar la evoluci\u00f3n de la fisioterapia en la Atenci\u00f3n Primaria. La Gerencia de Asistencia Sanitaria de Zamora ha organizado las \u201cXXXI Jornadas de Fisioterapia en Atenci\u00f3n Primaria de Castilla y Le\u00f3n\u201d, que se celebran ma\u00f1ana en nuestra ciudad, en [&hellip;]<\/p>\n","protected":false},"author":1,"featured_media":1192,"comment_status":"open","ping_status":"closed","sticky":false,"template":"","format":"standard","meta":{"_monsterinsights_skip_tracking":false,"_monsterinsights_sitenote_active":false,"_monsterinsights_sitenote_note":"","_monsterinsights_sitenote_category":0,"site-container-style":"default","site-container-layout":"default","site-sidebar-layout":"default","disable-article-header":"default","disable-site-header":"default","disable-site-footer":"default","disable-content-area-spacing":"default","_jetpack_memberships_contains_paid_content":false,"footnotes":"","jetpack_publicize_message":"","jetpack_publicize_feature_enabled":true,"jetpack_social_post_already_shared":false,"jetpack_social_options":{"image_generator_settings":{"template":"highway","default_image_id":0,"font":"","enabled":false},"version":2}},"categories":[10],"tags":[],"class_list":["post-1191","post","type-post","status-publish","format-standard","has-post-thumbnail","hentry","category-castilla-y-leon"],"jetpack_publicize_connections":[],"jetpack_featured_media_url":"https:\/\/987aldia.com\/web\/wp-content\/uploads\/2023\/05\/toa-heftiba-a9pFSC8dTlo-unsplash.jpg","jetpack_sharing_enabled":true,"_links":{"self":[{"href":"https:\/\/987aldia.com\/web\/wp-json\/wp\/v2\/posts\/1191","targetHints":{"allow":["GET"]}}],"collection":[{"href":"https:\/\/987aldia.com\/web\/wp-json\/wp\/v2\/posts"}],"about":[{"href":"https:\/\/987aldia.com\/web\/wp-json\/wp\/v2\/types\/post"}],"author":[{"embeddable":true,"href":"https:\/\/987aldia.com\/web\/wp-json\/wp\/v2\/users\/1"}],"replies":[{"embeddable":true,"href":"https:\/\/987aldia.com\/web\/wp-json\/wp\/v2\/comments?post=1191"}],"version-history":[{"count":1,"href":"https:\/\/987aldia.com\/web\/wp-json\/wp\/v2\/posts\/1191\/revisions"}],"predecessor-version":[{"id":1193,"href":"https:\/\/987aldia.com\/web\/wp-json\/wp\/v2\/posts\/1191\/revisions\/1193"}],"wp:featuredmedia":[{"embeddable":true,"href":"https:\/\/987aldia.com\/web\/wp-json\/wp\/v2\/media\/1192"}],"wp:attachment":[{"href":"https:\/\/987aldia.com\/web\/wp-json\/wp\/v2\/media?parent=1191"}],"wp:term":[{"taxonomy":"category","embeddable":true,"href":"https:\/\/987aldia.com\/web\/wp-json\/wp\/v2\/categories?post=1191"},{"taxonomy":"post_tag","embeddable":true,"href":"https:\/\/987aldia.com\/web\/wp-json\/wp\/v2\/tags?post=1191"}],"curies":[{"name":"wp","href":"https:\/\/api.w.org\/{rel}","templated":true}]}}