{"id":11922,"date":"2026-04-29T12:57:29","date_gmt":"2026-04-29T10:57:29","guid":{"rendered":"https:\/\/987aldia.com\/web\/los-autonomos-societarios-protestan-por-la-carga-fiscal-y-las-pensiones\/"},"modified":"2026-04-29T12:57:29","modified_gmt":"2026-04-29T10:57:29","slug":"los-autonomos-societarios-protestan-por-la-carga-fiscal-y-las-pensiones","status":"publish","type":"post","link":"https:\/\/987aldia.com\/web\/los-autonomos-societarios-protestan-por-la-carga-fiscal-y-las-pensiones\/","title":{"rendered":"Los aut\u00f3nomos societarios protestan por la carga fiscal y las pensiones"},"content":{"rendered":"<p>Los aut\u00f3nomos societarios en Espa\u00f1a han alzado la voz en una serie de manifestaciones que se han llevado a cabo en diversas ciudades del pa\u00eds. El motivo principal de estas protestas es la creciente carga fiscal que sienten que les afecta desproporcionadamente, as\u00ed como las preocupaciones sobre las pensiones que recibir\u00e1n en el futuro.<\/p>\n<p>El colectivo denuncia que, a pesar de las contribuciones significativas que realizan al sistema a trav\u00e9s del Impuesto sobre la Renta de las Personas F\u00edsicas (IRPF) y las cuotas mensuales de aut\u00f3nomos, las pensiones que se les prometen son considerablemente bajas. Esta situaci\u00f3n ha generado un sentimiento de injusticia y descontento entre los aut\u00f3nomos, quienes argumentan que el sistema actual no refleja adecuadamente sus aportaciones.<\/p>\n<p>En declaraciones recogidas durante las manifestaciones, muchos aut\u00f3nomos expresaron su frustraci\u00f3n por lo que consideran un trato desigual en comparaci\u00f3n con otros trabajadores. \u00abMe quitan dinero de la n\u00f3mina del IRPF, tengo que pagar la cuota y voy a tener una jubilaci\u00f3n irrisoria\u00bb, es una queja com\u00fan entre los manifestantes. Este sentimiento de agravio se ha intensificado con las recientes reformas que han incrementado las cuotas de los aut\u00f3nomos, una medida que el colectivo califica de &#8216;abusiva&#8217;.<\/p>\n<p>Las protestas han sido organizadas por diversas asociaciones de aut\u00f3nomos que buscan presionar al gobierno para que reeval\u00fae las pol\u00edticas fiscales y de seguridad social que afectan a este sector. Los l\u00edderes de estas asociaciones han se\u00f1alado que, si bien entienden la necesidad de contribuir al sistema de bienestar social, las actuales condiciones son insostenibles para muchos peque\u00f1os empresarios y trabajadores por cuenta propia.<\/p>\n<p>Adem\u00e1s de las preocupaciones fiscales, los manifestantes tambi\u00e9n han destacado la falta de apoyo institucional en otras \u00e1reas, como el acceso al cr\u00e9dito y la formaci\u00f3n profesional. Muchos aut\u00f3nomos sienten que, a pesar de ser un pilar fundamental de la econom\u00eda espa\u00f1ola, no reciben el respaldo necesario para prosperar y crecer.<\/p>\n<p>La situaci\u00f3n de los aut\u00f3nomos en Espa\u00f1a es compleja y multifac\u00e9tica. Seg\u00fan datos recientes, este colectivo representa una parte significativa del mercado laboral, con millones de personas trabajando por cuenta propia. Sin embargo, las condiciones econ\u00f3micas y las pol\u00edticas gubernamentales han creado un entorno desafiante para ellos.<\/p>\n<p>El gobierno, por su parte, ha respondido a las protestas se\u00f1alando que est\u00e1 trabajando en medidas para mejorar la situaci\u00f3n de los aut\u00f3nomos. No obstante, los manifestantes insisten en que se necesitan acciones m\u00e1s concretas y urgentes para abordar sus preocupaciones.<\/p>\n<p>En conclusi\u00f3n, las protestas de los aut\u00f3nomos societarios en Espa\u00f1a reflejan un descontento profundo con el sistema actual. La carga fiscal, las bajas pensiones y la falta de apoyo institucional son temas que requieren atenci\u00f3n inmediata para garantizar la sostenibilidad y el bienestar de este importante sector de la econom\u00eda.<\/p>\n","protected":false},"excerpt":{"rendered":"<p>El colectivo se moviliza en toda Espa\u00f1a contra lo que consideran una subida abusiva de cuotas.<\/p>\n","protected":false},"author":1,"featured_media":11923,"comment_status":"open","ping_status":"closed","sticky":false,"template":"","format":"standard","meta":{"_monsterinsights_skip_tracking":false,"_monsterinsights_sitenote_active":false,"_monsterinsights_sitenote_note":"","_monsterinsights_sitenote_category":0,"site-container-style":"default","site-container-layout":"default","site-sidebar-layout":"default","disable-article-header":"default","disable-site-header":"default","disable-site-footer":"default","disable-content-area-spacing":"default","_jetpack_memberships_contains_paid_content":false,"footnotes":"","jetpack_publicize_message":"","jetpack_publicize_feature_enabled":true,"jetpack_social_post_already_shared":true,"jetpack_social_options":{"image_generator_settings":{"template":"highway","default_image_id":0,"font":"","enabled":false},"version":2}},"categories":[10],"tags":[],"class_list":["post-11922","post","type-post","status-publish","format-standard","has-post-thumbnail","hentry","category-castilla-y-leon"],"jetpack_publicize_connections":[],"jetpack_featured_media_url":"https:\/\/987aldia.com\/web\/wp-content\/uploads\/2026\/04\/whatsapp_article_20260428_054503_Y0CZpJ.png","jetpack_sharing_enabled":true,"_links":{"self":[{"href":"https:\/\/987aldia.com\/web\/wp-json\/wp\/v2\/posts\/11922","targetHints":{"allow":["GET"]}}],"collection":[{"href":"https:\/\/987aldia.com\/web\/wp-json\/wp\/v2\/posts"}],"about":[{"href":"https:\/\/987aldia.com\/web\/wp-json\/wp\/v2\/types\/post"}],"author":[{"embeddable":true,"href":"https:\/\/987aldia.com\/web\/wp-json\/wp\/v2\/users\/1"}],"replies":[{"embeddable":true,"href":"https:\/\/987aldia.com\/web\/wp-json\/wp\/v2\/comments?post=11922"}],"version-history":[{"count":0,"href":"https:\/\/987aldia.com\/web\/wp-json\/wp\/v2\/posts\/11922\/revisions"}],"wp:featuredmedia":[{"embeddable":true,"href":"https:\/\/987aldia.com\/web\/wp-json\/wp\/v2\/media\/11923"}],"wp:attachment":[{"href":"https:\/\/987aldia.com\/web\/wp-json\/wp\/v2\/media?parent=11922"}],"wp:term":[{"taxonomy":"category","embeddable":true,"href":"https:\/\/987aldia.com\/web\/wp-json\/wp\/v2\/categories?post=11922"},{"taxonomy":"post_tag","embeddable":true,"href":"https:\/\/987aldia.com\/web\/wp-json\/wp\/v2\/tags?post=11922"}],"curies":[{"name":"wp","href":"https:\/\/api.w.org\/{rel}","templated":true}]}}