{"id":11926,"date":"2026-04-29T13:09:04","date_gmt":"2026-04-29T11:09:04","guid":{"rendered":"https:\/\/987aldia.com\/web\/el-programa-cyl-digital-colabora-con-12-entidades-para-reducir-la-brecha-tecnologica-en-castilla-y-leon\/"},"modified":"2026-04-29T13:09:04","modified_gmt":"2026-04-29T11:09:04","slug":"el-programa-cyl-digital-colabora-con-12-entidades-para-reducir-la-brecha-tecnologica-en-castilla-y-leon","status":"publish","type":"post","link":"https:\/\/987aldia.com\/web\/el-programa-cyl-digital-colabora-con-12-entidades-para-reducir-la-brecha-tecnologica-en-castilla-y-leon\/","title":{"rendered":"El Programa CYL Digital Colabora con 12 Entidades para Reducir la Brecha Tecnol\u00f3gica en Castilla y Le\u00f3n"},"content":{"rendered":"<p>La Junta de Castilla y Le\u00f3n ha reafirmado su compromiso con la inclusi\u00f3n digital a trav\u00e9s del programa CYL Digital, que trabaja con 12 entidades sociales para mejorar las competencias digitales de personas con discapacidad y otros colectivos vulnerables. El consejero de Movilidad y Transformaci\u00f3n Digital, Jos\u00e9 Luis Sanz Merino, visit\u00f3 el Centro Rural Ocupacional FUNDABEM en Navaluenga, \u00c1vila, donde se est\u00e1 desarrollando un curso dirigido a usuarios de esta entidad.<\/p>\n<p>El programa CYL Digital, impulsado por la Consejer\u00eda de Movilidad y Transformaci\u00f3n Digital, cuenta con una red de 347 centros asociados rurales y 9 espacios en las capitales de provincia. Su objetivo es garantizar que la informaci\u00f3n digital llegue a todos los ciudadanos, especialmente a aquellos con mayores dificultades de acceso, como personas mayores, desempleados o personas con discapacidad.<\/p>\n<p>Sanz Merino destac\u00f3 que \u00abla transformaci\u00f3n digital solo ser\u00e1 completa si llega a todas las personas y todos los territorios\u00bb, subrayando la importancia de que la tecnolog\u00eda se convierta en una herramienta de inclusi\u00f3n. Adem\u00e1s, enfatiz\u00f3 que \u00abla inclusi\u00f3n digital de las personas con discapacidad no es solo una cuesti\u00f3n de acceso a la tecnolog\u00eda, sino de oportunidades, autonom\u00eda y participaci\u00f3n plena en la sociedad\u00bb.<\/p>\n<p>El programa ofrece formaci\u00f3n gratuita que abarca desde gestiones cotidianas hasta herramientas avanzadas vinculadas a redes sociales, inteligencia artificial y productividad digital. Esta formaci\u00f3n es accesible no solo a colectivos con mayores dificultades, sino tambi\u00e9n a peque\u00f1os empresarios y familias.<\/p>\n<p>En la provincia de \u00c1vila, CYL Digital cuenta con 45 centros asociados, 36 de ellos incorporados en los \u00faltimos cuatro a\u00f1os, y ha facilitado equipamiento inform\u00e1tico a 41 centros. Adem\u00e1s, dispone de un aula m\u00f3vil que permite acercar la formaci\u00f3n tecnol\u00f3gica a los municipios con menor poblaci\u00f3n.<\/p>\n<p>El programa suma ya m\u00e1s de 17,000 usuarios y ha realizado 1,940 actividades, consolid\u00e1ndose como una herramienta esencial para reducir la brecha digital y favorecer el desarrollo territorial. Con iniciativas como esta, la Junta de Castilla y Le\u00f3n contin\u00faa avanzando en una transformaci\u00f3n digital inclusiva, cercana y al servicio de las personas.<\/p>\n","protected":false},"excerpt":{"rendered":"<p>La iniciativa busca mejorar las competencias digitales de personas con discapacidad y otros colectivos vulnerables.<\/p>\n","protected":false},"author":1,"featured_media":11927,"comment_status":"open","ping_status":"closed","sticky":false,"template":"","format":"standard","meta":{"_monsterinsights_skip_tracking":false,"_monsterinsights_sitenote_active":false,"_monsterinsights_sitenote_note":"","_monsterinsights_sitenote_category":0,"site-container-style":"default","site-container-layout":"default","site-sidebar-layout":"default","disable-article-header":"default","disable-site-header":"default","disable-site-footer":"default","disable-content-area-spacing":"default","_jetpack_memberships_contains_paid_content":false,"footnotes":"","jetpack_publicize_message":"","jetpack_publicize_feature_enabled":true,"jetpack_social_post_already_shared":true,"jetpack_social_options":{"image_generator_settings":{"template":"highway","default_image_id":0,"font":"","enabled":false},"version":2}},"categories":[10],"tags":[],"class_list":["post-11926","post","type-post","status-publish","format-standard","has-post-thumbnail","hentry","category-castilla-y-leon"],"jetpack_publicize_connections":[],"jetpack_featured_media_url":"https:\/\/987aldia.com\/web\/wp-content\/uploads\/2026\/04\/whatsapp_article_20260429_110317_OgK3F0.png","jetpack_sharing_enabled":true,"_links":{"self":[{"href":"https:\/\/987aldia.com\/web\/wp-json\/wp\/v2\/posts\/11926","targetHints":{"allow":["GET"]}}],"collection":[{"href":"https:\/\/987aldia.com\/web\/wp-json\/wp\/v2\/posts"}],"about":[{"href":"https:\/\/987aldia.com\/web\/wp-json\/wp\/v2\/types\/post"}],"author":[{"embeddable":true,"href":"https:\/\/987aldia.com\/web\/wp-json\/wp\/v2\/users\/1"}],"replies":[{"embeddable":true,"href":"https:\/\/987aldia.com\/web\/wp-json\/wp\/v2\/comments?post=11926"}],"version-history":[{"count":0,"href":"https:\/\/987aldia.com\/web\/wp-json\/wp\/v2\/posts\/11926\/revisions"}],"wp:featuredmedia":[{"embeddable":true,"href":"https:\/\/987aldia.com\/web\/wp-json\/wp\/v2\/media\/11927"}],"wp:attachment":[{"href":"https:\/\/987aldia.com\/web\/wp-json\/wp\/v2\/media?parent=11926"}],"wp:term":[{"taxonomy":"category","embeddable":true,"href":"https:\/\/987aldia.com\/web\/wp-json\/wp\/v2\/categories?post=11926"},{"taxonomy":"post_tag","embeddable":true,"href":"https:\/\/987aldia.com\/web\/wp-json\/wp\/v2\/tags?post=11926"}],"curies":[{"name":"wp","href":"https:\/\/api.w.org\/{rel}","templated":true}]}}