{"id":1198,"date":"2023-05-25T07:23:43","date_gmt":"2023-05-25T07:23:43","guid":{"rendered":"https:\/\/987aldia.com\/web\/?p=1198"},"modified":"2023-05-26T07:25:16","modified_gmt":"2023-05-26T07:25:16","slug":"el-psoe-de-san-andres-analiza-en-una-jornada-el-rol-de-la-mujer-en-el-emprendimiento","status":"publish","type":"post","link":"https:\/\/987aldia.com\/web\/el-psoe-de-san-andres-analiza-en-una-jornada-el-rol-de-la-mujer-en-el-emprendimiento\/","title":{"rendered":"El PSOE de San Andr\u00e9s analiza en una jornada el rol de la mujer en el emprendimiento"},"content":{"rendered":"\n<h2 class=\"wp-block-heading\">La candidata a la Alcald\u00eda, Camino Caba\u00f1as, modera una mesa redonda con la presencia de la diputada nacional y secretaria socialista de Igualdad, Andrea Fern\u00e1ndez, y las aut\u00f3nomas y empresarias Gemma Garc\u00eda, Noelia Rodr\u00edguez, Mar\u00eda Mart\u00edn e Ylenia P\u00e9rez.<\/h2>\n\n\n\n<p>La Galer\u00eda Cinabrio, situada en el Barrio de Para\u00edso Cantinas de Trobajo del Camino, ha acogido la jornada \u2018Mujer del Siglo XXI\u2019, una mesa redonda moderada por la candidata del PSOE a la Alcald\u00eda de San Andr\u00e9s del Rabanedo, Camino Caba\u00f1as, y que ha contado con la participaci\u00f3n de la diputada nacional y secretaria socialista de Igualdad, Andrea Fern\u00e1ndez, y las aut\u00f3nomas y empresarias Gemma Garc\u00eda, Noelia Rodr\u00edguez, Mar\u00eda Mart\u00edn e Ylenia P\u00e9rez.<\/p>\n\n\n\n<p>\u201cEn este encuentro busc\u00e1bamos la representaci\u00f3n del municipio, pero sobre todo de empresarias\u201d, ha apuntado Camino Caba\u00f1as, que ha celebrado este encuentro en un lugar emblem\u00e1tico como la Galer\u00eda Cinabrio, muy vinculada a Trobajo del Camino y que es ejemplo de dinamizaci\u00f3n de la sociedad con m\u00faltiples actividades para todas las edades. \u201cPor el hecho de ser mujer se cuestionan determinadas cosas, y no solo nos perjudica a nosotras, sino al conjunto de la sociedad\u201d, ha apuntado la actual alcaldesa de San Andr\u00e9s, que tambi\u00e9n ha reflexionado sobre sus dificultades para ejercer su responsabilidad, adem\u00e1s de la importancia de generar redes con otros l\u00edderes, algo que \u201clos hombres cultivan m\u00e1s\u201d.<\/p>\n\n\n\n<p>Han sido varios los asuntos abordados en esta reuni\u00f3n, que han girado en torno al rol de la mujer en el desarrollo de los negocios en la actualidad, los retos y las dificultades a las que se enfrentan en su trayectoria laboral y c\u00f3mo las mujeres vinculan el desarrollo personal y profesional.<\/p>\n\n\n\n<p>\u201cMe interesa mucho lo que me pod\u00e9is contar, la perspectiva que dais de ser mujer y empresaria en una provincia como Le\u00f3n\u201d, ha apuntado Andrea Fern\u00e1ndez, para la que \u201csuele quedarse al margen la problem\u00e1tica a la que se enfrentan las mujeres que est\u00e1n en la direcci\u00f3n de empresas\u201d. Por eso ha planteado cuestiones que no se suelen plasmar en los debates del feminismo, como la dificultad \u201cpara reengancharse a los puestos cuando est\u00e1n fuera, y desde la pol\u00edtica se puede trabajar para influir en los liderazgos\u201d. \u201cCuando conseguimos una posici\u00f3n, con las dificultades que entra\u00f1a, a veces no sabemos relacionarnos con el poder\u201d, ha reconocido la secretaria federal de Igualdad.<\/p>\n\n\n\n<p>\u201cDespu\u00e9s de viajar por el mundo, decid\u00ed volver a Le\u00f3n y montar mi empresa en casa, poder dedicarme al arte, a la escuela, a la galer\u00eda de arte, y por eso voy a luchar, para que haya en Le\u00f3n m\u00e1s educaci\u00f3n art\u00edstica\u201d, ha resaltado Gemma Garc\u00eda, gerente de la Galer\u00eda de Arte Cinabrio, quien ha reconocido que \u201cproblemas siempre hay, pero en eso hay que trabajar\u201d.<\/p>\n\n\n\n<p>Noelia Rodr\u00edguez, presidenta de la Asociaci\u00f3n de Mujeres Empresarias y Directivas de Le\u00f3n (Asele), ha resaltado que precisamente se ha creado este colectivo porque \u201caunque se ha avanzado mucho en igualdad, hay cuestiones que se ven desde una perspectiva diferente\u201d. \u201cNecesitamos al hombre y al empresario para alcanzar esa igualdad efectiva, y todav\u00eda queda mucho por hacer, porque lo tenemos que visibilizar y contar nosotras\u201d, ha explicado durante una de sus intervenciones.<\/p>\n\n\n\n<p>\u201cTenemos que educar desde el principio a las ni\u00f1as y a los ni\u00f1os en igualdad, y las mujeres que tenemos familia necesitamos conciliaci\u00f3n y educaci\u00f3n de base, para que se visibilice y que todas podamos ejercer igual que los hombres\u201d, ha resaltado Ylenia P\u00e9rez, vicepresidenta de Asele y asentada en el municipio con su negocio, Arte-Ce &amp; Arte-Mueble, quien ha puesto como ejemplo a San Andr\u00e9s por tener una alcaldesa como Camino Caba\u00f1as. Por su parte, Mar\u00eda Mart\u00edn, tambi\u00e9n vicepresidenta de Asele y gerente de otro negocio en San Andr\u00e9s, Levidrio, ha reivindicado \u201cla visi\u00f3n femenina y feminista\u201d que desde sus empresas y desde la asociaci\u00f3n se da a los negocios. \u201cLevantamos la mano para decir que somos visibles, somos mujeres y tambi\u00e9n podemos ser empresarias\u201d, ha agregado, adem\u00e1s de coincidir en las dificultades que hay en algunos sectores muy masculinizados hist\u00f3ricamente y que poco a poco han conseguido cambiar la perspectiva.<\/p>\n","protected":false},"excerpt":{"rendered":"<p>La candidata a la Alcald\u00eda, Camino Caba\u00f1as, modera una mesa redonda con la presencia de la diputada nacional y secretaria socialista de Igualdad, Andrea Fern\u00e1ndez, y las aut\u00f3nomas y empresarias Gemma Garc\u00eda, Noelia Rodr\u00edguez, Mar\u00eda Mart\u00edn e Ylenia P\u00e9rez. La Galer\u00eda Cinabrio, situada en el Barrio de Para\u00edso Cantinas de Trobajo del Camino, ha acogido [&hellip;]<\/p>\n","protected":false},"author":1,"featured_media":1199,"comment_status":"open","ping_status":"closed","sticky":false,"template":"","format":"standard","meta":{"_monsterinsights_skip_tracking":false,"_monsterinsights_sitenote_active":false,"_monsterinsights_sitenote_note":"","_monsterinsights_sitenote_category":0,"site-container-style":"default","site-container-layout":"default","site-sidebar-layout":"default","disable-article-header":"default","disable-site-header":"default","disable-site-footer":"default","disable-content-area-spacing":"default","_jetpack_memberships_contains_paid_content":false,"footnotes":"","jetpack_publicize_message":"","jetpack_publicize_feature_enabled":true,"jetpack_social_post_already_shared":false,"jetpack_social_options":{"image_generator_settings":{"template":"highway","default_image_id":0,"font":"","enabled":false},"version":2}},"categories":[7],"tags":[],"class_list":["post-1198","post","type-post","status-publish","format-standard","has-post-thumbnail","hentry","category-notas-de-prensa"],"jetpack_publicize_connections":[],"jetpack_featured_media_url":"https:\/\/987aldia.com\/web\/wp-content\/uploads\/2023\/05\/Jornada-mujer-en-el-siglo-XXI.jpg","jetpack_sharing_enabled":true,"_links":{"self":[{"href":"https:\/\/987aldia.com\/web\/wp-json\/wp\/v2\/posts\/1198","targetHints":{"allow":["GET"]}}],"collection":[{"href":"https:\/\/987aldia.com\/web\/wp-json\/wp\/v2\/posts"}],"about":[{"href":"https:\/\/987aldia.com\/web\/wp-json\/wp\/v2\/types\/post"}],"author":[{"embeddable":true,"href":"https:\/\/987aldia.com\/web\/wp-json\/wp\/v2\/users\/1"}],"replies":[{"embeddable":true,"href":"https:\/\/987aldia.com\/web\/wp-json\/wp\/v2\/comments?post=1198"}],"version-history":[{"count":1,"href":"https:\/\/987aldia.com\/web\/wp-json\/wp\/v2\/posts\/1198\/revisions"}],"predecessor-version":[{"id":1200,"href":"https:\/\/987aldia.com\/web\/wp-json\/wp\/v2\/posts\/1198\/revisions\/1200"}],"wp:featuredmedia":[{"embeddable":true,"href":"https:\/\/987aldia.com\/web\/wp-json\/wp\/v2\/media\/1199"}],"wp:attachment":[{"href":"https:\/\/987aldia.com\/web\/wp-json\/wp\/v2\/media?parent=1198"}],"wp:term":[{"taxonomy":"category","embeddable":true,"href":"https:\/\/987aldia.com\/web\/wp-json\/wp\/v2\/categories?post=1198"},{"taxonomy":"post_tag","embeddable":true,"href":"https:\/\/987aldia.com\/web\/wp-json\/wp\/v2\/tags?post=1198"}],"curies":[{"name":"wp","href":"https:\/\/api.w.org\/{rel}","templated":true}]}}