{"id":1204,"date":"2023-05-25T07:28:02","date_gmt":"2023-05-25T07:28:02","guid":{"rendered":"https:\/\/987aldia.com\/web\/?p=1204"},"modified":"2023-05-26T07:30:08","modified_gmt":"2023-05-26T07:30:08","slug":"la-comision-de-patrimonio-autoriza-la-ampliacion-del-alumbrado-publico-del-castillo-de-magana","status":"publish","type":"post","link":"https:\/\/987aldia.com\/web\/la-comision-de-patrimonio-autoriza-la-ampliacion-del-alumbrado-publico-del-castillo-de-magana\/","title":{"rendered":"La Comisi\u00f3n de Patrimonio autoriza la ampliaci\u00f3n del alumbrado p\u00fablico del castillo de Maga\u00f1a"},"content":{"rendered":"\n<ul class=\"wp-block-list\">\n<li>El proyecto tambi\u00e9n contempla la iluminaci\u00f3n de la iglesia de San Mart\u00edn de Tours y la ermita de Nuestra Se\u00f1ora de Barruso.<\/li>\n\n\n\n<li>Patrimonio ha informado favorablemente la ampliaci\u00f3n de la carretera SO-630, en San Pedro Manrique.<\/li>\n\n\n\n<li>La Comisi\u00f3n ha autorizado el pr\u00e9stamo de un manuscrito de la catedral de El Burgo de Osma y el retejado de una iglesia en El Royo, y ha conocido los hallazgos de prospecciones arqueol\u00f3gicas en Alentisque y Borobia.<\/li>\n\n\n\n<li>La Comisi\u00f3n de Medio Ambiente y Urbanismo ha acordado que el proyecto de acondicionamiento de la SO-615, entre Yanguas y el embalse de Enciso, debe someterse a evaluaci\u00f3n de impacto ambiental ordinaria.<\/li>\n<\/ul>\n\n\n\n<p>La Comisi\u00f3n Territorial de Patrimonio Cultural, reunida esta ma\u00f1ana bajo la presidencia de la delegada territorial de la Junta de Castilla y Le\u00f3n en Soria, Yolanda de Gregorio, ha dado el visto bueno a las obras de ampliaci\u00f3n del alumbrado p\u00fablico del castillo de Maga\u00f1a, un proyecto promovido por el Ayuntamiento de la localidad.<\/p>\n\n\n\n<p>La solicitud se extiende tambi\u00e9n a la iluminaci\u00f3n ornamental y funcional en el casco urbano de la localidad, incluyendo el acceso vial al municipio, la iglesia de San Mart\u00edn de Tours y la ermita de Nuestra Se\u00f1ora de Barruso, que se suman al castillo.<\/p>\n\n\n\n<p>La nueva instalaci\u00f3n se organizar\u00e1 en tres l\u00edneas: la primera, de iluminaci\u00f3n exterior del castillo de Maga\u00f1a y su rampa de acceso; la segunda, de iluminaci\u00f3n de la fachada de la ermita y su camino de acceso; y la tercera, de iluminaci\u00f3n de las fachadas laterales de la iglesia.<\/p>\n\n\n\n<p>En la l\u00ednea 1 se dispondr\u00e1n luminarias en el ascenso al castillo, con un primer tramo de b\u00e1culos bajos, con iluminaci\u00f3n dirigida al viario, hasta llegar a un antepecho de piedra, en el que se empotrar\u00e1 luminarias hasta el castillo. En el per\u00edmetro exterior se instalar\u00e1 iluminaci\u00f3n ornamental en los cubos que ser\u00e1 cubierta por cajones de madera para integrarla con el entorno. En el interior se pondr\u00e1 iluminaci\u00f3n encastrada en el terreno, sujeta con mortero de cemento, para iluminar las murallas interiores visibles desde el exterior.<\/p>\n\n\n\n<p>La Comisi\u00f3n ha decretado adem\u00e1s que se pondr\u00e1 una l\u00e1mina separadora entre la roca y el mortero de fijaci\u00f3n, y que, para evitar el aplastamiento y asegurar que la capa de mortero sea lo m\u00e1s fina posible, en las zonas donde la roca es m\u00e1s superficial, se pondr\u00e1 un mallazo de reparto de cargas.<\/p>\n\n\n\n<p>Para la canalizaci\u00f3n de la iluminaci\u00f3n en los cubos donde m\u00e1s pendiente hay, se realizar\u00e1n las secciones de tubo m\u00e1s finas posible y cercanas a la muralla, sin fijarlos ni anclarlos en la misma, para ocultarlos lo m\u00e1ximo posible. Asimismo, en las luminarias encastradas en el terreno se usar\u00e1n moldes circulares para dar forma homog\u00e9nea al mortero de fijaci\u00f3n, enras\u00e1ndolo posteriormente con tierra o grava.<\/p>\n\n\n\n<p>En la segunda l\u00ednea, Patrimonio ha a\u00f1adido prescripciones para impedir que la canalizaci\u00f3n que ilumina el camino hasta la ermita de Nuestra Se\u00f1ora de Barruso se lleve por la ladera. En cambio, ha propuesto que discurra por el lateral del camino, en el borde del barranco, poniendo en los laterales piedra y parte superior con piedra, a modo de peque\u00f1o z\u00f3calo. Las luminarias ir\u00e1n embebidas en el z\u00f3calo en lugar de ir en b\u00e1culos.<\/p>\n\n\n\n<p>El paso al recinto interior de la ermita se adelantar\u00e1 unos metros, llevando la conducci\u00f3n por la zona de tierra tras las cruces existentes junto a la entrada del recinto sacro, atravesando el cerramiento por ese punto, y no junto a la puerta de acceso, donde ser\u00eda mucho m\u00e1s visible.<\/p>\n\n\n\n<p>La tercera l\u00ednea es la que abastece a las otros dos, y una tercera de iluminaci\u00f3n urbana y ornamental de la iglesia. Este trazado es el m\u00e1s conflictivo por la organizaci\u00f3n de la red el\u00e9ctrica existente, dado que el transformador est\u00e1 situado tras el \u00e1bside de la iglesia, teniendo que llevar obligatoriamente la l\u00ednea hasta el mismo.<\/p>\n\n\n\n<p>La l\u00ednea de alimentaci\u00f3n el\u00e9ctrica va desde un poste que se sit\u00faa en la zona noroeste de la iglesia, de forma a\u00e9rea siguiendo el trazado de l\u00edneas existentes, hasta la fachada de la iglesia, yendo el cableado fijado a la fachada hasta el transformador. Del trasformador salen, de forma a\u00e9rea y siguiendo el trazado de otras l\u00edneas ya existentes, el cableado para abastecer las dos l\u00edneas descritas anteriormente. Adicionalmente, sale una tercera l\u00ednea que cruza la calle tras el \u00e1bside hasta la edificaci\u00f3n situada frente al mismo de forma a\u00e9rea, canaliz\u00e1ndose posteriormente para poner iluminaci\u00f3n a trav\u00e9s de farolas de dise\u00f1o decimon\u00f3nico en la calle de ascensi\u00f3n a la iglesia desde la carretera. Esta misma l\u00ednea incluye otra red fijada a la fachada de la iglesia, bajando por varios puntos de la fachada, para colocar iluminaci\u00f3n decorativa de la iglesia.<\/p>\n\n\n\n<p>La Comisi\u00f3n ha prescrito para esta tercera l\u00ednea que en el trazado concerniente a la iluminaci\u00f3n de la Iglesia de San Mart\u00edn de Tours, en lo que respecta a la fachada norte, el cableado se llevar\u00e1 por fachada desde el transformador hasta la primera bajante de la iglesia, donde se bajar\u00e1 la canalizaci\u00f3n llevando el resto de la conducci\u00f3n de forma canalizada. En lo que respecta a la fachada sur se llevar\u00e1 por la fachada, siguiendo el trazado del cableado existente, hasta pasar el arco, llevando la l\u00ednea de forma canalizada para los dos proyectores contemplados. Se recomienda estudiar la posibilidad, como recorrido alternativo a esta \u00faltima l\u00ednea sur, cruzar el cable aprovechando las l\u00edneas a\u00e9reas existentes hasta la edificaci\u00f3n situada junto al arco de acceso al recinto sacro, y dado que no es zona de paso de veh\u00edculos, bajar el cableado pro la vivienda y llevarlo por el lateral de la v\u00eda, protegido con alg\u00fan tratamiento de piedra u otro que se mimetice con el entorno, a nivel de suelo antes de cruzar el arco.<\/p>\n\n\n\n<p><strong>Mejoras en la SO-630<\/strong><\/p>\n\n\n\n<p>La Comisi\u00f3n de Patrimonio ha recibido el informe relativo a las modificaciones de las obras de mejora de la plataforma y firme de la carretera SO-630, en el municipio de San Pedro Manrique, entre los puntos kilom\u00e9tricos 18,170 y 18,950, que afectan a la zona del yacimiento paleoicnol\u00f3gico \u2018Valles de Valdelalosa\u2019, promovidas por el Servicio Territorial de Movilidad y Transformaci\u00f3n Digital.<\/p>\n\n\n\n<p>El informe se\u00f1ala que ya se est\u00e1n ejecutando las obras de ensanche y mejora de la carretera SO-630 en el t\u00e9rmino de San Pedro Manrique, pero que dada la presencia de este yacimiento, declarado Bien de Inter\u00e9s Cultural (BIC), la Comisi\u00f3n inform\u00f3 desfavorablemente sobre las obras de ensanche planteadas en el lado derecho, permitiendo \u00fanicamente obras de mantenimiento o reparaci\u00f3n del trazado actual, que deb\u00eda ir acompa\u00f1ado de un estudio sobre la incidencia de las obras en el patrimonio paleontol\u00f3gico.<\/p>\n\n\n\n<p>Como consecuencia de los trabajos de prospecci\u00f3n paleontol\u00f3gica que se han venido realizando simult\u00e1neamente a la ejecuci\u00f3n de las obras, se ha puesto de manifiesto que los niveles con huellas se concentran sobre todo en el margen derecho de la carretera, muy pr\u00f3ximas a esta, mientras que en el lado izquierdo las huellas son m\u00e1s aisladas y est\u00e1n alejadas a una distancia mayor del vial dentro del barranco.<\/p>\n\n\n\n<p>Teniendo en cuenta la nula presencia de niveles de huellas a una distancia inferior a nueve metros en el margen izquierdo de la carretera y con el objetivo de conseguir una anchura homog\u00e9nea de la plataforma, la Comisi\u00f3n ha concluido que, en aras de mejora de la seguridad vial, la ampliaci\u00f3n de dos o tres metros en el margen izquierdo de la carretera resultar\u00eda compatible con la protecci\u00f3n del patrimonio paleoicnol\u00f3gico siempre que se lleve a cabo el control paleontol\u00f3gico de la limpieza de la vegetaci\u00f3n, la retirada de bloques sueltos,&nbsp; el saneado de derrubios y la revisi\u00f3n de los acopios de bloques para recuperaci\u00f3n de posibles restos descontextualizados, todo ello&nbsp; con el fin de evaluar y establecer las oportunas medidas de documentaci\u00f3n y protecci\u00f3n de las evidencias paleontol\u00f3gicas arqueol\u00f3gicas que en su caso se hallen.<\/p>\n\n\n\n<p><strong>Actuaciones relacionadas con la Iglesia<\/strong><\/p>\n\n\n\n<p>La Comisi\u00f3n ha autorizado el pr\u00e9stamo del manuscrito \u2018Fortatilitium Fidei\u2019, propiedad de la Catedral de la Asunci\u00f3n de El Burgo de Osma, al Museo Nacional del Prado, en Madrid, y al Museu Nacional d\u2019Art de Catalunya, en Barcelona, para la exposici\u00f3n \u2018El espejo perdido. La imagen del jud\u00edo y el juda\u00edsmo en la Espa\u00f1a Medieval\u2019.<\/p>\n\n\n\n<p>Patrimonio ha accedido al pr\u00e9stamo a condici\u00f3n de que se suscriba un seguro de los denominados \u2018clavo a clavo\u2019 para la obra y de que el traslado se lleve a cabo por una empresa especializada.<\/p>\n\n\n\n<p>La Comisi\u00f3n ha recibido tambi\u00e9n el informe relativo a las obras de retejado de la iglesia parroquial de Santa Mar\u00eda Magdalena, situada en el barrio de Langosto, en el municipio de El Royo. La documentaci\u00f3n se\u00f1ala la ausencia de tejas y su deterioro en las cubiertas de la iglesia. Patrimonio ha informado favorablemente&nbsp;la solicitud presentada para llevar a cabo esta intervenci\u00f3n y ha recomendado que cuando las actuaciones precisen del uso de morteros, estos sean en base de cal y no de cemento de portland. Adem\u00e1s, tambi\u00e9n ha sugerido que, en futuros retejados integrales de la cubierta, las tejas sea de tipo \u00e1rabe y no mixtas, como son en la actualidad.<\/p>\n\n\n\n<p><strong>Hallazgos en Alentisque y Borobia<\/strong><\/p>\n\n\n\n<p>La Comisi\u00f3n ha conocido los resultados del informe de la prospecci\u00f3n arqueol\u00f3gica vinculada al estudio de impacto ambiental para el anexo al proyecto de hibridaci\u00f3n de una planta fotovoltaica en el municipio de Alentisque, promovido por la empresa ARTESA Estudios Ambientales, S.L.<\/p>\n\n\n\n<p>El informe se\u00f1ala que se han prospectado los 0,25 kil\u00f3metros cuadrados que constituyen la ampliaci\u00f3n del proyecto de hibridaci\u00f3n de la instalaci\u00f3n fotovoltaica, asociado a un parque e\u00f3lico actualmente en funcionamiento. Los resultados apuntan a que estos terrenos coinciden parcialmente con el yacimiento calcol\u00edtico de \u2018Cerro Gordo\u2019, registrado en el Inventario de Bienes del Patrimonio Cultural.<\/p>\n\n\n\n<p>Dado que estos restos podr\u00edan verse afectados de forma integral por esta ampliaci\u00f3n, y teniendo en cuenta que su extensi\u00f3n y entidad no est\u00e1n suficientemente comprobadas y su ubicaci\u00f3n exacta es imprecisa, el informe considera que el proyecto es compatible con la adopci\u00f3n de la medida consistente en la realizaci\u00f3n de un control arqueol\u00f3gico en el \u00e1rea que ocupa el yacimiento y un buffer en su entorno de 25 metros.<\/p>\n\n\n\n<p>Asimismo, la Comisi\u00f3n de Patrimonio tambi\u00e9n ha conocido el informe de resultados de la prospecci\u00f3n arqueol\u00f3gica vinculada a la contestaci\u00f3n de las alegaciones realizadas al proyecto de ampliaci\u00f3n de la cantera de la explotaci\u00f3n de magnesita \u2018San Pablo-San Roque\u2019, en el municipio de Borobia, una iniciativa impulsada por la empresa Magnesitas y Dolom\u00edas de Borobia, S.L.<\/p>\n\n\n\n<p>La ampliaci\u00f3n de esta cantera afecta al entorno del yacimiento de \u2018La Conejeras\u2019, as\u00ed como a un conjunto de construcciones etnol\u00f3gicas que podr\u00edan estar relacionadas con un poblado minero cuyo origen se remontar\u00eda a la \u00e9poca prerromana. Adem\u00e1s, el paraje est\u00e1 atravesado por una v\u00eda hist\u00f3rica denominada \u2018Senda de los taberneros\u2019, que conectaba con una calzada romana y que era la ruta de entrada del vino de Arag\u00f3n en Castilla desde la \u00e9poca medieval.<\/p>\n\n\n\n<p>La intervenci\u00f3n ha permitido registrar varios elementos de car\u00e1cter etnol\u00f3gico, todos ellos construidos en mamposter\u00eda a hueso. Estos restos se corresponden a un corral o encerradero conocido como \u2018La barrera del sastre\u2019 y a una paridera que se mantiene en buen estado de conservaci\u00f3n, as\u00ed como a un edificio llamado \u2018La casa de abajo\u2019, que se encuentra parcialmente derrumbada.<\/p>\n\n\n\n<p>En cuanto a la senda de los taberneros, la prospecci\u00f3n no ha encontrado indicios materiales que confirmen su existencia f\u00edsica dado que su trazado no es visible en la actualidad, aunque las referencias hist\u00f3ricas, orales y topon\u00edmicas parecen apoyar su existencia.<\/p>\n\n\n\n<p>Teniendo en cuenta todo ello, el informe concluye que la ampliaci\u00f3n propuesta es compatible con la conservaci\u00f3n del patrimonio cultural, ya que las medidas correctoras garantizan su preservaci\u00f3n frente a la ampliaci\u00f3n propuesta. Asimismo, el control arqueol\u00f3gico de los movimientos del terreno asegurar\u00e1 la localizaci\u00f3n y documentaci\u00f3n, en su caso, de restos o estructuras ocultas.<\/p>\n\n\n\n<p><strong>Fibra \u00f3ptica, cargadores el\u00e9ctricos y abastecimiento de agua<\/strong><\/p>\n\n\n\n<p>La Comisi\u00f3n ha sido informada sobre algunas iniciativas vinculadas a la instalaci\u00f3n de cables de fibra \u00f3ptica en tres localidades de la provincia impulsadas por la empresa Telef\u00f3nica de Espa\u00f1a, S.A.U. En Santa Mar\u00eda de Huerta, Patrimonio ha autorizado el tendido de un cable por infraestructura a\u00e9rea dentro del entorno de protecci\u00f3n de las \u2018Ruinas C\u00edclopes, Castro Cicl\u00f3peo y Alto de Ballestar\u2019, si bien ha recomendado que, dentro de las zonas arqueol\u00f3gicas, se estudien trazados alternativos fuera del \u00e1rea de protecci\u00f3n.<\/p>\n\n\n\n<p>Tambi\u00e9n ha recibido dos informes relativos a obras para la instalaci\u00f3n de cables de fibra \u00f3ptica en los municipios de Ciria y Recuerda. En el primer caso, Telef\u00f3nica solicit\u00f3 autorizaci\u00f3n para canalizar la red, que se iniciar\u00eda en el cruce de la N-234 con la carretera SO-P-2017, donde atravesar\u00eda el yacimiento arqueol\u00f3gico de \u2018La Fragua\u2019. La Comisi\u00f3n ha informado favorablemente de esta actuaci\u00f3n, a condici\u00f3n de que las zanjas que se realicen en las zonas de protecci\u00f3n sean llevadas a cabo bajo supervisi\u00f3n arqueol\u00f3gica de un profesional.<\/p>\n\n\n\n<p>Finalmente, la Comisi\u00f3n tambi\u00e9n ha recibido un informe relativo a la instalaci\u00f3n de fibra \u00f3ptica en la poblaci\u00f3n de Nograles, perteneciente al municipio de Recuerda, desde las zonas de Galapagares (Recuerda) hasta Sauquillo de Paredes (Retortillo de Soria). La canalizaci\u00f3n de la red, mediante arquetas y postes a lo largo del trazado, cruzar\u00eda el yacimiento de Herrer\u00edas. Por ello, aunque Patrimonio ha informado favorablemente de esta intervenci\u00f3n, ha prescrito igualmente que las zanjas que se realicen en las zonas de protecci\u00f3n arqueol\u00f3gica sean supervisadas por un arque\u00f3logo profesional.<\/p>\n\n\n\n<p>La Comisi\u00f3n de Patrimonio ha autorizado la instalaci\u00f3n de un punto de recarga para veh\u00edculos el\u00e9ctricos en la plaza del Prado del Castillo de Yanguas, promovida por el Ayuntamiento de la localidad.<\/p>\n\n\n\n<p>Si bien Patrimonio ha dado el visto bueno a esta actuaci\u00f3n, tambi\u00e9n ha prescrito que, si fuera viable, se siga el trazado del cable existente para abastecer la electrolinera, atravesando la fachada hasta llegar al otro lado del soportal. Aunque la bajante fuese por el interior, se deber\u00e1 buscar la mejor forma de disimularla.<\/p>\n\n\n\n<p>Asimismo, la Comisi\u00f3n ha recomendado que, de cara a futuras instalaciones de electrolineras p\u00fablicas, estas no se deber\u00edan concentrar dentro del conjunto hist\u00f3rico, especialmente en lugares representativos como esta plaza. En cambio, se deber\u00edan planificar p\u00e1rquines disuasorios que permitan la recarga, evitando la concentraci\u00f3n de veh\u00edculos estacionados y recarg\u00e1ndose dentro del conjunto hist\u00f3rico.<\/p>\n\n\n\n<p>Por otro lado, Patrimonio tambi\u00e9n ha autorizado el control y los sondeos arqueol\u00f3gicos del proyecto para la conexi\u00f3n con el dep\u00f3sito de Garray y el abastecimiento de los municipios de Fuentecantos, Fuentelsaz y Buitrago, promovido por la Sociedad P\u00fablica de Infraestructuras y Medio Ambiente de Castilla y Le\u00f3n (Somacyl).<\/p>\n\n\n\n<p>Las actuaciones arqueol\u00f3gicas consistir\u00e1n en la realizaci\u00f3n de sondeos arqueol\u00f3gicos previos en el trazado de la v\u00eda romana XXVII, en el t\u00e9rmino de Garray; en el yacimiento de \u201cLa Calzada\u201d, en el t\u00e9rmino de Fuentecanto; y en el entorno de protecci\u00f3n de la iglesia rom\u00e1nica de Fuentelsaz de Soria. Asimismo, se llevar\u00e1 a cabo el control arqueol\u00f3gico de los movimientos de tierra que ser\u00e1 intensivo en las proximidades de los entornos de protecci\u00f3n arqueol\u00f3gica y peri\u00f3dico en el resto. En funci\u00f3n de los resultados se establecer\u00e1n las medidas de documentaci\u00f3n y protecci\u00f3n que procedan. &nbsp;<\/p>\n\n\n\n<p><strong>Proyectos vinculados a energ\u00edas renovables<\/strong><\/p>\n\n\n\n<p>La Comisi\u00f3n de Patrimonio tambi\u00e9n ha tratado en su reuni\u00f3n de esta ma\u00f1ana algunos asuntos relacionados con proyectos de instalaci\u00f3n o ampliaci\u00f3n de plantas de generaci\u00f3n de energ\u00edas renovables. Entre ellos, ha recibido el informe de los resultados del a prospecci\u00f3n arqueol\u00f3gica vinculada al proyecto de construcci\u00f3n de una planta fotovoltaica en los t\u00e9rminos municipales de Berat\u00f3n y \u00d3lvega, promovido por la empresa Benbros Solar 2, S.L.U.<\/p>\n\n\n\n<p>La prospecci\u00f3n ha permitido comprobar que esta actuaci\u00f3n afecta a los yacimientos de \u2018Calarizo Gordo\u2019 y \u2018Loma del Roble\u2019, as\u00ed como en \u00e1reas localizadas con dispersi\u00f3n de materiales arqeuol\u00f3gicos de \u2018El Calarizo\u2019 y \u2018Loma del Roble\u2019. Se trata en todos los casos de restos calcol\u00edticos y modernos.<\/p>\n\n\n\n<p>El Servicio Territorial de Cultura, Turismo y Deporte concluye que la instalaci\u00f3n es compatible con la protecci\u00f3n de estos hallazgos si se aplican medidas correctoras, como la realizaci\u00f3n de sondeos arqueol\u00f3gicos previos en las zonas de protecci\u00f3n. Para ello se llevar\u00e1 a cabo de forma previa un decapado de la capa vegetal, bajo supervisi\u00f3n arqueol\u00f3gica, y en funci\u00f3n de los resultados se realizar\u00e1n sondeos o se sustituir\u00e1 por un control arqueol\u00f3gico de los movimientos del terreno.<\/p>\n\n\n\n<p>La Comisi\u00f3n tambi\u00e9n ha recibido los resultados del informe de la prospecci\u00f3n arqueol\u00f3gica y el estudio del patrimonio cultural de los parques e\u00f3licos \u2018Cabezuelas\u2019, \u2018Pedrecha\u2019 y \u2018San Crist\u00f3bal\u2019, as\u00ed como de la l\u00ednea el\u00e9ctrica de Velilla de los Ajos. Esta iniciativa, promovida por la empresa Green Capital Powers, S.L.U., afecta a los t\u00e9rminos municipales de Nolay, Maj\u00e1n, Velilla de los Ajos, Borjabad, Ser\u00f3n de N\u00e1gima, Ca\u00f1amaque, Torlengua y Cihuela.<\/p>\n\n\n\n<p>El informe de la arque\u00f3loga del Servicio Territorial se\u00f1ala que como resultado de los trabajos de prospecci\u00f3n arqueol\u00f3gica se han localizado dos nuevos yacimientos prehist\u00f3ricos con restos l\u00edticos de s\u00edlex. Sin embargo, el proyecto se considera compatible con la protecci\u00f3n del patrimonio cultural siempre que se lleven a cabo medidas correctoras durante la ejecuci\u00f3n de las obras.<\/p>\n\n\n\n<p>Estas medidas incluye el estaquillado previo y control de los movimientos del terreno en los \u00e1mbitos de protecci\u00f3n de los yacimientos arqueol\u00f3gicos de la ermita de San Mill\u00e1n, \u2018Al pie de la Ermita de San Mill\u00e1n\u2019, \u2018Cerro Collado\u2019, \u2018Llano Cavero\u2019, \u2018Carramomblona\u2019, \u2018Llano de las Rozas\u2019, \u2018Cerro Medrano\u2019, \u2018Fuente del Negro\u2019, \u2018Agua Cae\u2019 y \u2018El Cabrero\u2019.<\/p>\n\n\n\n<p>Tambi\u00e9n se deber\u00e1 realizar el estaquillado previo de los elementos de car\u00e1cter etnol\u00f3gico existentes en el \u00e1mbito del proyecto, as\u00ed como la recuperaci\u00f3n de la estela medieval situada a 550 metros de la localidad de Maj\u00e1n.<\/p>\n\n\n\n<p>Por \u00faltimo, Patrimonio ha autorizado la prospecci\u00f3n arqueol\u00f3gica vinculada a la modificaci\u00f3n de la l\u00ednea de evacuaci\u00f3n del proyecto de planta fotovoltaica \u2018Envatios XX\u2019, en los t\u00e9rminos municipales de Alconaba, Renieblas, Aldehuela de Peri\u00e1\u00f1ez, Almajano, Cirujales del R\u00edo, Aldealse\u00f1or, Carrascosa de la Sierra y Castilfr\u00edo de la Sierra, promovido por la empresa Evantios Promoci\u00f3n XX, S.L.<\/p>\n\n\n\n<p>Los trabajos de prospecci\u00f3n est\u00e1n justificados por lo indicado en la Declaraci\u00f3n de Impacto Ambiental que obliga al soterramiento de la l\u00ednea de evacuaci\u00f3n de la planta fotovoltaica de Alconaba, que discurre por ocho municipios y enlaza en Castilfr\u00edo con las l\u00edneas procedentes de las plantas fotovoltaicas que se prev\u00e9 instalar en la zona.<\/p>\n\n\n\n<p><strong>Proyecto para el tramo de la SO-615 entre Yaguas y el embalse de Enciso<\/strong><\/p>\n\n\n\n<p>La Comisi\u00f3n Territorial de Medio Ambiente y Urbanismo, tambi\u00e9n reunida en la ma\u00f1ana de hoy, ha acordado que el proyecto de acondicionamiento de plataforma de la carretera SO-615 que promueve la Consejer\u00eda de Movilidad y Transformaci\u00f3n Digital, en el tramo que une Yanguas con el embalse de Enciso (entre los&nbsp; puntos kilom\u00e9tricos 40,500 y 44,530), en el t\u00e9rmino municipal de Yanguas, debe someterse a evaluaci\u00f3n de impacto ambiental ordinaria, de acuerdo con los criterios del anexo III: caracter\u00edsticas, ubicaci\u00f3n y potencial impactos del proyecto, y en especial por los potenciales impactos sobre la ZEC Riberas del r\u00edo Cidacos y afluentes, que se consideran lo suficientemente significativos como para justificar la tramitaci\u00f3n por impacto ambiental ordinaria.<\/p>\n\n\n\n<p>Las obras tienen como objeto la ampliaci\u00f3n de la secci\u00f3n transversal de la plataforma, manteni\u00e9ndose trazado existente, pero ensanchando la plataforma de rodadura y el radio de las curvas. Tambi\u00e9n se pretende con la intervenci\u00f3n mejorar los sistemas de drenaje, se\u00f1alizaci\u00f3n y elementos de contenci\u00f3n.<\/p>\n\n\n\n<p>En este tramo las actuaciones se ven fuertemente limitadas por la topograf\u00eda de la zona, debido a que por la margen derecho discurre paralelamente el r\u00edo Cidacos, mientras que por la izquierda se localizan fuertes taludes casi verticales en roca, aspectos que tienen su repercusi\u00f3n directa en el trazado sinuoso de la carretera.<\/p>\n\n\n\n<p><strong>Pista para pr\u00e1cticas con motocicleta&nbsp;<em>trail&nbsp;<\/em>en \u00c1greda<\/strong><\/p>\n\n\n\n<p>La Comisi\u00f3n Territorial de Medio Ambiente y Urbanismo ha determinado La Comisi\u00f3n determina que el proyecto de \u2018Pista de pr\u00e1cticas para la ense\u00f1anza de t\u00e9cnicas de conducci\u00f3n de motocicletas&nbsp;<em>trail&nbsp;<\/em>y&nbsp;<em>maxi-trail<\/em>&nbsp;fuera de carretera\u2019, en el t\u00e9rmino municipal de \u00c1greda (Soria), no precisa una tramitaci\u00f3n de evaluaci\u00f3n de impacto ambiental ordinaria.<\/p>\n\n\n\n<p>El proyecto consiste en la adecuaci\u00f3n del espacio de una antigua extracci\u00f3n de \u00e1ridos para su uso como pista de pr\u00e1cticas para la ense\u00f1anza de t\u00e9cnicas de seguridad y conducci\u00f3n de motocicletas trail y maxi-trail fuera de carretera. El objetivo es impartir cursos para formaci\u00f3n de conductores de motocicletas por caminos o pistas de tierra con t\u00e9cnicas de control, equilibrio, embrague y frenos, trazado de curvas, frenado de emergencia, etc., a baja velocidad (10-30 km\/h).<\/p>\n\n\n\n<p>No se prev\u00e9 ninguna instalaci\u00f3n o construcci\u00f3n permanente, ni suministros ni plazas de aparcamiento; \u00fanicamente carpas temporales y un contenedor a modo de almac\u00e9n sin cimentaci\u00f3n y una cadena de cierre en el \u00fanico camino de acceso.<\/p>\n\n\n\n<p>Para el correcto desarrollo de la actividad, adem\u00e1s de obtener las autorizaciones sectoriales para la realizaci\u00f3n de la actividad, deber\u00e1 cumplir las medidas incluidas en el&nbsp; informe ambiental respecto a la protecci\u00f3n de la vegetaci\u00f3n, fauna, suelo, aguas y cumplimiento de los niveles de ruido, entre otras.<\/p>\n\n\n\n<p><strong>Explotaci\u00f3n porcina en Monteagudo de las Vicar\u00edas<\/strong><\/p>\n\n\n\n<p>La Comisi\u00f3n ha informado favorablemente el proyecto de una explotaci\u00f3n porcina de cebo de orientaci\u00f3n recr\u00eda de reproductoras, para 6.990 plazas, en Monteagudo de las Vicar\u00edas (Soria). Esta actividad est\u00e1 sometida tambi\u00e9n a Autorizaci\u00f3n Ambiental.<\/p>\n\n\n\n<p>Para el desarrollo de la explotaci\u00f3n, se construir\u00e1n tres naves de 1.993 metros cuadrados cada una, junto con un edificio servicios, dos cuartos auxiliares y 12 silos de pienso con sus sistemas de carga de alimentaci\u00f3n y muelles-cargaderos.<\/p>\n\n\n\n<p>Durante el tr\u00e1mite de informaci\u00f3n p\u00fablica no se han recibido alegaciones, y los informes de las distintas administraciones son favorables con una serie de medidas que se ha recogido en el texto de la Declaraci\u00f3n de Impacto Ambiental.<\/p>\n\n\n\n<p>Entre las medidas correctoras y protectoras incluidas en la declaraci\u00f3n de impacto ambiental pueden destacarse aquellas encaminadas a la protecci\u00f3n de la contaminaci\u00f3n de aguas, suelos y atm\u00f3sfera.<\/p>\n","protected":false},"excerpt":{"rendered":"<p>La Comisi\u00f3n Territorial de Patrimonio Cultural, reunida esta ma\u00f1ana bajo la presidencia de la delegada territorial de la Junta de Castilla y Le\u00f3n en Soria, Yolanda de Gregorio, ha dado el visto bueno a las obras de ampliaci\u00f3n del alumbrado p\u00fablico del castillo de Maga\u00f1a, un proyecto promovido por el Ayuntamiento de la localidad. La [&hellip;]<\/p>\n","protected":false},"author":1,"featured_media":1205,"comment_status":"open","ping_status":"closed","sticky":false,"template":"","format":"standard","meta":{"_monsterinsights_skip_tracking":false,"_monsterinsights_sitenote_active":false,"_monsterinsights_sitenote_note":"","_monsterinsights_sitenote_category":0,"site-container-style":"default","site-container-layout":"default","site-sidebar-layout":"default","disable-article-header":"default","disable-site-header":"default","disable-site-footer":"default","disable-content-area-spacing":"default","_jetpack_memberships_contains_paid_content":false,"footnotes":"","jetpack_publicize_message":"","jetpack_publicize_feature_enabled":true,"jetpack_social_post_already_shared":false,"jetpack_social_options":{"image_generator_settings":{"template":"highway","default_image_id":0,"font":"","enabled":false},"version":2}},"categories":[10],"tags":[],"class_list":["post-1204","post","type-post","status-publish","format-standard","has-post-thumbnail","hentry","category-castilla-y-leon"],"jetpack_publicize_connections":[],"jetpack_featured_media_url":"https:\/\/987aldia.com\/web\/wp-content\/uploads\/2023\/05\/Castillo_de_Magana._Soria._22144687050.jpg","jetpack_sharing_enabled":true,"_links":{"self":[{"href":"https:\/\/987aldia.com\/web\/wp-json\/wp\/v2\/posts\/1204","targetHints":{"allow":["GET"]}}],"collection":[{"href":"https:\/\/987aldia.com\/web\/wp-json\/wp\/v2\/posts"}],"about":[{"href":"https:\/\/987aldia.com\/web\/wp-json\/wp\/v2\/types\/post"}],"author":[{"embeddable":true,"href":"https:\/\/987aldia.com\/web\/wp-json\/wp\/v2\/users\/1"}],"replies":[{"embeddable":true,"href":"https:\/\/987aldia.com\/web\/wp-json\/wp\/v2\/comments?post=1204"}],"version-history":[{"count":1,"href":"https:\/\/987aldia.com\/web\/wp-json\/wp\/v2\/posts\/1204\/revisions"}],"predecessor-version":[{"id":1206,"href":"https:\/\/987aldia.com\/web\/wp-json\/wp\/v2\/posts\/1204\/revisions\/1206"}],"wp:featuredmedia":[{"embeddable":true,"href":"https:\/\/987aldia.com\/web\/wp-json\/wp\/v2\/media\/1205"}],"wp:attachment":[{"href":"https:\/\/987aldia.com\/web\/wp-json\/wp\/v2\/media?parent=1204"}],"wp:term":[{"taxonomy":"category","embeddable":true,"href":"https:\/\/987aldia.com\/web\/wp-json\/wp\/v2\/categories?post=1204"},{"taxonomy":"post_tag","embeddable":true,"href":"https:\/\/987aldia.com\/web\/wp-json\/wp\/v2\/tags?post=1204"}],"curies":[{"name":"wp","href":"https:\/\/api.w.org\/{rel}","templated":true}]}}