{"id":1210,"date":"2023-05-25T07:32:18","date_gmt":"2023-05-25T07:32:18","guid":{"rendered":"https:\/\/987aldia.com\/web\/?p=1210"},"modified":"2023-05-26T07:39:20","modified_gmt":"2023-05-26T07:39:20","slug":"la-junta-avanza-en-su-estrategia-logistica-con-la-participacion-de-la-asociacion-de-empresas-ferroviarias-privadas-y-analiza-el-impacto-del-corredor-atlantico","status":"publish","type":"post","link":"https:\/\/987aldia.com\/web\/la-junta-avanza-en-su-estrategia-logistica-con-la-participacion-de-la-asociacion-de-empresas-ferroviarias-privadas-y-analiza-el-impacto-del-corredor-atlantico\/","title":{"rendered":"La Junta avanza en su Estrategia Log\u00edstica con la participaci\u00f3n de la Asociaci\u00f3n de Empresas Ferroviarias Privadas y analiza el impacto del Corredor Atl\u00e1ntico"},"content":{"rendered":"\n<h2 class=\"wp-block-heading\"><strong>La consejera de Movilidad y Transformaci\u00f3n Digital, Mar\u00eda Gonz\u00e1lez Corral, se ha reunido hoy con el presidente de la AEFP, Juan Diego Pedrero, para hacerle part\u00edcipe de la Estrategia Log\u00edstica de Castilla y Le\u00f3n en la que est\u00e1 trabajando la Junta, con un horizonte temporal hasta el a\u00f1o 2028. El encuentro ha servido, adem\u00e1s, para analizar la repercusi\u00f3n del Corredor Atl\u00e1ntico en la Comunidad.<\/strong><\/h2>\n\n\n\n<p>La Junta de Castilla y Le\u00f3n ha compartido hoy con la Asociaci\u00f3n de Empresas Ferroviarias Privadas (AEFP) los avances en la Estrategia Log\u00edstica de Castilla y Le\u00f3n&nbsp;que, tras la presentaci\u00f3n del diagn\u00f3stico a los agentes p\u00fablicos y privados, est\u00e1 en fase de redacci\u00f3n. En el encuentro mantenido hoy entre la consejera de Movilidad y Transformaci\u00f3n Digital y el presidente de AEFP, Gonz\u00e1lez Corral ha explicado que la nueva Estrategia Log\u00edstica de Castilla y Le\u00f3n surge como respuesta, por un lado, a la necesidad de potenciar la competitividad frente a otros territorios, que ya han establecido sus estrategias o se encuentran en pleno proceso de implantaci\u00f3n; y, por otro, a la demanda de un sector con peso espec\u00edfico propio en la econom\u00eda de la Comunidad, que mueve 159 millones de toneladas en transporte por carretera y supone el 4,5 % del PIB.<\/p>\n\n\n\n<p>Asimismo, la consejera ha asegurado que la log\u00edstica es un factor clave de competitividad de las empresas y del tejido productivo importador y exportador. Por eso, la Junta busca que Castilla y Le\u00f3n est\u00e9 en la mejor de las disposiciones para aprovechar todos los beneficios que supondr\u00e1 el desarrollo del Corredor Atl\u00e1ntico. En este contexto, Gonz\u00e1lez Corral y Pedrero han compartido las prioridades que ambas instituciones consideran fundamentales para la Comunidad y que deber\u00edan incluirse en el Plan Director del Corredor que, seg\u00fan anunci\u00f3 el Gobierno, se presentar\u00e1 el pr\u00f3ximo mes de octubre.<\/p>\n\n\n\n<p>La Estrategia Log\u00edstica de Castilla y Le\u00f3n se ver\u00e1 condicionada por aquellas medidas o iniciativas que&nbsp;desde el Gobierno&nbsp;se lleven a cabo, m\u00e1xime si se tiene en cuenta que la Uni\u00f3n Europea marca el a\u00f1o 2030 como fecha l\u00edmite para que algunas de esas infraestructuras consideradas como b\u00e1sicas en el Corredor&nbsp;est\u00e9n en funcionamiento, ha se\u00f1alado la consejera.<\/p>\n\n\n\n<p>Gonz\u00e1lez Corral ha agradecido al presidente de la AEFP la colaboraci\u00f3n y le ha emplazado a una nueva reuni\u00f3n, una vez se cuente con las conclusiones de ese estudio, para present\u00e1rselas y conocer su valoraci\u00f3n al respecto. Por \u00faltimo, la consejera ha insistido en que \u201ctenemos que sacar el m\u00e1ximo partido a nuestras potencialidades y reforzar nuestra capacidad de atracci\u00f3n y la nueva estrategia se convierte en una herramienta b\u00e1sica para ayudarnos a lograrlo\u201d.<\/p>\n","protected":false},"excerpt":{"rendered":"<p>La consejera de Movilidad y Transformaci\u00f3n Digital, Mar\u00eda Gonz\u00e1lez Corral, se ha reunido hoy con el presidente de la AEFP, Juan Diego Pedrero, para hacerle part\u00edcipe de la Estrategia Log\u00edstica de Castilla y Le\u00f3n en la que est\u00e1 trabajando la Junta, con un horizonte temporal hasta el a\u00f1o 2028. El encuentro ha servido, adem\u00e1s, para [&hellip;]<\/p>\n","protected":false},"author":1,"featured_media":1211,"comment_status":"open","ping_status":"closed","sticky":false,"template":"","format":"standard","meta":{"_monsterinsights_skip_tracking":false,"_monsterinsights_sitenote_active":false,"_monsterinsights_sitenote_note":"","_monsterinsights_sitenote_category":0,"site-container-style":"default","site-container-layout":"default","site-sidebar-layout":"default","disable-article-header":"default","disable-site-header":"default","disable-site-footer":"default","disable-content-area-spacing":"default","_jetpack_memberships_contains_paid_content":false,"footnotes":"","jetpack_publicize_message":"","jetpack_publicize_feature_enabled":true,"jetpack_social_post_already_shared":false,"jetpack_social_options":{"image_generator_settings":{"template":"highway","default_image_id":0,"font":"","enabled":false},"version":2}},"categories":[10],"tags":[],"class_list":["post-1210","post","type-post","status-publish","format-standard","has-post-thumbnail","hentry","category-castilla-y-leon"],"jetpack_publicize_connections":[],"jetpack_featured_media_url":"https:\/\/987aldia.com\/web\/wp-content\/uploads\/2023\/05\/timelab-_4XiFzGNRTw-unsplash.jpg","jetpack_sharing_enabled":true,"_links":{"self":[{"href":"https:\/\/987aldia.com\/web\/wp-json\/wp\/v2\/posts\/1210","targetHints":{"allow":["GET"]}}],"collection":[{"href":"https:\/\/987aldia.com\/web\/wp-json\/wp\/v2\/posts"}],"about":[{"href":"https:\/\/987aldia.com\/web\/wp-json\/wp\/v2\/types\/post"}],"author":[{"embeddable":true,"href":"https:\/\/987aldia.com\/web\/wp-json\/wp\/v2\/users\/1"}],"replies":[{"embeddable":true,"href":"https:\/\/987aldia.com\/web\/wp-json\/wp\/v2\/comments?post=1210"}],"version-history":[{"count":1,"href":"https:\/\/987aldia.com\/web\/wp-json\/wp\/v2\/posts\/1210\/revisions"}],"predecessor-version":[{"id":1212,"href":"https:\/\/987aldia.com\/web\/wp-json\/wp\/v2\/posts\/1210\/revisions\/1212"}],"wp:featuredmedia":[{"embeddable":true,"href":"https:\/\/987aldia.com\/web\/wp-json\/wp\/v2\/media\/1211"}],"wp:attachment":[{"href":"https:\/\/987aldia.com\/web\/wp-json\/wp\/v2\/media?parent=1210"}],"wp:term":[{"taxonomy":"category","embeddable":true,"href":"https:\/\/987aldia.com\/web\/wp-json\/wp\/v2\/categories?post=1210"},{"taxonomy":"post_tag","embeddable":true,"href":"https:\/\/987aldia.com\/web\/wp-json\/wp\/v2\/tags?post=1210"}],"curies":[{"name":"wp","href":"https:\/\/api.w.org\/{rel}","templated":true}]}}