{"id":1216,"date":"2023-05-26T08:09:07","date_gmt":"2023-05-26T08:09:07","guid":{"rendered":"https:\/\/987aldia.com\/web\/?p=1216"},"modified":"2023-05-29T08:10:52","modified_gmt":"2023-05-29T08:10:52","slug":"sale-a-licitacion-la-reforma-de-la-plaza-del-consultorio-de-villabalter-y-los-acerados-de-parroco-gregorio-bonar","status":"publish","type":"post","link":"https:\/\/987aldia.com\/web\/sale-a-licitacion-la-reforma-de-la-plaza-del-consultorio-de-villabalter-y-los-acerados-de-parroco-gregorio-bonar\/","title":{"rendered":"Sale a licitaci\u00f3n la reforma de la plaza del Consultorio de Villabalter y los acerados de P\u00e1rroco Gregorio Bo\u00f1ar"},"content":{"rendered":"\n<h2 class=\"wp-block-heading\">Estas obras tienen un coste de 150.000 euros con IVA y se prev\u00e9 que puedan ser ejecutadas en tres meses, una vez que sean adjudicadas.<\/h2>\n\n\n\n<p><strong>26 de mayo de 2023.-<\/strong> El Ayuntamiento de San Andr\u00e9s del Rabanedo ha sacado a licitaci\u00f3n la reforma de la plaza del Consultorio de Villabalter con un coste inicial de 149.782,45 euros, IVA incluido. Una vez que estos trabajos sean adjudicados, la empresa constructora tiene un plazo de tres meses para su ejecuci\u00f3n. En este proyecto tambi\u00e9n se incluye un tramo de los acerados de un tramo de la calle P\u00e1rroco Gregorio Bo\u00f1ar de San Andr\u00e9s del Rabanedo, que se continuar\u00e1 en siguientes fases en pr\u00f3ximos planes de actuaci\u00f3n similares.<\/p>\n\n\n\n<p>Esta iniciativa tiene como objetivo la mejora de la accesibilidad, seguridad, funcionalidad y est\u00e9tica de la plaza y anexos del consultorio m\u00e9dico de la localidad. Seg\u00fan se establece en la memoria descriptiva de este proyecto, la plaza precisa renovar los pavimentos y acerados, de ah\u00ed que se haya planificado una actuaci\u00f3n global para crear una zona de coexistencia para favorecer la movilidad de personas con discapacidad y garantizar la seguridad vial. Al tiempo, se prev\u00e9 dar una soluci\u00f3n moderna y actual acorde con la nueva tipolog\u00eda de urbanizaci\u00f3n que se desarrolla en el municipio de San Andr\u00e9s y eliminando las barreras arquitect\u00f3nicas. Los trabajos consistir\u00e1n en el picado de toda la zona, incluida las aceras, creando una nueva rasante con un pavimento de tipo p\u00e9treo formado por losas de hormig\u00f3n bicapa o adoqu\u00edn. Adem\u00e1s, se ampliar\u00e1 el ancho del acerado e incluir\u00e1 como calle de coexistencia el tramo de las v\u00edas Real y La Fuente. Seg\u00fan consta en la memoria realizada por los servicios t\u00e9cnicos municipales, no se espera que se produzcan afecciones a los suministros actuales de cada uno de los servicios.<\/p>\n\n\n\n<figure class=\"wp-block-image size-full\"><img fetchpriority=\"high\" decoding=\"async\" width=\"800\" height=\"400\" src=\"https:\/\/987aldia.com\/web\/wp-content\/uploads\/2023\/05\/Parroco-Gregorio-Bonar.jpg\" alt=\"\" class=\"wp-image-1218\" srcset=\"https:\/\/987aldia.com\/web\/wp-content\/uploads\/2023\/05\/Parroco-Gregorio-Bonar.jpg 800w, https:\/\/987aldia.com\/web\/wp-content\/uploads\/2023\/05\/Parroco-Gregorio-Bonar-300x150.jpg 300w, https:\/\/987aldia.com\/web\/wp-content\/uploads\/2023\/05\/Parroco-Gregorio-Bonar-768x384.jpg 768w\" sizes=\"(max-width: 800px) 100vw, 800px\" \/><\/figure>\n","protected":false},"excerpt":{"rendered":"<p>Estas obras tienen un coste de 150.000 euros con IVA y se prev\u00e9 que puedan ser ejecutadas en tres meses, una vez que sean adjudicadas. 26 de mayo de 2023.- El Ayuntamiento de San Andr\u00e9s del Rabanedo ha sacado a licitaci\u00f3n la reforma de la plaza del Consultorio de Villabalter con un coste inicial de [&hellip;]<\/p>\n","protected":false},"author":1,"featured_media":1217,"comment_status":"open","ping_status":"closed","sticky":false,"template":"","format":"standard","meta":{"_monsterinsights_skip_tracking":false,"_monsterinsights_sitenote_active":false,"_monsterinsights_sitenote_note":"","_monsterinsights_sitenote_category":0,"site-container-style":"default","site-container-layout":"default","site-sidebar-layout":"default","disable-article-header":"default","disable-site-header":"default","disable-site-footer":"default","disable-content-area-spacing":"default","_jetpack_memberships_contains_paid_content":false,"footnotes":"","jetpack_publicize_message":"","jetpack_publicize_feature_enabled":true,"jetpack_social_post_already_shared":false,"jetpack_social_options":{"image_generator_settings":{"template":"highway","default_image_id":0,"font":"","enabled":false},"version":2}},"categories":[7],"tags":[],"class_list":["post-1216","post","type-post","status-publish","format-standard","has-post-thumbnail","hentry","category-notas-de-prensa"],"jetpack_publicize_connections":[],"jetpack_featured_media_url":"https:\/\/987aldia.com\/web\/wp-content\/uploads\/2023\/05\/Plaza-Constitucion-Villabalter.jpeg","jetpack_sharing_enabled":true,"_links":{"self":[{"href":"https:\/\/987aldia.com\/web\/wp-json\/wp\/v2\/posts\/1216","targetHints":{"allow":["GET"]}}],"collection":[{"href":"https:\/\/987aldia.com\/web\/wp-json\/wp\/v2\/posts"}],"about":[{"href":"https:\/\/987aldia.com\/web\/wp-json\/wp\/v2\/types\/post"}],"author":[{"embeddable":true,"href":"https:\/\/987aldia.com\/web\/wp-json\/wp\/v2\/users\/1"}],"replies":[{"embeddable":true,"href":"https:\/\/987aldia.com\/web\/wp-json\/wp\/v2\/comments?post=1216"}],"version-history":[{"count":1,"href":"https:\/\/987aldia.com\/web\/wp-json\/wp\/v2\/posts\/1216\/revisions"}],"predecessor-version":[{"id":1219,"href":"https:\/\/987aldia.com\/web\/wp-json\/wp\/v2\/posts\/1216\/revisions\/1219"}],"wp:featuredmedia":[{"embeddable":true,"href":"https:\/\/987aldia.com\/web\/wp-json\/wp\/v2\/media\/1217"}],"wp:attachment":[{"href":"https:\/\/987aldia.com\/web\/wp-json\/wp\/v2\/media?parent=1216"}],"wp:term":[{"taxonomy":"category","embeddable":true,"href":"https:\/\/987aldia.com\/web\/wp-json\/wp\/v2\/categories?post=1216"},{"taxonomy":"post_tag","embeddable":true,"href":"https:\/\/987aldia.com\/web\/wp-json\/wp\/v2\/tags?post=1216"}],"curies":[{"name":"wp","href":"https:\/\/api.w.org\/{rel}","templated":true}]}}