{"id":1220,"date":"2023-05-26T08:12:11","date_gmt":"2023-05-26T08:12:11","guid":{"rendered":"https:\/\/987aldia.com\/web\/?p=1220"},"modified":"2023-05-29T08:15:27","modified_gmt":"2023-05-29T08:15:27","slug":"amparo-valcarce-arropa-a-camino-cabanas-en-el-cierre-de-la-campana-en-san-andres-de-rabanedo","status":"publish","type":"post","link":"https:\/\/987aldia.com\/web\/amparo-valcarce-arropa-a-camino-cabanas-en-el-cierre-de-la-campana-en-san-andres-de-rabanedo\/","title":{"rendered":"Amparo Valcarce arropa a Camino Caba\u00f1as en el cierre de la campa\u00f1a en San Andr\u00e9s de Rabanedo"},"content":{"rendered":"\n<h2 class=\"wp-block-heading\">La candidata socialista pone en valor junto a la secretaria de Estado de Defensa la importancia de la base Conde de Gazola de Ferral del Bernesga, donde se va a instalar la UDRUME con 40 millones de euros de inversi\u00f3n.<\/h2>\n\n\n\n<p>La secretaria de Estado de Defensa, Amparo Valcarce, ha acompa\u00f1ado a la candidata del PSOE a la Alcald\u00eda de San Andr\u00e9s del Rabanedo, Camino Caba\u00f1as, en el cierre de campa\u00f1a, que se ha celebrado en la Junta Vecinal de Trobajo del Camino debido a las inclemencias meteorol\u00f3gicas.<\/p>\n\n\n\n<p>Durante su intervenci\u00f3n, Amparo Valcarce ha apuntado que ha participado en este acto para \u201capoyar al PSOE de San Andr\u00e9s y a su alcaldesa, Camino Caba\u00f1as\u201d, para la que ha pedido el voto porque comparte \u201clos valores socialistas de la libertad, la igualdad y la justicia social, pero tambi\u00e9n por el compromiso con la gente de San Andr\u00e9s\u201d.<\/p>\n\n\n\n<p>\u201cQueremos que esta ciudad avance, pero avanzar en San Andr\u00e9s es que avancen todos, que ning\u00fan hombre o mujer se queden atr\u00e1s, y eso es una apuesta por una ciudad limpia, acogedora, que cuida de su gente\u201d, ha a\u00f1adido la secretaria de Estado de Defensa, quien ha detallado que si apoya a Camino Caba\u00f1as es porque \u201cva a hacer una ciudad m\u00e1s atractiva para la gente, pero tambi\u00e9n porque est\u00e1 haciendo y va a seguir haciendo una ciudad m\u00e1s atractiva para invertir, porque hay que apostar por la buena gesti\u00f3n de Camino Caba\u00f1as, que hace que haya m\u00e1s progreso, m\u00e1s crecimiento\u201d.<\/p>\n\n\n\n<figure class=\"wp-block-image size-full\"><img fetchpriority=\"high\" decoding=\"async\" width=\"800\" height=\"400\" src=\"https:\/\/987aldia.com\/web\/wp-content\/uploads\/2023\/05\/Cierre-campana-II.jpg\" alt=\"\" class=\"wp-image-1222\" srcset=\"https:\/\/987aldia.com\/web\/wp-content\/uploads\/2023\/05\/Cierre-campana-II.jpg 800w, https:\/\/987aldia.com\/web\/wp-content\/uploads\/2023\/05\/Cierre-campana-II-300x150.jpg 300w, https:\/\/987aldia.com\/web\/wp-content\/uploads\/2023\/05\/Cierre-campana-II-768x384.jpg 768w\" sizes=\"(max-width: 800px) 100vw, 800px\" \/><\/figure>\n\n\n\n<p>Por su parte, Camino Caba\u00f1as ha especificado que \u201ces muy especial que Amparo Valcarce est\u00e9 en este cierre de campa\u00f1a no solo por ser de Le\u00f3n sino por la vinculaci\u00f3n que hay por la base Conde de Gazola de Ferral del Bernesga y con este proyecto tan importante no solo para San Andr\u00e9s sino para la provincia como es la creaci\u00f3n de la UDRUME\u201d. \u201cQu\u00e9 mejor poder contar con ella y qu\u00e9 orgullo, y sobre todo que nos d\u00e9 suerte para poder seguir en el trabajo y San Andr\u00e9s avance\u201d, ha apuntado la candidata a la Alcald\u00eda.<\/p>\n\n\n\n<p>En este cierre de campa\u00f1a tambi\u00e9n ha estado presente la secretaria de Organizaci\u00f3n del PSOE de Le\u00f3n, Nuria Rubio, para la que \u201ces un lujo para San Andr\u00e9s y para Le\u00f3n\u201d contar con Amparo Valcarce, al tiempo que ha hecho un llamamiento a la ciudadan\u00eda \u201cpara pedir el voto para una alcaldesa que ha demostrado saber gestionar, que es la alcaldesa de las personas, que en estos a\u00f1os tan complicados no ha dejado a nadie atr\u00e1s, y ahora tiene otro proyecto de futuro para San Andr\u00e9s del Rabanedo\u201d.<\/p>\n\n\n\n<figure class=\"wp-block-image size-full\"><img decoding=\"async\" width=\"800\" height=\"400\" src=\"https:\/\/987aldia.com\/web\/wp-content\/uploads\/2023\/05\/Cierre-campana-III.jpg\" alt=\"\" class=\"wp-image-1223\" srcset=\"https:\/\/987aldia.com\/web\/wp-content\/uploads\/2023\/05\/Cierre-campana-III.jpg 800w, https:\/\/987aldia.com\/web\/wp-content\/uploads\/2023\/05\/Cierre-campana-III-300x150.jpg 300w, https:\/\/987aldia.com\/web\/wp-content\/uploads\/2023\/05\/Cierre-campana-III-768x384.jpg 768w\" sizes=\"(max-width: 800px) 100vw, 800px\" \/><\/figure>\n\n\n\n<p>Durante este acto final de la campa\u00f1a del PSOE en San Andr\u00e9s del Rabanedo se han repartido bollos pre\u00f1aos y refrescos a las decenas de personas que han querido participar en esta celebraci\u00f3n. Tambi\u00e9n ha habido tiempo para recordar algunos de los momentos m\u00e1s importantes de estas dos semanas, como el mitin protagonizado por Jos\u00e9 Luis Rodr\u00edguez Zapatero en la Casa de Cultura de Pinilla, la visita a todas las localidades y barrios del municipio; la mesa redonda con empresarios e innovadores junto a la ministra Diana Morant; o la mesa sobre mujer y emprendimiento con empresarias y la secretaria de Igualdad, la diputada por Le\u00f3n Andrea Fern\u00e1ndez.<\/p>\n\n\n\n<p>Adem\u00e1s, se han subrayado algunos de los aspectos m\u00e1s destacados de estos cuatro a\u00f1os de mandato, como la reducci\u00f3n de la deuda municipal en un 32 %, que suponen casi 20 millones de euros, adem\u00e1s de otros 5,4 millones de euros de facturas atrasadas, con lo que se ha conseguido blindar la viabilidad econ\u00f3mica del Ayuntamiento; la reducci\u00f3n del pago a proveedores de 472 a 23 d\u00edas; los 1,2 millones invertidos en asfaltados; la licitaci\u00f3n de un plan de 1,1 millones para rehabilitar los parques infantiles; las dos fases del ARRU de Pinilla; o la multiplicaci\u00f3n de actividades culturales y deportivas en comparaci\u00f3n tambi\u00e9n con respecto al tiempo anterior a la pandemia. Camino Caba\u00f1as, junto a toda su candidatura, ha recordado que el compromiso sigue siendo trabajar en esta l\u00ednea para que se puedan acometer diferentes actuaciones, todas ellas supeditadas a la flexibilizaci\u00f3n del plan de ajuste, que puede suponer \u201cincrementar m\u00e1s inversiones y reforzar el personal de servicios como la limpieza, recogida de basuras y jardines\u201d.<\/p>\n\n\n\n<figure class=\"wp-block-image size-full\"><img decoding=\"async\" width=\"800\" height=\"400\" src=\"https:\/\/987aldia.com\/web\/wp-content\/uploads\/2023\/05\/Cierre-campana-IV.jpg\" alt=\"\" class=\"wp-image-1224\" srcset=\"https:\/\/987aldia.com\/web\/wp-content\/uploads\/2023\/05\/Cierre-campana-IV.jpg 800w, https:\/\/987aldia.com\/web\/wp-content\/uploads\/2023\/05\/Cierre-campana-IV-300x150.jpg 300w, https:\/\/987aldia.com\/web\/wp-content\/uploads\/2023\/05\/Cierre-campana-IV-768x384.jpg 768w\" sizes=\"(max-width: 800px) 100vw, 800px\" \/><\/figure>\n","protected":false},"excerpt":{"rendered":"<p>La candidata socialista pone en valor junto a la secretaria de Estado de Defensa la importancia de la base Conde de Gazola de Ferral del Bernesga, donde se va a instalar la UDRUME con 40 millones de euros de inversi\u00f3n. La secretaria de Estado de Defensa, Amparo Valcarce, ha acompa\u00f1ado a la candidata del PSOE [&hellip;]<\/p>\n","protected":false},"author":1,"featured_media":1221,"comment_status":"open","ping_status":"closed","sticky":false,"template":"","format":"standard","meta":{"_monsterinsights_skip_tracking":false,"_monsterinsights_sitenote_active":false,"_monsterinsights_sitenote_note":"","_monsterinsights_sitenote_category":0,"site-container-style":"default","site-container-layout":"default","site-sidebar-layout":"default","disable-article-header":"default","disable-site-header":"default","disable-site-footer":"default","disable-content-area-spacing":"default","_jetpack_memberships_contains_paid_content":false,"footnotes":"","jetpack_publicize_message":"","jetpack_publicize_feature_enabled":true,"jetpack_social_post_already_shared":false,"jetpack_social_options":{"image_generator_settings":{"template":"highway","default_image_id":0,"font":"","enabled":false},"version":2}},"categories":[7],"tags":[],"class_list":["post-1220","post","type-post","status-publish","format-standard","has-post-thumbnail","hentry","category-notas-de-prensa"],"jetpack_publicize_connections":[],"jetpack_featured_media_url":"https:\/\/987aldia.com\/web\/wp-content\/uploads\/2023\/05\/Cierre-campana-I.jpg","jetpack_sharing_enabled":true,"_links":{"self":[{"href":"https:\/\/987aldia.com\/web\/wp-json\/wp\/v2\/posts\/1220","targetHints":{"allow":["GET"]}}],"collection":[{"href":"https:\/\/987aldia.com\/web\/wp-json\/wp\/v2\/posts"}],"about":[{"href":"https:\/\/987aldia.com\/web\/wp-json\/wp\/v2\/types\/post"}],"author":[{"embeddable":true,"href":"https:\/\/987aldia.com\/web\/wp-json\/wp\/v2\/users\/1"}],"replies":[{"embeddable":true,"href":"https:\/\/987aldia.com\/web\/wp-json\/wp\/v2\/comments?post=1220"}],"version-history":[{"count":1,"href":"https:\/\/987aldia.com\/web\/wp-json\/wp\/v2\/posts\/1220\/revisions"}],"predecessor-version":[{"id":1225,"href":"https:\/\/987aldia.com\/web\/wp-json\/wp\/v2\/posts\/1220\/revisions\/1225"}],"wp:featuredmedia":[{"embeddable":true,"href":"https:\/\/987aldia.com\/web\/wp-json\/wp\/v2\/media\/1221"}],"wp:attachment":[{"href":"https:\/\/987aldia.com\/web\/wp-json\/wp\/v2\/media?parent=1220"}],"wp:term":[{"taxonomy":"category","embeddable":true,"href":"https:\/\/987aldia.com\/web\/wp-json\/wp\/v2\/categories?post=1220"},{"taxonomy":"post_tag","embeddable":true,"href":"https:\/\/987aldia.com\/web\/wp-json\/wp\/v2\/tags?post=1220"}],"curies":[{"name":"wp","href":"https:\/\/api.w.org\/{rel}","templated":true}]}}