{"id":1226,"date":"2023-05-27T08:15:51","date_gmt":"2023-05-27T08:15:51","guid":{"rendered":"https:\/\/987aldia.com\/web\/?p=1226"},"modified":"2023-05-29T08:18:18","modified_gmt":"2023-05-29T08:18:18","slug":"paraiso-cantinas-celebra-sus-fiestas-del-2-al-5-de-junio","status":"publish","type":"post","link":"https:\/\/987aldia.com\/web\/paraiso-cantinas-celebra-sus-fiestas-del-2-al-5-de-junio\/","title":{"rendered":"Para\u00edso Cantinas celebra sus fiestas del 2 al 5 de junio"},"content":{"rendered":"\n<h2 class=\"wp-block-heading\">M\u00fasica en directo y actividades para ni\u00f1os y ni\u00f1as marcan estos festejos que tendr\u00e1n el parque Gran Capit\u00e1n como epicentro.<\/h2>\n\n\n\n<figure class=\"wp-block-image size-full\"><img fetchpriority=\"high\" decoding=\"async\" width=\"800\" height=\"400\" src=\"https:\/\/987aldia.com\/web\/wp-content\/uploads\/2023\/05\/Paraiso-2.jpg\" alt=\"\" class=\"wp-image-1228\" srcset=\"https:\/\/987aldia.com\/web\/wp-content\/uploads\/2023\/05\/Paraiso-2.jpg 800w, https:\/\/987aldia.com\/web\/wp-content\/uploads\/2023\/05\/Paraiso-2-300x150.jpg 300w, https:\/\/987aldia.com\/web\/wp-content\/uploads\/2023\/05\/Paraiso-2-768x384.jpg 768w\" sizes=\"(max-width: 800px) 100vw, 800px\" \/><\/figure>\n\n\n\n<p><strong>27 de mayo de 2023.-<\/strong> El barrio de Para\u00edso Cantinas celebra este pr\u00f3ximo fin de semana, del 2 al 5 de junio, sus fiestas anuales en las que la diversi\u00f3n para todos los p\u00fablicos volver\u00e1 a ser la caracter\u00edstica principal.<\/p>\n\n\n\n<p>Los festejos comienzan el viernes, 2 de junio, cuando a las 18 horas se inaugure el recinto ferial, que estar\u00e1 ubicado de nuevo en el parking p\u00fablico de la calle Azor\u00edn. A las 22:30 horas est\u00e1 previsto que act\u00fae la primera de las dos verbenas de este a\u00f1o: la Orquesta Icaro.<\/p>\n\n\n\n<p>El s\u00e1bado se inicia con el pasacalles por el barrio con la charanga Sin Control, que animar\u00e1 a todos los vecinos y vecinas que quieran disfrutar de la m\u00fasica y la jarana que esta formaci\u00f3n ofrecer\u00e1. Ya por la tarde, a las 16:30 horas, se celebrar\u00e1 un taller de arte urbano en el parque de Gran Capit\u00e1n ofrecido por la Galer\u00eda Cinabrio. Poco despu\u00e9s, a las 18 horas, la fiesta de la espuma har\u00e1 las delicias de los m\u00e1s peque\u00f1os y peque\u00f1as.<\/p>\n\n\n\n<p>A las 19:30 horas se inicia uno de los momentos m\u00e1s populares de estas fiestas, el reparto de bollo pre\u00f1ao y refrescos con un precio de 1,5 euros, organizado por el AMPA del colegio La Anunciata con la colaboraci\u00f3n del Ayuntamiento de San Andr\u00e9s del Rabanedo.<\/p>\n\n\n\n<p>La jornada del s\u00e1bado finaliza a las 22:30 horas con la actuaci\u00f3n de la orquesta Grupo Am\u00e9rica SL.<\/p>\n\n\n\n<p>El domingo por la ma\u00f1ana est\u00e1 organizado un Escape Street en el parque de Gran Capit\u00e1n a partir de las 11 horas. Las inscripciones comienzan este lunes, 29 de mayo, en el correo <a href=\"mailto:cij@aytosanandres.es\">cij@aytosanandres.es<\/a> o en los tel\u00e9fonos 619313877 o 616664339. Y a las 12&nbsp; horas, baile vermut con la discoteca Amnexia.<\/p>\n\n\n\n<p>El domingo por la tarde, desde las 18 horas, un nuevo taller, en esta ocasi\u00f3n de pintacaras y juegos, en el parque Gran Capit\u00e1n, donde continuar\u00e1n las actividades para ni\u00f1os y ni\u00f1as con animaci\u00f3n musical infantil a las 19 horas. Las fiestas del barrio Para\u00edso Cantinas finalizan el lunes 5 de junio celebrando el d\u00eda del ni\u00f1o, con descuentos en el recinto ferial a partir de las 18 horas, momento en el que tambi\u00e9n comenzar\u00e1 el show infantil familiar con Mario Valera.<\/p>\n\n\n\n<figure class=\"wp-block-image size-large\"><img decoding=\"async\" width=\"724\" height=\"1024\" src=\"https:\/\/987aldia.com\/web\/wp-content\/uploads\/2023\/05\/Fiestas-Paraiso-Cantinas-2023-724x1024.jpeg\" alt=\"\" class=\"wp-image-1229\" srcset=\"https:\/\/987aldia.com\/web\/wp-content\/uploads\/2023\/05\/Fiestas-Paraiso-Cantinas-2023-724x1024.jpeg 724w, https:\/\/987aldia.com\/web\/wp-content\/uploads\/2023\/05\/Fiestas-Paraiso-Cantinas-2023-212x300.jpeg 212w, https:\/\/987aldia.com\/web\/wp-content\/uploads\/2023\/05\/Fiestas-Paraiso-Cantinas-2023-768x1086.jpeg 768w, https:\/\/987aldia.com\/web\/wp-content\/uploads\/2023\/05\/Fiestas-Paraiso-Cantinas-2023-1086x1536.jpeg 1086w, https:\/\/987aldia.com\/web\/wp-content\/uploads\/2023\/05\/Fiestas-Paraiso-Cantinas-2023.jpeg 1131w\" sizes=\"(max-width: 724px) 100vw, 724px\" \/><\/figure>\n","protected":false},"excerpt":{"rendered":"<p>M\u00fasica en directo y actividades para ni\u00f1os y ni\u00f1as marcan estos festejos que tendr\u00e1n el parque Gran Capit\u00e1n como epicentro. 27 de mayo de 2023.- El barrio de Para\u00edso Cantinas celebra este pr\u00f3ximo fin de semana, del 2 al 5 de junio, sus fiestas anuales en las que la diversi\u00f3n para todos los p\u00fablicos volver\u00e1 [&hellip;]<\/p>\n","protected":false},"author":1,"featured_media":1227,"comment_status":"open","ping_status":"closed","sticky":false,"template":"","format":"standard","meta":{"_monsterinsights_skip_tracking":false,"_monsterinsights_sitenote_active":false,"_monsterinsights_sitenote_note":"","_monsterinsights_sitenote_category":0,"site-container-style":"default","site-container-layout":"default","site-sidebar-layout":"default","disable-article-header":"default","disable-site-header":"default","disable-site-footer":"default","disable-content-area-spacing":"default","_jetpack_memberships_contains_paid_content":false,"footnotes":"","jetpack_publicize_message":"","jetpack_publicize_feature_enabled":true,"jetpack_social_post_already_shared":false,"jetpack_social_options":{"image_generator_settings":{"template":"highway","default_image_id":0,"font":"","enabled":false},"version":2}},"categories":[7],"tags":[],"class_list":["post-1226","post","type-post","status-publish","format-standard","has-post-thumbnail","hentry","category-notas-de-prensa"],"jetpack_publicize_connections":[],"jetpack_featured_media_url":"https:\/\/987aldia.com\/web\/wp-content\/uploads\/2023\/05\/Paraiso-1.jpg","jetpack_sharing_enabled":true,"_links":{"self":[{"href":"https:\/\/987aldia.com\/web\/wp-json\/wp\/v2\/posts\/1226","targetHints":{"allow":["GET"]}}],"collection":[{"href":"https:\/\/987aldia.com\/web\/wp-json\/wp\/v2\/posts"}],"about":[{"href":"https:\/\/987aldia.com\/web\/wp-json\/wp\/v2\/types\/post"}],"author":[{"embeddable":true,"href":"https:\/\/987aldia.com\/web\/wp-json\/wp\/v2\/users\/1"}],"replies":[{"embeddable":true,"href":"https:\/\/987aldia.com\/web\/wp-json\/wp\/v2\/comments?post=1226"}],"version-history":[{"count":1,"href":"https:\/\/987aldia.com\/web\/wp-json\/wp\/v2\/posts\/1226\/revisions"}],"predecessor-version":[{"id":1230,"href":"https:\/\/987aldia.com\/web\/wp-json\/wp\/v2\/posts\/1226\/revisions\/1230"}],"wp:featuredmedia":[{"embeddable":true,"href":"https:\/\/987aldia.com\/web\/wp-json\/wp\/v2\/media\/1227"}],"wp:attachment":[{"href":"https:\/\/987aldia.com\/web\/wp-json\/wp\/v2\/media?parent=1226"}],"wp:term":[{"taxonomy":"category","embeddable":true,"href":"https:\/\/987aldia.com\/web\/wp-json\/wp\/v2\/categories?post=1226"},{"taxonomy":"post_tag","embeddable":true,"href":"https:\/\/987aldia.com\/web\/wp-json\/wp\/v2\/tags?post=1226"}],"curies":[{"name":"wp","href":"https:\/\/api.w.org\/{rel}","templated":true}]}}