{"id":1231,"date":"2023-05-26T08:23:49","date_gmt":"2023-05-26T08:23:49","guid":{"rendered":"https:\/\/987aldia.com\/web\/?p=1231"},"modified":"2023-05-29T08:25:15","modified_gmt":"2023-05-29T08:25:15","slug":"oscar-f-rodriguez-asume-la-presidencia-de-la-asociacion-de-la-industria-leoni4-0","status":"publish","type":"post","link":"https:\/\/987aldia.com\/web\/oscar-f-rodriguez-asume-la-presidencia-de-la-asociacion-de-la-industria-leoni4-0\/","title":{"rendered":"\u00d3scar F. Rodr\u00edguez asume la presidencia de la asociaci\u00f3n de la industria Le\u00f3ni4.0"},"content":{"rendered":"\n<h2 class=\"wp-block-heading\"><strong>El directivo de Tecoi sustituye en el cargo a Roberto Vidal, CEO de Xeridia, quien impuls\u00f3 el nacimiento de la asociaci\u00f3n<\/strong>.<\/h2>\n\n\n\n<p>Le\u00f3ni4.0, asociaci\u00f3n de la industria 4.0 de la provincia de Le\u00f3n, integrada en la Federaci\u00f3n Leonesa de Empresarios (FELE) ha nombrado a \u00d3scar F. Rodr\u00edguez Ord\u00e1s como nuevo presidente. Sustituye en el cargo a Roberto Vidal, CEO de Xeridia, quien ha estado al frente de esta asociaci\u00f3n desde su nacimiento hace ya tres a\u00f1os.<\/p>\n\n\n\n<p>\u00d3scar F. Rodr\u00edguez, ingeniero industrial por ICAI y con titulaci\u00f3n en Programas de Alta Direcci\u00f3n por el IE Business School es empresario desde hace m\u00e1s de 20 a\u00f1os.&nbsp; Es directivo de Tecoi Corte S.L., ubicada en Sahelices de Sabero. Una compa\u00f1\u00eda de alta tecnolog\u00eda que ofrece soluciones avanzadas en la industria del procesamiento de chapa y una referencia mundial en la&nbsp;industria 4.0. Precisamente por este trabajo al frente de Tecoi recibi\u00f3 junto a sus socios, Jorge Luis Rodr\u00edguez y Jos\u00e9 Luis Mallo, el Empresario del A\u00f1o 2021.<\/p>\n\n\n\n<p>En su nuevo rol como presidente de Le\u00f3ni4.0, \u00d3scar F. Rodr\u00edguez asumir\u00e1 la responsabilidad de fortalecer la posici\u00f3n competitiva de las compa\u00f1\u00edas del sector tecnol\u00f3gico industrial leon\u00e9s, que representa un 15% del PIB de la provincia, as\u00ed como aumentar su presencia en nuevos mercados, aprovechando las oportunidades que ofrecen la transformaci\u00f3n digital, la inteligencia artificial y la industria 4.0.<\/p>\n\n\n\n<p>Del mismo modo y en l\u00ednea con uno de los principales objetivos marcados por la asociaci\u00f3n, potenciar\u00e1 e impulsar\u00e1 la continuidad de la Expo Le\u00f3ni4 que busca poner en contacto a las compa\u00f1\u00edas m\u00e1s punteras de la provincia con el mejor talento.<\/p>\n","protected":false},"excerpt":{"rendered":"<p>El directivo de Tecoi sustituye en el cargo a Roberto Vidal, CEO de Xeridia, quien impuls\u00f3 el nacimiento de la asociaci\u00f3n. Le\u00f3ni4.0, asociaci\u00f3n de la industria 4.0 de la provincia de Le\u00f3n, integrada en la Federaci\u00f3n Leonesa de Empresarios (FELE) ha nombrado a \u00d3scar F. Rodr\u00edguez Ord\u00e1s como nuevo presidente. Sustituye en el cargo a [&hellip;]<\/p>\n","protected":false},"author":1,"featured_media":1232,"comment_status":"open","ping_status":"closed","sticky":false,"template":"","format":"standard","meta":{"_monsterinsights_skip_tracking":false,"_monsterinsights_sitenote_active":false,"_monsterinsights_sitenote_note":"","_monsterinsights_sitenote_category":0,"site-container-style":"default","site-container-layout":"default","site-sidebar-layout":"default","disable-article-header":"default","disable-site-header":"default","disable-site-footer":"default","disable-content-area-spacing":"default","_jetpack_memberships_contains_paid_content":false,"footnotes":"","jetpack_publicize_message":"","jetpack_publicize_feature_enabled":true,"jetpack_social_post_already_shared":false,"jetpack_social_options":{"image_generator_settings":{"template":"highway","default_image_id":0,"font":"","enabled":false},"version":2}},"categories":[7],"tags":[],"class_list":["post-1231","post","type-post","status-publish","format-standard","has-post-thumbnail","hentry","category-notas-de-prensa"],"jetpack_publicize_connections":[],"jetpack_featured_media_url":"https:\/\/987aldia.com\/web\/wp-content\/uploads\/2023\/05\/IMG_Oscar-F.-Rodriguez-Ordas-durante-la-ultima-Expo-Leoni4.jpg","jetpack_sharing_enabled":true,"_links":{"self":[{"href":"https:\/\/987aldia.com\/web\/wp-json\/wp\/v2\/posts\/1231","targetHints":{"allow":["GET"]}}],"collection":[{"href":"https:\/\/987aldia.com\/web\/wp-json\/wp\/v2\/posts"}],"about":[{"href":"https:\/\/987aldia.com\/web\/wp-json\/wp\/v2\/types\/post"}],"author":[{"embeddable":true,"href":"https:\/\/987aldia.com\/web\/wp-json\/wp\/v2\/users\/1"}],"replies":[{"embeddable":true,"href":"https:\/\/987aldia.com\/web\/wp-json\/wp\/v2\/comments?post=1231"}],"version-history":[{"count":1,"href":"https:\/\/987aldia.com\/web\/wp-json\/wp\/v2\/posts\/1231\/revisions"}],"predecessor-version":[{"id":1233,"href":"https:\/\/987aldia.com\/web\/wp-json\/wp\/v2\/posts\/1231\/revisions\/1233"}],"wp:featuredmedia":[{"embeddable":true,"href":"https:\/\/987aldia.com\/web\/wp-json\/wp\/v2\/media\/1232"}],"wp:attachment":[{"href":"https:\/\/987aldia.com\/web\/wp-json\/wp\/v2\/media?parent=1231"}],"wp:term":[{"taxonomy":"category","embeddable":true,"href":"https:\/\/987aldia.com\/web\/wp-json\/wp\/v2\/categories?post=1231"},{"taxonomy":"post_tag","embeddable":true,"href":"https:\/\/987aldia.com\/web\/wp-json\/wp\/v2\/tags?post=1231"}],"curies":[{"name":"wp","href":"https:\/\/api.w.org\/{rel}","templated":true}]}}