{"id":1234,"date":"2023-05-26T08:25:43","date_gmt":"2023-05-26T08:25:43","guid":{"rendered":"https:\/\/987aldia.com\/web\/?p=1234"},"modified":"2023-05-29T08:27:51","modified_gmt":"2023-05-29T08:27:51","slug":"agricultura-ganaderia-y-desarrollo-rural-aprueba-por-importe-de-456-millones-de-euros-la-decima-dotacion-de-fondos-publicos-adicionales-para-financiar-57-proyectos-en-el-medio-rural-a-traves-de-le","status":"publish","type":"post","link":"https:\/\/987aldia.com\/web\/agricultura-ganaderia-y-desarrollo-rural-aprueba-por-importe-de-456-millones-de-euros-la-decima-dotacion-de-fondos-publicos-adicionales-para-financiar-57-proyectos-en-el-medio-rural-a-traves-de-le\/","title":{"rendered":"Agricultura, Ganader\u00eda y Desarrollo Rural aprueba, por importe de 4,56 millones de euros, la d\u00e9cima dotaci\u00f3n de fondos p\u00fablicos adicionales para financiar 57 proyectos en el medio rural a trav\u00e9s de Leader y los GAL"},"content":{"rendered":"\n<ul class=\"wp-block-list\">\n<li>Han sido seleccionados dentro de las estrategias de 25 de los 44 Grupos de Acci\u00f3n Local de Castilla y Le\u00f3n<\/li>\n\n\n\n<li>Son ya 42 los GAL que han recibido asignaciones adicionales al haber demostrado cumplir el objetivo de eficacia y eficiencia establecido<\/li>\n\n\n\n<li>Un GAL de Burgos recibe por primera vez asignaci\u00f3n adicional de fondos para financiar nuevos proyectos<\/li>\n<\/ul>\n\n\n\n<p>La Consejer\u00eda de Agricultura, Ganader\u00eda y Desarrollo Rural ha publicado hoy en el Bolet\u00edn Oficial de Castilla y Le\u00f3n (Bocyl) la Resoluci\u00f3n por la que se aprueba la dotaci\u00f3n financiera correspondiente a la d\u00e9cima asignaci\u00f3n adicional espec\u00edfica de fondos p\u00fablicos, por importe de 4,56 millones de euros, a determinados Grupos de Acci\u00f3n Local (GAL) destinada a las Estrategias de Desarrollo Local, en el marco de la metodolog\u00eda Leader del Programa de Desarrollo Rural de Castilla y Le\u00f3n 2014-2020.<\/p>\n\n\n\n<p>Con la aprobaci\u00f3n de esta d\u00e9cima dotaci\u00f3n de fondos p\u00fablicos adicionales se alcanza la cifra de 40,06 millones de euros asignados a los Grupos de Acci\u00f3n Local de Castilla y Le\u00f3n de los fondos previstos para las Estrategias de Desarrollo Local durante los a\u00f1os 2021 y 2022.<\/p>\n\n\n\n<p><strong>Grupos beneficiarios<\/strong><\/p>\n\n\n\n<p>La asignaci\u00f3n adicional que se publica hoy permitir\u00e1 la financiaci\u00f3n de 57 proyectos presentados por 25 Grupos de Acci\u00f3n Local de Castilla y Le\u00f3n de los que uno, Merindades, es por primera vez beneficiario de esta financiaci\u00f3n.<\/p>\n\n\n\n<p>De esta forma, son ya 42 los GAL que han recibido asignaciones adicionales al haber demostrado cumplir el objetivo de eficacia y eficiencia establecido para acceder a la misma que supone tener comprometido, a nivel de proyectos con los promotores, al menos el 90 % de la totalidad de las tres asignaciones ya recibidas.<\/p>\n\n\n\n<p>Los beneficiarios son:<\/p>\n\n\n\n<ul class=\"wp-block-list\">\n<li>Asociaci\u00f3n para el desarrollo rural de \u00c1vila (Aderavi)<\/li>\n\n\n\n<li>Asociaci\u00f3n para el desarrollo comarcal Bureba (Adeco Bureba)<\/li>\n\n\n\n<li>Asociaci\u00f3n grupo de acci\u00f3n local Sierra de la Demanda (Agalsa)<\/li>\n\n\n\n<li>Asociaci\u00f3n centro de desarrollo rural Merindades (Merindades)<\/li>\n\n\n\n<li>Asociaci\u00f3n para el desarrollo rural e integral de la Ribera del Duero Burgalesa (Ribera burgalesa)<\/li>\n\n\n\n<li>Asociaci\u00f3n para el desarrollo de la comarca berciana (Asodebi)<\/li>\n\n\n\n<li>Asociaci\u00f3n cuatro valles (Cuatro valles)<\/li>\n\n\n\n<li>Asociaci\u00f3n P\u00e1ramo, \u00d3rbigo, Esla, desarrollo asociado (Poeda)<\/li>\n\n\n\n<li>Asociaci\u00f3n para el desarrollo rural integral del Cerrato palentino (Cerrato)<\/li>\n\n\n\n<li>Asociaci\u00f3n para el desarrollo rural integral de las comarcas naturales de los P\u00e1ramos y Valles palentinos (P\u00e1ramos y Valles Pa.)<\/li>\n\n\n\n<li>Asociaci\u00f3n para el desarrollo de la Comarca de Ciudad Rodrigo (Adecocir)<\/li>\n\n\n\n<li>Asociaci\u00f3n para el desarrollo rural integral de las sierras de Salamanca (Adriss)<\/li>\n\n\n\n<li>Asociaci\u00f3n intermunicipal para el desarrollo local en la comarca de Santa Mar\u00eda la Real de Nieva (Aidescom)<\/li>\n\n\n\n<li>Asociaci\u00f3n coordinadora para el desarrollo integral del nordeste de Segovia (Codinse)<\/li>\n\n\n\n<li>Asociaci\u00f3n Honorse Tierra de pinares (Honorse-pinares)<\/li>\n\n\n\n<li>Asociaci\u00f3n para el desarrollo rural de Segovia sur (Segovia sur)<\/li>\n\n\n\n<li>Asociaci\u00f3n para el desarrollo end\u00f3geno de Almaz\u00e1n y otros municipios (Adema)<\/li>\n\n\n\n<li>Asociaci\u00f3n pinares el valle para el desarrollo rural integral (Asopiva)<\/li>\n\n\n\n<li>Asociaci\u00f3n proyecto noreste de Soria (Proynerso)<\/li>\n\n\n\n<li>Asociaci\u00f3n tierras sorianas del Cid (Tierras del Cid)<\/li>\n\n\n\n<li>Asociaci\u00f3n para el desarrollo rural ruta del mud\u00e9jar (Ruta del Mud\u00e9jar)<\/li>\n\n\n\n<li>Asociaci\u00f3n para el desarrollo rural de tierra de campos \u2013 zona norte de Valladolid (Valladolid norte)<\/li>\n\n\n\n<li>Asociaci\u00f3n para el desarrollo end\u00f3geno en la zona centro de Valladolid (Zona centro de Valladolid)<\/li>\n\n\n\n<li>Asociaci\u00f3n para el desarrollo de Aliste, T\u00e1bara y Alba (Adata)<\/li>\n\n\n\n<li>Asociaci\u00f3n para el desarrollo econ\u00f3mico rural integral de Sayago (Aderisa)<\/li>\n<\/ul>\n\n\n\n<p>Estos 25 grupos se reparten entre todas las provincias de Castilla y Le\u00f3n: uno en \u00c1vila, cuatro en Burgos, tres en Le\u00f3n, dos en Palencia, dos en Salamanca, cuatro en Segovia, cuatro en Soria, tres en Valladolid y dos en Zamora.<\/p>\n\n\n\n<p>La distribuci\u00f3n por provincias de los 57 proyectos aprobados es la siguiente: uno en \u00c1vila, ocho en Burgos, ocho en Le\u00f3n, dos en Palencia, seis en Salamanca, once en Segovia, siete en Soria, ocho en Valladolid y seis en Zamora.<\/p>\n\n\n\n<p>Por cuarta vez se autorizan asignaciones adicionales de fondos Leader para expedientes correspondientes a un proyecto de cooperaci\u00f3n regional entre GAL de la Comunidad.<\/p>\n\n\n\n<p><strong>Proyectos productivos<\/strong><\/p>\n\n\n\n<p>La importancia de la medida Leader dentro del PDR 2014-2022 de Castilla y Le\u00f3n radica en que permite financiar un amplio espectro de inversiones productivas llevadas a cabo por pymes que tienen como nexo com\u00fan el objetivo de conseguir la mejora de las zonas rurales.<\/p>\n\n\n\n<p>De esta forma, a trav\u00e9s de Leader es posible financiar la creaci\u00f3n, ampliaci\u00f3n, modernizaci\u00f3n y\/o traslado de pymes con car\u00e1cter multisectorial como por ejemplo las relacionadas con el peque\u00f1o comercio tradicional; las relacionadas con el turismo como casas rurales, turismo activo, etc., y las inversiones relacionadas con la industria agroalimentaria.<\/p>\n\n\n\n<p>Del total de los 57 proyectos, 49 corresponden a la submedida 19.2 Estrategia, de los que el 80 % (39 proyectos), son de tipo productivo y a ellos le corresponde el 93 % del total de los fondos asignados y el 20 % restante (10 proyectos) son de tipo no productivo, a los que se destina el 7 % de los fondos.<\/p>\n\n\n\n<p>De los 39 proyectos productivos, el 43 % (17 proyectos) corresponden a valorizaci\u00f3n de productos agroalimentarios y a ellos van destinados el 37 % de los fondos.<\/p>\n\n\n\n<p><strong>Empleo generado<\/strong><\/p>\n\n\n\n<p>Los proyectos financiados con esta d\u00e9cima asignaci\u00f3n permitir\u00e1n crear un total de 45 empleos y la consolidaci\u00f3n de 354 empleos.<\/p>\n\n\n\n<p>En cuanto a los empleos creados, un 39 % (18 empleos), corresponden a los proyectos de valorizaci\u00f3n de productos agrarios y agroalimentarios y el resto a las pymes en general y a las relacionadas con actividades del sector tur\u00edstico.<\/p>\n\n\n\n<p>En cuanto a los empleos mantenidos, el 82 % (291 empleos) corresponder\u00eda a los proyectos de valorizaci\u00f3n de productos agrarios y agroalimentarios.<\/p>\n","protected":false},"excerpt":{"rendered":"<p>La Consejer\u00eda de Agricultura, Ganader\u00eda y Desarrollo Rural ha publicado hoy en el Bolet\u00edn Oficial de Castilla y Le\u00f3n (Bocyl) la Resoluci\u00f3n por la que se aprueba la dotaci\u00f3n financiera correspondiente a la d\u00e9cima asignaci\u00f3n adicional espec\u00edfica de fondos p\u00fablicos, por importe de 4,56 millones de euros, a determinados Grupos de Acci\u00f3n Local (GAL) destinada [&hellip;]<\/p>\n","protected":false},"author":1,"featured_media":1235,"comment_status":"open","ping_status":"closed","sticky":false,"template":"","format":"standard","meta":{"_monsterinsights_skip_tracking":false,"_monsterinsights_sitenote_active":false,"_monsterinsights_sitenote_note":"","_monsterinsights_sitenote_category":0,"site-container-style":"default","site-container-layout":"default","site-sidebar-layout":"default","disable-article-header":"default","disable-site-header":"default","disable-site-footer":"default","disable-content-area-spacing":"default","_jetpack_memberships_contains_paid_content":false,"footnotes":"","jetpack_publicize_message":"","jetpack_publicize_feature_enabled":true,"jetpack_social_post_already_shared":false,"jetpack_social_options":{"image_generator_settings":{"template":"highway","default_image_id":0,"font":"","enabled":false},"version":2}},"categories":[10],"tags":[],"class_list":["post-1234","post","type-post","status-publish","format-standard","has-post-thumbnail","hentry","category-castilla-y-leon"],"jetpack_publicize_connections":[],"jetpack_featured_media_url":"https:\/\/987aldia.com\/web\/wp-content\/uploads\/2023\/05\/vista-aerea-paisaje-naturaleza.jpg","jetpack_sharing_enabled":true,"_links":{"self":[{"href":"https:\/\/987aldia.com\/web\/wp-json\/wp\/v2\/posts\/1234","targetHints":{"allow":["GET"]}}],"collection":[{"href":"https:\/\/987aldia.com\/web\/wp-json\/wp\/v2\/posts"}],"about":[{"href":"https:\/\/987aldia.com\/web\/wp-json\/wp\/v2\/types\/post"}],"author":[{"embeddable":true,"href":"https:\/\/987aldia.com\/web\/wp-json\/wp\/v2\/users\/1"}],"replies":[{"embeddable":true,"href":"https:\/\/987aldia.com\/web\/wp-json\/wp\/v2\/comments?post=1234"}],"version-history":[{"count":1,"href":"https:\/\/987aldia.com\/web\/wp-json\/wp\/v2\/posts\/1234\/revisions"}],"predecessor-version":[{"id":1236,"href":"https:\/\/987aldia.com\/web\/wp-json\/wp\/v2\/posts\/1234\/revisions\/1236"}],"wp:featuredmedia":[{"embeddable":true,"href":"https:\/\/987aldia.com\/web\/wp-json\/wp\/v2\/media\/1235"}],"wp:attachment":[{"href":"https:\/\/987aldia.com\/web\/wp-json\/wp\/v2\/media?parent=1234"}],"wp:term":[{"taxonomy":"category","embeddable":true,"href":"https:\/\/987aldia.com\/web\/wp-json\/wp\/v2\/categories?post=1234"},{"taxonomy":"post_tag","embeddable":true,"href":"https:\/\/987aldia.com\/web\/wp-json\/wp\/v2\/tags?post=1234"}],"curies":[{"name":"wp","href":"https:\/\/api.w.org\/{rel}","templated":true}]}}