{"id":1258,"date":"2023-05-27T08:41:13","date_gmt":"2023-05-27T08:41:13","guid":{"rendered":"https:\/\/987aldia.com\/web\/?p=1258"},"modified":"2023-05-29T08:42:44","modified_gmt":"2023-05-29T08:42:44","slug":"los-centros-de-ensenanzas-artisticas-de-la-junta-de-castilla-y-leon-reciben-este-curso-a-21-expertos-europeos","status":"publish","type":"post","link":"https:\/\/987aldia.com\/web\/los-centros-de-ensenanzas-artisticas-de-la-junta-de-castilla-y-leon-reciben-este-curso-a-21-expertos-europeos\/","title":{"rendered":"Los centros de ense\u00f1anzas art\u00edsticas de la Junta de Castilla y Le\u00f3n reciben este curso a 21 expertos europeos"},"content":{"rendered":"\n<ul class=\"wp-block-list\">\n<li>El Consorcio M\u00fasica, Danza y Arte est\u00e1 formado por los 11 conservatorios profesionales de M\u00fasica, las dos escuelas profesionales de Danza y 6 escuelas de Arte de la Comunidad<\/li>\n\n\n\n<li>El programa Erasmus+ ofrece a los centros la posibilidad de contar con formadores, profesores, expertos en gesti\u00f3n u otros profesionales procedentes del extranjero<\/li>\n<\/ul>\n\n\n\n<p>La Junta de Castilla y Le\u00f3n incentiva la internacionalizaci\u00f3n de los centros docentes a trav\u00e9s de diversas actuaciones no solo en los centros de educaci\u00f3n obligatoria, sino tambi\u00e9n en aquellos que ofrecen ense\u00f1anzas art\u00edsticas. As\u00ed, a trav\u00e9s de la acreditaci\u00f3n Erasmus+ concedida para participar en proyectos de movilidad en el periodo 2021-2027, el Consorcio MDA (M\u00fasica, Danza y Arte) en Castilla y Le\u00f3n ha recibido este curso 2022-2023 a 21 expertos invitados en los centros participantes.<\/p>\n\n\n\n<p>El Consorcio MDA est\u00e1 formado por los 11 conservatorios profesionales de M\u00fasica, las dos escuelas profesionales de Danza y seis escuelas de Arte que imparten ciclos formativos de Grado Medio de Artes Pl\u00e1sticas y Dise\u00f1o.<\/p>\n\n\n\n<p>El programa Erasmus+, dentro de sus modalidades de participaci\u00f3n, ofrece la posibilidad de contar en los centros educativos con expertos invitados, es decir, formadores, profesores, expertos en gesti\u00f3n de la educaci\u00f3n u otros profesionales cualificados procedentes del extranjero que puedan ayudar a mejorar la ense\u00f1anza, la formaci\u00f3n y el aprendizaje en el centro de acogida.<\/p>\n\n\n\n<p>En concreto, para el curso 2022-2023, estos expertos proceden de instituciones como la Orquesta Sinf\u00f3nica de Torun (Polonia), el Malandain Ballet Biarritz (Francia), la Jan\u00e1\u010dek Academy of Music and Performing Arts (Rep\u00fablica Checa), el Conservatorio Statale di Musica Giacomo Puccini (Italia) o la Orquesta del Concertgebouw de \u00c1msterdam (Pa\u00edses Bajos).De esta forma, los centros de ense\u00f1anzas art\u00edsticas en Castilla y Le\u00f3n consiguen impulsar sus estrategias de internacionalizaci\u00f3n, mejorar la calidad de la formaci\u00f3n y proporcionar a su alumnado y profesorado la oportunidad de experimentar y conocer la educaci\u00f3n art\u00edstica de otros pa\u00edses.&nbsp;<\/p>\n","protected":false},"excerpt":{"rendered":"<p>La Junta de Castilla y Le\u00f3n incentiva la internacionalizaci\u00f3n de los centros docentes a trav\u00e9s de diversas actuaciones no solo en los centros de educaci\u00f3n obligatoria, sino tambi\u00e9n en aquellos que ofrecen ense\u00f1anzas art\u00edsticas. As\u00ed, a trav\u00e9s de la acreditaci\u00f3n Erasmus+ concedida para participar en proyectos de movilidad en el periodo 2021-2027, el Consorcio MDA [&hellip;]<\/p>\n","protected":false},"author":1,"featured_media":1259,"comment_status":"open","ping_status":"closed","sticky":false,"template":"","format":"standard","meta":{"_monsterinsights_skip_tracking":false,"_monsterinsights_sitenote_active":false,"_monsterinsights_sitenote_note":"","_monsterinsights_sitenote_category":0,"site-container-style":"default","site-container-layout":"default","site-sidebar-layout":"default","disable-article-header":"default","disable-site-header":"default","disable-site-footer":"default","disable-content-area-spacing":"default","_jetpack_memberships_contains_paid_content":false,"footnotes":"","jetpack_publicize_message":"","jetpack_publicize_feature_enabled":true,"jetpack_social_post_already_shared":false,"jetpack_social_options":{"image_generator_settings":{"template":"highway","default_image_id":0,"font":"","enabled":false},"version":2}},"categories":[10],"tags":[],"class_list":["post-1258","post","type-post","status-publish","format-standard","has-post-thumbnail","hentry","category-castilla-y-leon"],"jetpack_publicize_connections":[],"jetpack_featured_media_url":"https:\/\/987aldia.com\/web\/wp-content\/uploads\/2023\/05\/vista-cerca-artista-sujetando-pincel.jpg","jetpack_sharing_enabled":true,"_links":{"self":[{"href":"https:\/\/987aldia.com\/web\/wp-json\/wp\/v2\/posts\/1258","targetHints":{"allow":["GET"]}}],"collection":[{"href":"https:\/\/987aldia.com\/web\/wp-json\/wp\/v2\/posts"}],"about":[{"href":"https:\/\/987aldia.com\/web\/wp-json\/wp\/v2\/types\/post"}],"author":[{"embeddable":true,"href":"https:\/\/987aldia.com\/web\/wp-json\/wp\/v2\/users\/1"}],"replies":[{"embeddable":true,"href":"https:\/\/987aldia.com\/web\/wp-json\/wp\/v2\/comments?post=1258"}],"version-history":[{"count":1,"href":"https:\/\/987aldia.com\/web\/wp-json\/wp\/v2\/posts\/1258\/revisions"}],"predecessor-version":[{"id":1260,"href":"https:\/\/987aldia.com\/web\/wp-json\/wp\/v2\/posts\/1258\/revisions\/1260"}],"wp:featuredmedia":[{"embeddable":true,"href":"https:\/\/987aldia.com\/web\/wp-json\/wp\/v2\/media\/1259"}],"wp:attachment":[{"href":"https:\/\/987aldia.com\/web\/wp-json\/wp\/v2\/media?parent=1258"}],"wp:term":[{"taxonomy":"category","embeddable":true,"href":"https:\/\/987aldia.com\/web\/wp-json\/wp\/v2\/categories?post=1258"},{"taxonomy":"post_tag","embeddable":true,"href":"https:\/\/987aldia.com\/web\/wp-json\/wp\/v2\/tags?post=1258"}],"curies":[{"name":"wp","href":"https:\/\/api.w.org\/{rel}","templated":true}]}}