{"id":1315,"date":"2023-05-31T08:16:22","date_gmt":"2023-05-31T08:16:22","guid":{"rendered":"https:\/\/987aldia.com\/web\/?p=1315"},"modified":"2023-06-01T08:18:18","modified_gmt":"2023-06-01T08:18:18","slug":"la-junta-ofrece-en-junio-una-amplia-programacion-cultural-con-632-actividades-en-toda-la-comunidad","status":"publish","type":"post","link":"https:\/\/987aldia.com\/web\/la-junta-ofrece-en-junio-una-amplia-programacion-cultural-con-632-actividades-en-toda-la-comunidad\/","title":{"rendered":"La Junta ofrece en junio una amplia programaci\u00f3n cultural con 632 actividades en toda la Comunidad"},"content":{"rendered":"\n<h2 class=\"wp-block-heading\"><strong>La Consejer\u00eda de Cultura, Turismo y Deporte presenta la programaci\u00f3n cultural para el mes de junio, con 632 actividades en los centros culturales de gesti\u00f3n auton\u00f3mica. En junio se celebran efem\u00e9rides de los archivos y de la m\u00fasica, y la OSCyL finaliza este mes su Temporada 2022\/23 con tres programas de abono. Salamanca acoge una nueva edici\u00f3n del Festival Internacional de las Artes de Castilla y Le\u00f3n.<\/strong><\/h2>\n\n\n\n<p>La Consejer\u00eda de Cultura, Turismo y Deporte ofrece una amplia programaci\u00f3n cultural para el mes de junio en la red de centros culturales de la Junta de Castilla y Le\u00f3n, con 632 actividades en las nueve provincias de la Comunidad. Esta programaci\u00f3n se desarrolla en los 46 centros de gesti\u00f3n auton\u00f3mica, entre museos provinciales y regionales, archivos provinciales, bibliotecas, red de teatros, circuitos esc\u00e9nicos, festivales regionales y actividades de la Orquesta Sinf\u00f3nica de Castilla y Le\u00f3n, entre otros, con el objetivo de ofrecer una programaci\u00f3n de calidad y adaptada para todos los p\u00fablicos.<\/p>\n\n\n\n<p>La programaci\u00f3n cultural del mes de junio incluye 47 exposiciones temporales; 99 visitas guiadas; 54 charlas y conferencias, cursos y encuentros; m\u00e1s de 40 actividades musicales y conciertos; 65 actividades de artes esc\u00e9nicas; 50 de cine; 29 actividades de animaci\u00f3n a la lectura y presentaciones literarias; m\u00e1s de 150 cursos, talleres, actividades did\u00e1cticas y familiares. Adem\u00e1s, se suman 47 actividades que se van a poder disfrutar de forma &#8216;online&#8217; con el objetivo de universalizar la oferta cultural de la Comunidad.<\/p>\n\n\n\n<p>Durante el mes de junio se celebran el D\u00eda Internacional de los Archivos, el 9 de junio, y el D\u00eda Europeo de la M\u00fasica, el 21 de junio, eventos que tendr\u00e1n un papel fundamental en la programaci\u00f3n mensual de los centros culturales de la Comunidad. Adem\u00e1s, del 14 al 18 de junio, Salamanca acoge una nueva edici\u00f3n del Festival Internacional de las Artes de Castilla y Le\u00f3n, con alrededor de 50 conciertos y espect\u00e1culos de vanguardia.<\/p>\n\n\n\n<p><strong>Actividad en los Archivos<\/strong><\/p>\n\n\n\n<p>El 9 de junio se celebra el D\u00eda internacional de los Archivos, un aniversario que invita a descubrir el valor \u00fanico de los centros. Los archivos de Castilla y le\u00f3n se suman a la efem\u00e9ride y abren sus puertas con un atractivo programa de actividades que incluye visitas guiadas, conferencias, exposiciones, conciertos y representaciones teatrales.<\/p>\n\n\n\n<p>El Archivo Provincial de \u00c1vila acoge la exposici\u00f3n \u2018Viviendo las flores\u2019 bajo la direcci\u00f3n de Anne Fouetillou, as\u00ed como dos visitas guiadas por las archiveras el viernes d\u00eda 9; el Archivo Hist\u00f3rico de Burgos lo celebrar\u00e1 con una proyecci\u00f3n de v\u00eddeos, mientras que el Archivo Hist\u00f3rico Provincial de Le\u00f3n ofrecer\u00e1 dos visitas guiadas e invita a visitar la exposici\u00f3n \u201860 a\u00f1os de Archivo\u2019, con motivo del aniversario del centro en el a\u00f1o 1962.<\/p>\n\n\n\n<p>En Palencia, se ha organizado una visita guiada al Archivo Hist\u00f3rico Provincial y la inauguraci\u00f3n de la exposici\u00f3n temporal \u2018Atl\u00e1ntico\u2019 en colaboraci\u00f3n con el Festival Pallantiaphoto, con fotograf\u00edas del documentalista palentino y realizador televisivo Daniel Landa.&nbsp; El archivo Hist\u00f3rico Provincial de Salamanca organiza una visita guiada a la exposici\u00f3n \u2018Sanidad Militar y Cruz Roja\u2019, fruto de la colaboraci\u00f3n con Jos\u00e9 Luis Rodr\u00edguez Arg\u00fceso, coleccionista salmantino y estudioso de la historia contempor\u00e1nea.<\/p>\n\n\n\n<p>El Archivo Hist\u00f3rico Provincial de Segovia presenta la exposici\u00f3n temporal \u2018Los aut\u00f3grafos del Archivo Hist\u00f3rico\u2019, que muestra el potencial de firmas que aparecen en diferentes documentos, desde Isabel la Cat\u00f3lica a Manuel Aza\u00f1a, Adolfo Su\u00e1rez, Mar\u00eda Coronel, mujer de Juan Bravo, o San Juan de la Cruz. Adem\u00e1s, el jueves 8 organiza la conferencia \u2018Los archivos del Ministerio de Defensa: 125 a\u00f1os de la fundaci\u00f3n del Archivo General Militar de Segovia\u2019.<\/p>\n\n\n\n<p>En Soria, se podr\u00e1 visitar la exposici\u00f3n \u2018Caloto. Soria en esencia\u2019 en el Archivo Hist\u00f3rico Provincial, con im\u00e1genes del soriano Manuel Lafuente Caloto. Los Archivos Hist\u00f3ricos Provinciales de Valladolid y Zamora organizan dos visitas guiadas con el objetivo de conocer las salas de trabajo y dep\u00f3sitos de los archivos.<\/p>\n\n\n\n<p><strong>D\u00eda Europeo de la M\u00fasica<\/strong><\/p>\n\n\n\n<p>La m\u00fasica tendr\u00e1 un papel protagonista en las bibliotecas, museos y centros culturales con motivo del D\u00eda Europeo de la M\u00fasica que se celebra el 21 de junio. La Orquesta Sinf\u00f3nica de Castilla y Le\u00f3n ofrecer\u00e1 durante este mes de junio los \u00faltimos tres conciertos de abono de la Temporada 2022\/23, que ha contado por primera vez con Thierry Fischer como director titular y cuya temporada se cerrar\u00e1 bajo las direcciones de aclamados maestros internacionales como Vasily Petrenko, director asociado de la OSCyL, y Roberto Gonz\u00e1lez-Monjas, nuevo director titular de la Orquesta del Mozarteum de Salzburgo para la Temporada 2024\/25.<\/p>\n\n\n\n<p>La Biblioteca P\u00fablica de Palencia celebra el D\u00eda de la M\u00fasica con un concierto de \u2018Amalgama Folk\u2019, grupo palentino que se ha posicionado en el panorama tanto nacional como internacional, en el \u00e1mbito de las m\u00fasicas de ra\u00edz y m\u00fasicas del mundo. Mientras, en la Biblioteca P\u00fablica de Castilla y Le\u00f3n, en Valladolid, tendr\u00e1 lugar el concierto \u2018\u00a1Que lo baile, que lo baile!\u2019, en el que se interpretar\u00e1 m\u00fasica del mundo con melod\u00edas de ra\u00edz celta. El mi\u00e9rcoles 14, la Biblioteca P\u00fablica de Zamora acoge un concierto del \u2018Conservatorio Profesional de M\u00fasica de Zamora Miguel Manzano\u2019.<\/p>\n\n\n\n<p>Adem\u00e1s, el jueves 21, la Orquesta del Conservatorio Superior de M\u00fasica de Castilla y Le\u00f3n, dirigida por Alejandro Posada, ofrecer\u00e1 un concierto en el Centro Cultural Miguel Delibes, con un repertorio con obras de L. V. Beethoven, P. I. Tchaikovsky y A. Dvorak.<\/p>\n\n\n\n<p><strong>FACYL 2023<\/strong><\/p>\n\n\n\n<p>Del 14 al 18 de junio se celebra en Salamanca el Festival Internacional de las Artes de Castilla y Le\u00f3n-FACYL, con una amplia programaci\u00f3n que unir\u00e1 nuevas tecnolog\u00edas, artes esc\u00e9nicas y vanguardia. Una programaci\u00f3n que tiene como base el paisaje urbano de Salamanca, con presencia en 17 espacios culturales y patrimoniales de la ciudad, entre ellos el Patio Chico, la Plaza de Anaya o los Patios de Escuelas Mayores y Menores, as\u00ed como el Teatro Liceo y la Casa de las Conchas.<\/p>\n\n\n\n<p>En esta edici\u00f3n se contar\u00e1 con la participaci\u00f3n de m\u00e1s de 100 artistas, pertenecientes a 40 compa\u00f1\u00edas: 18 de Castilla y Le\u00f3n, 12 nacionales y 10 internacionales de Canad\u00e1, Francia, B\u00e9lgica, Italia o Venezuela, que sumar\u00e1n las nuevas tecnolog\u00edas aplicadas a la creaci\u00f3n m\u00e1s vanguardista, sin olvidar las artes cl\u00e1sicas, a trav\u00e9s de los espect\u00e1culos de calle, circo, m\u00fasica y danza. Toda la programaci\u00f3n en&nbsp;&nbsp;<a href=\"http:\/\/www.facyl-festival.com\/\">www.facyl-festival.com<\/a><\/p>\n","protected":false},"excerpt":{"rendered":"<p>La Consejer\u00eda de Cultura, Turismo y Deporte presenta la programaci\u00f3n cultural para el mes de junio, con 632 actividades en los centros culturales de gesti\u00f3n auton\u00f3mica. En junio se celebran efem\u00e9rides de los archivos y de la m\u00fasica, y la OSCyL finaliza este mes su Temporada 2022\/23 con tres programas de abono. Salamanca acoge una [&hellip;]<\/p>\n","protected":false},"author":1,"featured_media":1316,"comment_status":"open","ping_status":"closed","sticky":false,"template":"","format":"standard","meta":{"_monsterinsights_skip_tracking":false,"_monsterinsights_sitenote_active":false,"_monsterinsights_sitenote_note":"","_monsterinsights_sitenote_category":0,"site-container-style":"default","site-container-layout":"default","site-sidebar-layout":"default","disable-article-header":"default","disable-site-header":"default","disable-site-footer":"default","disable-content-area-spacing":"default","_jetpack_memberships_contains_paid_content":false,"footnotes":"","jetpack_publicize_message":"","jetpack_publicize_feature_enabled":true,"jetpack_social_post_already_shared":false,"jetpack_social_options":{"image_generator_settings":{"template":"highway","default_image_id":0,"font":"","enabled":false},"version":2}},"categories":[10],"tags":[],"class_list":["post-1315","post","type-post","status-publish","format-standard","has-post-thumbnail","hentry","category-castilla-y-leon"],"jetpack_publicize_connections":[],"jetpack_featured_media_url":"https:\/\/987aldia.com\/web\/wp-content\/uploads\/2023\/06\/primer-plano-varias-manos-color-polvo.jpg","jetpack_sharing_enabled":true,"_links":{"self":[{"href":"https:\/\/987aldia.com\/web\/wp-json\/wp\/v2\/posts\/1315","targetHints":{"allow":["GET"]}}],"collection":[{"href":"https:\/\/987aldia.com\/web\/wp-json\/wp\/v2\/posts"}],"about":[{"href":"https:\/\/987aldia.com\/web\/wp-json\/wp\/v2\/types\/post"}],"author":[{"embeddable":true,"href":"https:\/\/987aldia.com\/web\/wp-json\/wp\/v2\/users\/1"}],"replies":[{"embeddable":true,"href":"https:\/\/987aldia.com\/web\/wp-json\/wp\/v2\/comments?post=1315"}],"version-history":[{"count":1,"href":"https:\/\/987aldia.com\/web\/wp-json\/wp\/v2\/posts\/1315\/revisions"}],"predecessor-version":[{"id":1317,"href":"https:\/\/987aldia.com\/web\/wp-json\/wp\/v2\/posts\/1315\/revisions\/1317"}],"wp:featuredmedia":[{"embeddable":true,"href":"https:\/\/987aldia.com\/web\/wp-json\/wp\/v2\/media\/1316"}],"wp:attachment":[{"href":"https:\/\/987aldia.com\/web\/wp-json\/wp\/v2\/media?parent=1315"}],"wp:term":[{"taxonomy":"category","embeddable":true,"href":"https:\/\/987aldia.com\/web\/wp-json\/wp\/v2\/categories?post=1315"},{"taxonomy":"post_tag","embeddable":true,"href":"https:\/\/987aldia.com\/web\/wp-json\/wp\/v2\/tags?post=1315"}],"curies":[{"name":"wp","href":"https:\/\/api.w.org\/{rel}","templated":true}]}}