{"id":1318,"date":"2023-05-31T08:18:30","date_gmt":"2023-05-31T08:18:30","guid":{"rendered":"https:\/\/987aldia.com\/web\/?p=1318"},"modified":"2023-06-01T08:20:04","modified_gmt":"2023-06-01T08:20:04","slug":"el-dia-mundial-sin-tabaco-se-celebra-hoy-bajo-el-lema-cultivemos-alimentos-no-tabaco","status":"publish","type":"post","link":"https:\/\/987aldia.com\/web\/el-dia-mundial-sin-tabaco-se-celebra-hoy-bajo-el-lema-cultivemos-alimentos-no-tabaco\/","title":{"rendered":"El D\u00eda Mundial sin Tabaco se celebra hoy bajo el lema \u201cCultivemos alimentos, no tabaco\u201d"},"content":{"rendered":"\n<h2 class=\"wp-block-heading\"><strong>El Hospital \u2018Virgen de la Concha\u2019 y los centros de salud de Santa Elena en la capital y el de Toro albergan tres mesas informativas, respectivamente, donde se informa de los efectos nocivos del tabaquismo y los recursos del Sacyl en la provincia de Zamora.<\/strong><\/h2>\n\n\n\n<p>La Junta de Castilla y Le\u00f3n, a trav\u00e9s de la Gerencia del Complejo Asistencial de Zamora, celebra un a\u00f1o m\u00e1s el D\u00eda Mundial sin Tabaco, bajo el lema \u201cCultivemos alimentos, no tabaco\u201d con el objetivo de concienciar a los zamoranos del peligro que conlleva el tabaquismo para la salud. Durante la jornada de hoy, el Hospital \u2018Virgen de la Concha\u2019, en la rampa y en los centros de salud de Santa Elena en la capital y el de Toro, en su entrada principal, se han instalado unas mesas informativas para asesorar y concienciar de los efectos nocivos del h\u00e1bito tab\u00e1quico y dar a conocer los servicios y recursos disponibles en el \u00c1rea Sanitaria de Zamora para los usuarios que lo soliciten.<\/p>\n\n\n\n<p>Por ello, la delegada territorial de la Junta, Leticia Garc\u00eda, se ha desplazado esta ma\u00f1ana hasta la localidad de Toro para hacer un llamamiento a los fumadores para que abandonen este mal h\u00e1bito y poner en valor en este sentido el buen trabajo de los profesionales y los recursos sanitarios disponibles. Leticia Garc\u00eda ha manifestado que \u201choy, 31 de mayo, se celebra en todo el mundo el d\u00eda sin tabaco, y en Zamora queremos dar visibilidad con actuaciones como las de hoy que llamen la atenci\u00f3n de las personas que se planteen dejar de fumar, para que les resulte m\u00e1s f\u00e1cil alejarse del tabaquismo, que es un problema sanitario de primera magnitud\u201d.<\/p>\n\n\n\n<p>La Organizaci\u00f3n Mundial de la Salud (OMS) ha elegido este a\u00f1o el lema para el D\u00eda Mundial Sin Tabaco \u201cCultivemos alimentos, no tabaco\u201d para concienciarnos, adem\u00e1s del abandono de fumar, sobre el efecto que tiene el tabaco y la industria tabaquera sobre el cultivo, el consumo de agua, el suelo o la agricultura.<\/p>\n\n\n\n<p>La delegada territorial ha destacado que \u201cen el Complejo Asistencial de Zamora durante el pasado a\u00f1o se realizaron 122 ingresos con el c\u00e1ncer de pulm\u00f3n como diagn\u00f3stico principal y, adem\u00e1s, se podr\u00edan reducir un 30 % los casos de c\u00e1ncer en nuestro pa\u00eds si no se fumara\u201d. Igualmente, en Atenci\u00f3n Primaria todos los profesionales participan en el llamado \u201cConsejo Breve\u201d para animar a los usuarios al abandono del h\u00e1bito tab\u00e1quico, y al margen de ello existen consultas espec\u00edficas de deshabituaci\u00f3n tab\u00e1quica en los Centros de Salud \u201cSanta Elena\u201d, \u201cPuerta Nueva\u201d y \u201cToro\u201d, en este \u00faltimo comenz\u00f3 su andadura el pasado noviembre.<\/p>\n\n\n\n<p>As\u00ed, en relaci\u00f3n con las unidades de antitabaquismo del Complejo Asistencial se\u00f1al\u00f3 la delegada que \u201cdurante el a\u00f1o pasado se registraron 78 usuarios nuevos en los dos dispositivos de Unidad antitabaquismo y m\u00e1s de 40 usuarios en las consultas espec\u00edficas de Atenci\u00f3n Primaria y en lo que llevamos de este a\u00f1o han acudido para iniciar terapia en estas unidades 108 pacientes nuevos. El tiempo de deshabituaci\u00f3n del h\u00e1bito es variable, realiz\u00e1ndose seguimiento de la terapia farmacol\u00f3gica e individual, en los siguientes 6 meses desde que se inicia todo el tratamiento y la tasa de \u00e9xito a largo plazo se encuentra en torno al 30 %\u201d.<\/p>\n\n\n\n<p>El protocolo de deshabituaci\u00f3n para dejar de fumar se adec\u00faa a las necesidades de cada persona, que puede requerir o no de tratamiento farmacol\u00f3gico dependiendo de su grado de dependencia a la nicotina. En cualquier caso, este servicio siempre incluye el apoyo psicol\u00f3gico y el seguimiento del paciente para evitar reca\u00eddas. La Junta completa esta ayuda con una gu\u00eda pr\u00e1ctica para dejar de fumar, que est\u00e1 disponible en el Portal de Salud de Castilla y Le\u00f3n.<\/p>\n\n\n\n<p>Los tres stands informativos est\u00e1n ubicados durante la ma\u00f1ana de hoy, adem\u00e1s del centro de salud de Toro, en las puertas de acceso al Hospital Virgen Concha (rampa) y en la entrada principal centro de Salud Santa Elena. Cada stand cuenta con la presencia de dos integrantes del grupo \u2018SinTabaco\u2019, son dos alumnos de la Escuela de Enfermer\u00eda, para informar las personas que acudan a las dependencias sanitarias del prop\u00f3sito de la actividad, d\u00e1ndoles la oportunidad de colaborar con la realizaci\u00f3n de una encuesta en formato Forms\/QR (Intervenci\u00f3n Breve) que servir\u00e1 para conocer la disposici\u00f3n del paciente fumador a la realizaci\u00f3n de un intento de abandono. Adem\u00e1s, se les entrega un d\u00edptico para deshabituaci\u00f3n tab\u00e1quica a los pacientes fumadores y se le ofrece el apoyo sanitario y su derivaci\u00f3n a los interesados en realizar un intento serio para el abandono del h\u00e1bito.<\/p>\n\n\n\n<p>Todos estos actos se llevan a cabo con la colaboraci\u00f3n de los integrantes del grupo SinTabaco, Servicio de Neumolog\u00eda, Colegio de Enfermer\u00eda de Zamora, Fundaci\u00f3n Personas y Asociaci\u00f3n Espa\u00f1ola Contra el C\u00e1ncer (AECC).<\/p>\n","protected":false},"excerpt":{"rendered":"<p>El Hospital \u2018Virgen de la Concha\u2019 y los centros de salud de Santa Elena en la capital y el de Toro albergan tres mesas informativas, respectivamente, donde se informa de los efectos nocivos del tabaquismo y los recursos del Sacyl en la provincia de Zamora. La Junta de Castilla y Le\u00f3n, a trav\u00e9s de la [&hellip;]<\/p>\n","protected":false},"author":1,"featured_media":1319,"comment_status":"open","ping_status":"closed","sticky":false,"template":"","format":"standard","meta":{"_monsterinsights_skip_tracking":false,"_monsterinsights_sitenote_active":false,"_monsterinsights_sitenote_note":"","_monsterinsights_sitenote_category":0,"site-container-style":"default","site-container-layout":"default","site-sidebar-layout":"default","disable-article-header":"default","disable-site-header":"default","disable-site-footer":"default","disable-content-area-spacing":"default","_jetpack_memberships_contains_paid_content":false,"footnotes":"","jetpack_publicize_message":"","jetpack_publicize_feature_enabled":true,"jetpack_social_post_already_shared":false,"jetpack_social_options":{"image_generator_settings":{"template":"highway","default_image_id":0,"font":"","enabled":false},"version":2}},"categories":[10],"tags":[],"class_list":["post-1318","post","type-post","status-publish","format-standard","has-post-thumbnail","hentry","category-castilla-y-leon"],"jetpack_publicize_connections":[],"jetpack_featured_media_url":"https:\/\/987aldia.com\/web\/wp-content\/uploads\/2023\/06\/vista-frontal-concepto-mala-costumbre-cigarrillos.jpg","jetpack_sharing_enabled":true,"_links":{"self":[{"href":"https:\/\/987aldia.com\/web\/wp-json\/wp\/v2\/posts\/1318","targetHints":{"allow":["GET"]}}],"collection":[{"href":"https:\/\/987aldia.com\/web\/wp-json\/wp\/v2\/posts"}],"about":[{"href":"https:\/\/987aldia.com\/web\/wp-json\/wp\/v2\/types\/post"}],"author":[{"embeddable":true,"href":"https:\/\/987aldia.com\/web\/wp-json\/wp\/v2\/users\/1"}],"replies":[{"embeddable":true,"href":"https:\/\/987aldia.com\/web\/wp-json\/wp\/v2\/comments?post=1318"}],"version-history":[{"count":1,"href":"https:\/\/987aldia.com\/web\/wp-json\/wp\/v2\/posts\/1318\/revisions"}],"predecessor-version":[{"id":1320,"href":"https:\/\/987aldia.com\/web\/wp-json\/wp\/v2\/posts\/1318\/revisions\/1320"}],"wp:featuredmedia":[{"embeddable":true,"href":"https:\/\/987aldia.com\/web\/wp-json\/wp\/v2\/media\/1319"}],"wp:attachment":[{"href":"https:\/\/987aldia.com\/web\/wp-json\/wp\/v2\/media?parent=1318"}],"wp:term":[{"taxonomy":"category","embeddable":true,"href":"https:\/\/987aldia.com\/web\/wp-json\/wp\/v2\/categories?post=1318"},{"taxonomy":"post_tag","embeddable":true,"href":"https:\/\/987aldia.com\/web\/wp-json\/wp\/v2\/tags?post=1318"}],"curies":[{"name":"wp","href":"https:\/\/api.w.org\/{rel}","templated":true}]}}