{"id":1321,"date":"2023-05-31T08:20:20","date_gmt":"2023-05-31T08:20:20","guid":{"rendered":"https:\/\/987aldia.com\/web\/?p=1321"},"modified":"2023-06-01T08:21:39","modified_gmt":"2023-06-01T08:21:39","slug":"la-comision-de-medio-ambiente-y-urbanismo-de-segovia-autoriza-la-nueva-estacion-depuradora-de-aguas-residuales-de-siguero","status":"publish","type":"post","link":"https:\/\/987aldia.com\/web\/la-comision-de-medio-ambiente-y-urbanismo-de-segovia-autoriza-la-nueva-estacion-depuradora-de-aguas-residuales-de-siguero\/","title":{"rendered":"La Comisi\u00f3n de Medio Ambiente y Urbanismo de Segovia autoriza la nueva estaci\u00f3n depuradora de aguas residuales de Siguero"},"content":{"rendered":"\n<h2 class=\"wp-block-heading\"><strong>El Ayuntamiento de Santo Tom\u00e9 del Puerto, del que depende esta localidad, promueve la infraestructura para dotar al n\u00facleo de poblaci\u00f3n del adecuado sistema de tratamiento de sus aguas residuales, antes de su vertido al r\u00edo Durat\u00f3n. La actuaci\u00f3n contempla la ejecuci\u00f3n del colector de conexi\u00f3n a la red existente.<\/strong><\/h2>\n\n\n\n<p>La Comisi\u00f3n Territorial de Medio Ambiente y Urbanismo de Segovia ha mantenido esta ma\u00f1ana reuni\u00f3n por videoconferencia, presidida por la secretaria territorial de la Delegaci\u00f3n, Ana Isabel Fuente, y, entre otros asuntos, ha autorizado el uso excepcional de suelo r\u00fastico para la construcci\u00f3n del colector y estaci\u00f3n depuradora de aguas residuales que promueve el Ayuntamiento de Santo Tom\u00e9 del Puerto en Siguero, uno de sus n\u00facleos dependientes.<\/p>\n\n\n\n<p>En la actualidad, Siguero no dispone de sistema de tratamiento de sus aguas residuales, por tanto, no tiene capacidad para alcanzar los par\u00e1metros de calidad exigidos para el vertido de aguas. El proyecto de construcci\u00f3n de una EDAR tiene el objetivo de depurar las aguas residuales de Siguero hasta unos niveles asumibles por el r\u00edo Durat\u00f3n, al que vierten, teniendo en cuenta los caudales estacionales y sus cargas correspondientes. Este r\u00edo tiene unas oscilaciones de caudal muy grandes en toda su longitud, pero m\u00e1s en este punto de vertido en el que la cuenca es a\u00fan muy peque\u00f1a. El proyecto contempla tambi\u00e9n la construcci\u00f3n del colector de conexi\u00f3n de la depuradora a la red existente.<\/p>\n\n\n\n<p>Entre otros asuntos tratados tambi\u00e9n en la reuni\u00f3n de hoy, la Comisi\u00f3n ha autorizado el uso excepcional de suelo r\u00fastico para la construcci\u00f3n de una pista de p\u00e1del en Aldea Real. El Ayuntamiento del municipio promueve esta instalaci\u00f3n deportiva en una parcela de propiedad municipal, que alberga ya una pista de futbol sala y junto a la que existe un parque, con lo que se conseguir\u00e1 relacionar los espacios y centralizar las actividades en un lugar concreto de la localidad.<\/p>\n\n\n\n<p>La autorizaci\u00f3n de la Comisi\u00f3n establece como condici\u00f3n que en el caso de que las paredes laterales de la pista de p\u00e1del sean de vidrio u otro material transparente, se deber\u00e1n utilizar medidas correctoras que eviten la colisi\u00f3n de peque\u00f1as aves contra las mismas. Pueden colocarse vinilos con siluetas u otros elementos visibles siempre que entre ellos no haya un espacio superior a 8 cent\u00edmetros; o redes de nylon de 4,5 mm y tama\u00f1o de malla de 10 x 10, colocada a lo largo de toda la pared.<\/p>\n\n\n\n<p>Por \u00faltimo, de otros asuntos del orden del d\u00eda, cabe destacar la autorizaci\u00f3n de uso de suelo r\u00fastico para un proyecto de transformaci\u00f3n e infraestructura vin\u00edcola en una bodega de la Denominaci\u00f3n de Origen Rueda en Aldehuela del Codonal. El proyecto consiste en la ejecuci\u00f3n de una edificaci\u00f3n de 1.281,06 metros cuadrados destinada a elaboraci\u00f3n de vino, con una capacidad de 300.000 a 350.000 kilos de uva por campa\u00f1a, y cuyo programa comprende tanto \u00e1rea t\u00e9cnica como de oficinas.<\/p>\n\n\n\n<p>En concreto, el producto a obtener es vino blanco a partir de las variedades de uvas blancas aprobadas en el Reglamento de la DO Rueda, principalmente de la variedad verdejo. Su ubicaci\u00f3n en suelo r\u00fastico est\u00e1 justificada, entre otros aspectos, por la proximidad a la explotaci\u00f3n de vi\u00f1edos, contigua a la parcela en la que se ejecutar\u00e1 la construcci\u00f3n.<\/p>\n\n\n\n<p><strong>Autorizaciones para proyectos de interconexi\u00f3n de fibra \u00f3ptica<\/strong><\/p>\n\n\n\n<p>En la reuni\u00f3n de hoy, se ha autorizado el uso excepcional de suelo r\u00fastico para tres proyectos de interconexi\u00f3n de fibra \u00f3ptica cuyo trazado afecta a cinco municipios de Segovia. Las actuaciones autorizadas se engloban en el proyecto de extensi\u00f3n de banda ancha de nueva generaci\u00f3n y persiguen reforzar la cobertura de este servicio en las \u00e1reas rurales y menos pobladas de la provincia.<\/p>\n\n\n\n<p>De los proyectos autorizados, uno corresponde al plan de despliegue de enlace con fibra \u00f3ptica entre las localidades de Navalmanzano y Pinarejos. Los otros dos proyectos se refieren a la migraci\u00f3n tecnol\u00f3gica de la red de cobre a una nueva red de fibra \u00f3ptica para el servicio de telecomunicaciones y su trazado afecta a los municipios de Vallelado, Fresno de Cantespino y Riaguas de San Bartolom\u00e9.<\/p>\n\n\n\n<p>De conformidad con lo dispuesto en el art\u00edculo 49 de la Ley 11\/2022, de 28 de junio, General de Telecomunicaciones, las redes p\u00fablicas de comunicaciones electr\u00f3nicas y recursos asociados coadyuvan a la consecuci\u00f3n de un fin de inter\u00e9s general, constituyen equipamiento de car\u00e1cter b\u00e1sico y su previsi\u00f3n en los instrumentos de planeamiento urban\u00edstico tiene el car\u00e1cter de determinaciones estructurantes. Su instalaci\u00f3n y despliegue constituyen obras de inter\u00e9s general.<\/p>\n","protected":false},"excerpt":{"rendered":"<p>El Ayuntamiento de Santo Tom\u00e9 del Puerto, del que depende esta localidad, promueve la infraestructura para dotar al n\u00facleo de poblaci\u00f3n del adecuado sistema de tratamiento de sus aguas residuales, antes de su vertido al r\u00edo Durat\u00f3n. La actuaci\u00f3n contempla la ejecuci\u00f3n del colector de conexi\u00f3n a la red existente. La Comisi\u00f3n Territorial de Medio [&hellip;]<\/p>\n","protected":false},"author":1,"featured_media":1322,"comment_status":"open","ping_status":"closed","sticky":false,"template":"","format":"standard","meta":{"_monsterinsights_skip_tracking":false,"_monsterinsights_sitenote_active":false,"_monsterinsights_sitenote_note":"","_monsterinsights_sitenote_category":0,"site-container-style":"default","site-container-layout":"default","site-sidebar-layout":"default","disable-article-header":"default","disable-site-header":"default","disable-site-footer":"default","disable-content-area-spacing":"default","_jetpack_memberships_contains_paid_content":false,"footnotes":"","jetpack_publicize_message":"","jetpack_publicize_feature_enabled":true,"jetpack_social_post_already_shared":false,"jetpack_social_options":{"image_generator_settings":{"template":"highway","default_image_id":0,"font":"","enabled":false},"version":2}},"categories":[10],"tags":[],"class_list":["post-1321","post","type-post","status-publish","format-standard","has-post-thumbnail","hentry","category-castilla-y-leon"],"jetpack_publicize_connections":[],"jetpack_featured_media_url":"https:\/\/987aldia.com\/web\/wp-content\/uploads\/2023\/06\/vista-lateral-hombre-que-trabaja-proyecto-energia-eolica-ecologica-planes-papel.jpg","jetpack_sharing_enabled":true,"_links":{"self":[{"href":"https:\/\/987aldia.com\/web\/wp-json\/wp\/v2\/posts\/1321","targetHints":{"allow":["GET"]}}],"collection":[{"href":"https:\/\/987aldia.com\/web\/wp-json\/wp\/v2\/posts"}],"about":[{"href":"https:\/\/987aldia.com\/web\/wp-json\/wp\/v2\/types\/post"}],"author":[{"embeddable":true,"href":"https:\/\/987aldia.com\/web\/wp-json\/wp\/v2\/users\/1"}],"replies":[{"embeddable":true,"href":"https:\/\/987aldia.com\/web\/wp-json\/wp\/v2\/comments?post=1321"}],"version-history":[{"count":1,"href":"https:\/\/987aldia.com\/web\/wp-json\/wp\/v2\/posts\/1321\/revisions"}],"predecessor-version":[{"id":1323,"href":"https:\/\/987aldia.com\/web\/wp-json\/wp\/v2\/posts\/1321\/revisions\/1323"}],"wp:featuredmedia":[{"embeddable":true,"href":"https:\/\/987aldia.com\/web\/wp-json\/wp\/v2\/media\/1322"}],"wp:attachment":[{"href":"https:\/\/987aldia.com\/web\/wp-json\/wp\/v2\/media?parent=1321"}],"wp:term":[{"taxonomy":"category","embeddable":true,"href":"https:\/\/987aldia.com\/web\/wp-json\/wp\/v2\/categories?post=1321"},{"taxonomy":"post_tag","embeddable":true,"href":"https:\/\/987aldia.com\/web\/wp-json\/wp\/v2\/tags?post=1321"}],"curies":[{"name":"wp","href":"https:\/\/api.w.org\/{rel}","templated":true}]}}