{"id":1330,"date":"2023-05-31T08:28:16","date_gmt":"2023-05-31T08:28:16","guid":{"rendered":"https:\/\/987aldia.com\/web\/?p=1330"},"modified":"2023-06-01T08:30:46","modified_gmt":"2023-06-01T08:30:46","slug":"la-comision-de-patrimonio-informa-favorablemente-del-avance-del-plan-director-del-castillo-de-valencia-de-don-juan","status":"publish","type":"post","link":"https:\/\/987aldia.com\/web\/la-comision-de-patrimonio-informa-favorablemente-del-avance-del-plan-director-del-castillo-de-valencia-de-don-juan\/","title":{"rendered":"La Comisi\u00f3n de Patrimonio informa favorablemente del avance del Plan Director del Castillo de Valencia de Don Juan"},"content":{"rendered":"\n<h2 class=\"wp-block-heading\"><strong>Tambi\u00e9n ha autorizado la segregaci\u00f3n parcelaria de un terreno colindante a la muralla de Astorga que se convertir\u00e1 en una v\u00eda p\u00fablica vinculada al monumento.<\/strong><\/h2>\n\n\n\n<p>La Comisi\u00f3n Territorial de Patrimonio, presidida por la jefa del Servicio Territorial de Cultura, Amelia Bia\u00edn, y celebrada en el Archivo Hist\u00f3rico Provincial de Le\u00f3n, ha informado favorablemente del avance de la propuesta de actualizaci\u00f3n del Plan Director del Castillo de Valencia de Don Juan, Bien de Inter\u00e9s Cultural. \u201cEste avance lo que hace es recolectar toda la informaci\u00f3n que tiene hist\u00f3rica, arquitect\u00f3nica, arqueol\u00f3gica y, en base a la misma, dar un repaso al antiguo Plan Director al proponer estudios nuevos, sobre todo de tipo arqueol\u00f3gico en el patio. As\u00ed, una vez que se realice, se pueden proponer intervenciones concretas de consolidaci\u00f3n y recuperaci\u00f3n. Se trata de un documento bien redactado que sienta las bases adecuadas para la redacci\u00f3n de un documento definitivo\u201d, ha se\u00f1alado Bia\u00edn.<\/p>\n\n\n\n<p>Tambi\u00e9n en el municipio de Valencia de Don Juan, concretamente en el \u00e1rea de La Muela, la Comisi\u00f3n ha informado favorablemente de las obras de acondicionamiento del \u00e1mbito p\u00fablico de esta zona. Esta remodelaci\u00f3n tiene como objetivo poner en valor el espacio libre del parque de La Muela con el objeto de dotarlo de uso para diferentes actividades de la ciudadan\u00eda, mejorando y completando las pavimentaciones existentes, con plantaci\u00f3n de especies vegetales, dotaci\u00f3n de iluminaci\u00f3n y nuevo mobiliario urbano.<\/p>\n\n\n\n<p>Por otro lado, se ha autorizado la segregaci\u00f3n de una parcela urbana en la calle de El Cristo, en Astorga, para la cesi\u00f3n de una franja de terreno de 12 metros de ancho colindante con la muralla romana as\u00ed como otra de seis metros de ancho desde la calle La Brecha, para ser destinadas a viario p\u00fablico vinculado a dicho monumento. \u201cEsta segregaci\u00f3n viene motivada por la cesi\u00f3n al Ayuntamiento de Astorga de una franja de terreno libre que permita hacer una intervenci\u00f3n de recuperaci\u00f3n de ese lienzo de muralla, intervenci\u00f3n que est\u00e1 prevista acometer por parte de la Direcci\u00f3n General de Patrimonio\u201d, ha especificado la jefa del Servicio Territorial de Cultura.<\/p>\n\n\n\n<p>Del mismo modo, en la reuni\u00f3n se ha aprobado la intervenci\u00f3n arqueol\u00f3gica relacionada con el Proyecto de rehabilitaci\u00f3n del Castillete del Pozo Julia, en la localidad de Fabero. Junto con los trabajos de restauraci\u00f3n de la construcci\u00f3n industrial, se prev\u00e9 la realizaci\u00f3n de remociones de tierra en relaci\u00f3n con la excavaci\u00f3n de una zanja de drenaje perimetral y la colocaci\u00f3n de pavimento en el acceso del pabell\u00f3n de carga.<\/p>\n\n\n\n<p>La Comisi\u00f3n ha autorizado la propuesta de intervenci\u00f3n de conservaci\u00f3n y restauraci\u00f3n de la imagen del Cristo Crucificado de la Iglesia de Santa Colomba de la Vega recomendando, en la medida de lo posible, el traslado de la imagen tras la intervenci\u00f3n a su ubicaci\u00f3n original en la hornacina principal del retablo lateral de la nave de la ep\u00edstola de la iglesia.<\/p>\n\n\n\n<p>Por otra parte, se ha dado el visto bueno a la construcci\u00f3n de un porche en la Ermita del Divino Cristo en el barrio ponferradino de Fuentesnuevas, recomendando la ejecuci\u00f3n de una rampa que mejore las condiciones de accesibilidad al edificio para salvar el pelda\u00f1o existente en el acceso. Las obras proyectadas tienen por objeto realizar un porche abierto por tres lados para proteger de las lluvias a la puerta de madera que da acceso a la Ermita, proponiendo colocar dos pilares sobre el espacio del frente para el apoyo de la nueva cubierta. Este espacio estar\u00eda ocupado en la actualidad por un pavimento sobreelevado de losas de granito y maceteros. En el proyecto se explica que el volumen del edificio no cambiar\u00e1, se pretende realizar un porche tradicional como ya disponen otros edificios religiosos similares.<\/p>\n\n\n\n<p>Siguiendo con la tradici\u00f3n, la Comisi\u00f3n Territorial se ha desarrollado fuera de la Delegaci\u00f3n Territorial para poner en valor los distintos enclaves hist\u00f3ricos y de inter\u00e9s patrimonial que tiene la provincia. En esa ocasi\u00f3n, los miembros se han desplazado al Archivo Hist\u00f3rico Provincial de Le\u00f3n ubicado en la capital de la provincia donde, al finalizar la reuni\u00f3n, han realizado una visita guiada por parte de la directora del Archivo, Eva Merino.<\/p>\n","protected":false},"excerpt":{"rendered":"<p>Tambi\u00e9n ha autorizado la segregaci\u00f3n parcelaria de un terreno colindante a la muralla de Astorga que se convertir\u00e1 en una v\u00eda p\u00fablica vinculada al monumento. La Comisi\u00f3n Territorial de Patrimonio, presidida por la jefa del Servicio Territorial de Cultura, Amelia Bia\u00edn, y celebrada en el Archivo Hist\u00f3rico Provincial de Le\u00f3n, ha informado favorablemente del avance [&hellip;]<\/p>\n","protected":false},"author":1,"featured_media":1331,"comment_status":"open","ping_status":"closed","sticky":false,"template":"","format":"standard","meta":{"_monsterinsights_skip_tracking":false,"_monsterinsights_sitenote_active":false,"_monsterinsights_sitenote_note":"","_monsterinsights_sitenote_category":0,"site-container-style":"default","site-container-layout":"default","site-sidebar-layout":"default","disable-article-header":"default","disable-site-header":"default","disable-site-footer":"default","disable-content-area-spacing":"default","_jetpack_memberships_contains_paid_content":false,"footnotes":"","jetpack_publicize_message":"","jetpack_publicize_feature_enabled":true,"jetpack_social_post_already_shared":false,"jetpack_social_options":{"image_generator_settings":{"template":"highway","default_image_id":0,"font":"","enabled":false},"version":2}},"categories":[10],"tags":[],"class_list":["post-1330","post","type-post","status-publish","format-standard","has-post-thumbnail","hentry","category-castilla-y-leon"],"jetpack_publicize_connections":[],"jetpack_featured_media_url":"https:\/\/987aldia.com\/web\/wp-content\/uploads\/2023\/06\/Astorga_muralla_JMM.jpeg","jetpack_sharing_enabled":true,"_links":{"self":[{"href":"https:\/\/987aldia.com\/web\/wp-json\/wp\/v2\/posts\/1330","targetHints":{"allow":["GET"]}}],"collection":[{"href":"https:\/\/987aldia.com\/web\/wp-json\/wp\/v2\/posts"}],"about":[{"href":"https:\/\/987aldia.com\/web\/wp-json\/wp\/v2\/types\/post"}],"author":[{"embeddable":true,"href":"https:\/\/987aldia.com\/web\/wp-json\/wp\/v2\/users\/1"}],"replies":[{"embeddable":true,"href":"https:\/\/987aldia.com\/web\/wp-json\/wp\/v2\/comments?post=1330"}],"version-history":[{"count":1,"href":"https:\/\/987aldia.com\/web\/wp-json\/wp\/v2\/posts\/1330\/revisions"}],"predecessor-version":[{"id":1332,"href":"https:\/\/987aldia.com\/web\/wp-json\/wp\/v2\/posts\/1330\/revisions\/1332"}],"wp:featuredmedia":[{"embeddable":true,"href":"https:\/\/987aldia.com\/web\/wp-json\/wp\/v2\/media\/1331"}],"wp:attachment":[{"href":"https:\/\/987aldia.com\/web\/wp-json\/wp\/v2\/media?parent=1330"}],"wp:term":[{"taxonomy":"category","embeddable":true,"href":"https:\/\/987aldia.com\/web\/wp-json\/wp\/v2\/categories?post=1330"},{"taxonomy":"post_tag","embeddable":true,"href":"https:\/\/987aldia.com\/web\/wp-json\/wp\/v2\/tags?post=1330"}],"curies":[{"name":"wp","href":"https:\/\/api.w.org\/{rel}","templated":true}]}}