{"id":1333,"date":"2023-05-31T08:31:00","date_gmt":"2023-05-31T08:31:00","guid":{"rendered":"https:\/\/987aldia.com\/web\/?p=1333"},"modified":"2023-06-01T08:32:19","modified_gmt":"2023-06-01T08:32:19","slug":"la-agencia-de-proteccion-civil-y-emergencias-organiza-la-segunda-jornada-informativa-sobre-medios-tecnicos-policiales","status":"publish","type":"post","link":"https:\/\/987aldia.com\/web\/la-agencia-de-proteccion-civil-y-emergencias-organiza-la-segunda-jornada-informativa-sobre-medios-tecnicos-policiales\/","title":{"rendered":"La Agencia de Protecci\u00f3n Civil y Emergencias organiza la segunda Jornada informativa sobre medios t\u00e9cnicos policiales"},"content":{"rendered":"\n<h2 class=\"wp-block-heading\"><strong>Se encuadra en el marco de la modificaci\u00f3n normativa de coordinaci\u00f3n de polic\u00edas locales en Castilla y Le\u00f3n, que abarca la totalidad del desarrollo reglamentario.<\/strong><\/h2>\n\n\n\n<p>La sala de formaci\u00f3n de la Consejer\u00eda de Medio Ambiente, Vivienda y Ordenaci\u00f3n del Territorio ha acogido hoy la segunda jornada sobre medios t\u00e9cnicos policiales, con la participaci\u00f3n de 18 Cuerpos de Polic\u00eda Local de Castilla y Le\u00f3n.<\/p>\n\n\n\n<p>El consejero de Medio Ambiente, Vivienda y Ordenaci\u00f3n del Territorio, Juan Carlos Su\u00e1rez-Qui\u00f1ones, ha inaugurado la jornada, que se ha celebrado en el marco del proceso de modificaci\u00f3n normativa de la legislaci\u00f3n auton\u00f3mica en materia de coordinaci\u00f3n de polic\u00edas locales en Castilla y Le\u00f3n. Tambi\u00e9n estaba destinada a conocer novedades t\u00e9cnicas en el \u00e1mbito del conocimiento operativo policial, vincul\u00e1ndose a la funci\u00f3n de coordinaci\u00f3n de impulso de la homogeneizaci\u00f3n de m\u00e9todos y protocolos de actuaci\u00f3n de los Cuerpos de Polic\u00eda Local de la Comunidad de Castilla y Le\u00f3n.<\/p>\n\n\n\n<p>Esta segunda Jornada se encuadra en el marco de la modificaci\u00f3n normativa de la coordinaci\u00f3n de polic\u00eda local en curso, que abarca no s\u00f3lo la modificaci\u00f3n de la norma con rango de ley, sino la totalidad del desarrollo reglamentario.<\/p>\n\n\n\n<p>\u201cCelebramos la primera jornada de t\u00e9cnicas en febrero de este a\u00f1o, centrada en el tema de la uniformidad, el software y la rotulaci\u00f3n de veh\u00edculos. Esta es una jornada mucho m\u00e1s adaptada a ser soporte y ayuda para las modificaciones normativas que tenemos en marcha, la modificaci\u00f3n de la ley de coordinaci\u00f3n tan necesaria y de todo su acervo reglamentario para su ejecuci\u00f3n y completarla.\u201d, ha declarado el consejero.<\/p>\n\n\n\n<p>Actualmente, el anteproyecto de ley ha iniciado ya su tramitaci\u00f3n sobre la base de un texto ampliamente consensuado en las reuniones mantenidas con todos los Cuerpos de Polic\u00eda Local de la Comunidad, los representantes sindicales, las asociaciones policiales y los ayuntamientos de los municipios que cuentan con Cuerpos de Polic\u00eda Local.<\/p>\n\n\n\n<p>Las l\u00edneas b\u00e1sicas de esta nueva ley son la flexibilizaci\u00f3n, movilidad y promoci\u00f3n interna mediante la potenciaci\u00f3n de la carrera profesional; el impulso de la formaci\u00f3n, mejorando la profesionalizaci\u00f3n y la especializaci\u00f3n policial, y finalmente, el incremento de la homogeneizaci\u00f3n en los Cuerpos de Polic\u00eda incentivando la coordinaci\u00f3n de esas Polic\u00edas Locales.<\/p>\n\n\n\n<p>\u00abAdem\u00e1s de la modificaci\u00f3n de esta Ley, tambi\u00e9n hemos asumido la exigencia de acometer en paralelo la redacci\u00f3n de lo que ser\u00e1 el desarrollo reglamentario de la ley, a lo que estas jornadas contribuyen a fin de ir apuntalando l\u00edneas de reforma\u00bb, ha a\u00f1adido Su\u00e1rez-Qui\u00f1ones.<\/p>\n\n\n\n<p>El consejero tambi\u00e9n ha explicado que \u201ces una ley que pretende flexibilizar y mejorar vuestra carrera profesional. Por tanto, un estatuto de polic\u00eda local moderno, eficaz y, adem\u00e1s, es bueno saber que ten\u00e9is una funci\u00f3n en la que hay movilidad, en la que hay progresi\u00f3n profesional. Aparte de analizar cu\u00e1les son las competencias que tiene que tener un polic\u00eda o una polic\u00eda local\u201d.<\/p>\n\n\n\n<p>La primera jornada se celebr\u00f3 el pasado mes de febrero, en la que se plantearon aspectos relacionados con el software policial, uniformidad o rotulaci\u00f3n. Esta nueva jornada se erige como foro de debate y encuentro entre los diversos Cuerpos de Polic\u00eda Local de Castilla y Le\u00f3n, habida cuenta de la buena acogida de la primera jornada celebrada, y ha contado con la participaci\u00f3n de la empresa especializada en conocimiento y operativa policial Aranzadi,que ha hecho una presentaci\u00f3n del aplicativo SIAPOL.<\/p>\n\n\n\n<p>En la segunda parte de la jornada de hoy se han sentado las bases para la constituci\u00f3n de un grupo de trabajo destinado a fijar los perfiles de competencias policiales en cada una de las categor\u00edas, con efectos tanto en la formaci\u00f3n de los propios efectivos como en los aspectos de selecci\u00f3n de los mismos, dado que ambas materias son objeto de tratamiento en el desarrollo reglamentario en marcha; todo ello en el marco de obtener un texto normativo con el mayor consenso y participaci\u00f3n posible.<\/p>\n\n\n\n<p>Los Cuerpos de Polic\u00eda Local asistentes tendr\u00e1n as\u00ed la oportunidad de reflexionar sobre las propuestas formuladas, todo ello a fin de que el centro directivo encargado de impulsar el cambio normativo, la Agencia de Protecci\u00f3n Civil y Emergencias, conozca de primera mano las impresiones de los efectivos policiales acerca de la utilidad y eficacia de las innovaciones presentadas, todo ello para conseguir un mejor servicio policial en la Comunidad Aut\u00f3noma, en beneficio de la ciudadan\u00eda.<\/p>\n","protected":false},"excerpt":{"rendered":"<p>Se encuadra en el marco de la modificaci\u00f3n normativa de coordinaci\u00f3n de polic\u00edas locales en Castilla y Le\u00f3n, que abarca la totalidad del desarrollo reglamentario. La sala de formaci\u00f3n de la Consejer\u00eda de Medio Ambiente, Vivienda y Ordenaci\u00f3n del Territorio ha acogido hoy la segunda jornada sobre medios t\u00e9cnicos policiales, con la participaci\u00f3n de 18 [&hellip;]<\/p>\n","protected":false},"author":1,"featured_media":1334,"comment_status":"open","ping_status":"closed","sticky":false,"template":"","format":"standard","meta":{"_monsterinsights_skip_tracking":false,"_monsterinsights_sitenote_active":false,"_monsterinsights_sitenote_note":"","_monsterinsights_sitenote_category":0,"site-container-style":"default","site-container-layout":"default","site-sidebar-layout":"default","disable-article-header":"default","disable-site-header":"default","disable-site-footer":"default","disable-content-area-spacing":"default","_jetpack_memberships_contains_paid_content":false,"footnotes":"","jetpack_publicize_message":"","jetpack_publicize_feature_enabled":true,"jetpack_social_post_already_shared":false,"jetpack_social_options":{"image_generator_settings":{"template":"highway","default_image_id":0,"font":"","enabled":false},"version":2}},"categories":[10],"tags":[],"class_list":["post-1333","post","type-post","status-publish","format-standard","has-post-thumbnail","hentry","category-castilla-y-leon"],"jetpack_publicize_connections":[],"jetpack_featured_media_url":"https:\/\/987aldia.com\/web\/wp-content\/uploads\/2023\/06\/persona-que-trabaja-edificacion-construccion.jpg","jetpack_sharing_enabled":true,"_links":{"self":[{"href":"https:\/\/987aldia.com\/web\/wp-json\/wp\/v2\/posts\/1333","targetHints":{"allow":["GET"]}}],"collection":[{"href":"https:\/\/987aldia.com\/web\/wp-json\/wp\/v2\/posts"}],"about":[{"href":"https:\/\/987aldia.com\/web\/wp-json\/wp\/v2\/types\/post"}],"author":[{"embeddable":true,"href":"https:\/\/987aldia.com\/web\/wp-json\/wp\/v2\/users\/1"}],"replies":[{"embeddable":true,"href":"https:\/\/987aldia.com\/web\/wp-json\/wp\/v2\/comments?post=1333"}],"version-history":[{"count":1,"href":"https:\/\/987aldia.com\/web\/wp-json\/wp\/v2\/posts\/1333\/revisions"}],"predecessor-version":[{"id":1335,"href":"https:\/\/987aldia.com\/web\/wp-json\/wp\/v2\/posts\/1333\/revisions\/1335"}],"wp:featuredmedia":[{"embeddable":true,"href":"https:\/\/987aldia.com\/web\/wp-json\/wp\/v2\/media\/1334"}],"wp:attachment":[{"href":"https:\/\/987aldia.com\/web\/wp-json\/wp\/v2\/media?parent=1333"}],"wp:term":[{"taxonomy":"category","embeddable":true,"href":"https:\/\/987aldia.com\/web\/wp-json\/wp\/v2\/categories?post=1333"},{"taxonomy":"post_tag","embeddable":true,"href":"https:\/\/987aldia.com\/web\/wp-json\/wp\/v2\/tags?post=1333"}],"curies":[{"name":"wp","href":"https:\/\/api.w.org\/{rel}","templated":true}]}}