{"id":1336,"date":"2023-06-01T07:09:48","date_gmt":"2023-06-01T07:09:48","guid":{"rendered":"https:\/\/987aldia.com\/web\/?p=1336"},"modified":"2023-06-02T07:13:33","modified_gmt":"2023-06-02T07:13:33","slug":"camino-cabanas-renuncia-a-su-acta-de-concejala","status":"publish","type":"post","link":"https:\/\/987aldia.com\/web\/camino-cabanas-renuncia-a-su-acta-de-concejala\/","title":{"rendered":"Camino Caba\u00f1as renuncia a su acta de concejala"},"content":{"rendered":"\n<h2 class=\"wp-block-heading\">La a\u00fan alcaldesa de San Andr\u00e9s del Rabanedo asume \u201cla responsabilidad de los resultados electorales, muy dispares y complejos para la gobernabilidad en el Ayuntamiento\u201d, a la espera de la revisi\u00f3n de las actas.<\/h2>\n\n\n\n<p>La secretaria general del PSOE de San Andr\u00e9s del Rabanedo y actual alcaldesa del municipio, Camino Caba\u00f1as, ha anunciado este jueves que renuncia a su acta de concejala y, por tanto, ya no tomar\u00e1 parte de la corporaci\u00f3n municipal que se configure en el pleno del pr\u00f3ximo d\u00eda 17 de junio.<\/p>\n\n\n\n<p>La decisi\u00f3n tomada por la a\u00fan alcaldesa de San Andr\u00e9s del Rabando se debe a que asume \u201cla responsabilidad de los resultados electorales, muy dispares y complejos para la gobernabilidad en el Ayuntamiento\u201d, al tiempo que ha reconocido que \u201caunque no son los esperados por el PSOE, es lo que la ciudadan\u00eda ha decidido para el municipio y, por tanto, hay que actuar en consecuencia\u201d. \u201cSon unos resultados en consonancia con la tendencia general, tanto en la provincia como en el conjunto del pa\u00eds, donde se ha registrado una tendencia negativa y, por ello, es necesario que nos replanteemos muchas cosas\u201d, ha a\u00f1adido Caba\u00f1as, quien ha destacado tambi\u00e9n que \u201cahora desde las agrupaciones el objetivo es apoyar al partido para las elecciones generales que se van a celebrar el pr\u00f3ximo 23 de julio\u201d.<\/p>\n\n\n\n<p>\u201cDesde la Secretar\u00eda General del PSOE de San Andr\u00e9s del Rabanedo voy a seguir apoyando y ayudando a mis compa\u00f1eros y compa\u00f1eras, para que desde la oposici\u00f3n se pueda trabajar con el objetivo de que el Ayuntamiento contin\u00fae en la senda de la recuperaci\u00f3n que se ha forjado durante este mandato y que ha supuesto un importante impulso para reducir la deuda y poder incrementar las inversiones\u201d, ha a\u00f1adido sobre los \u00faltimos cuatro a\u00f1os y el trabajo de un equipo que \u201cdespu\u00e9s de la incansable labor de este mandato, est\u00e1 en disposici\u00f3n de reconectar con los intereses de los vecinos y vecinas, y m\u00e1s teniendo en cuenta que mientras el resto de partidos hablan de pactos, al PSOE lo que le interesa es que se cumplan los proyectos y se defienda todo lo que se ha prometido siempre que sea posible\u201d. \u201cQuiero agradecer a mi equipo que ha trabajado de forma incansable para lograr la senda de la estabilidad del Ayuntamiento y que me han ayudado todos estos a\u00f1os en los que he tenido el honor de ser la alcaldesa de San Andr\u00e9s del Rabanedo, as\u00ed como a la ciudadan\u00eda por el apoyo y los \u00e1nimos en los momentos m\u00e1s dif\u00edciles\u201d, ha agregado.<\/p>\n","protected":false},"excerpt":{"rendered":"<p>La a\u00fan alcaldesa de San Andr\u00e9s del Rabanedo asume \u201cla responsabilidad de los resultados electorales, muy dispares y complejos para la gobernabilidad en el Ayuntamiento\u201d, a la espera de la revisi\u00f3n de las actas. La secretaria general del PSOE de San Andr\u00e9s del Rabanedo y actual alcaldesa del municipio, Camino Caba\u00f1as, ha anunciado este jueves [&hellip;]<\/p>\n","protected":false},"author":1,"featured_media":1337,"comment_status":"open","ping_status":"closed","sticky":false,"template":"","format":"standard","meta":{"_monsterinsights_skip_tracking":false,"_monsterinsights_sitenote_active":false,"_monsterinsights_sitenote_note":"","_monsterinsights_sitenote_category":0,"site-container-style":"default","site-container-layout":"default","site-sidebar-layout":"default","disable-article-header":"default","disable-site-header":"default","disable-site-footer":"default","disable-content-area-spacing":"default","_jetpack_memberships_contains_paid_content":false,"footnotes":"","jetpack_publicize_message":"","jetpack_publicize_feature_enabled":true,"jetpack_social_post_already_shared":false,"jetpack_social_options":{"image_generator_settings":{"template":"highway","default_image_id":0,"font":"","enabled":false},"version":2}},"categories":[7],"tags":[],"class_list":["post-1336","post","type-post","status-publish","format-standard","has-post-thumbnail","hentry","category-notas-de-prensa"],"jetpack_publicize_connections":[],"jetpack_featured_media_url":"https:\/\/987aldia.com\/web\/wp-content\/uploads\/2023\/06\/aytopsoe.jpg","jetpack_sharing_enabled":true,"_links":{"self":[{"href":"https:\/\/987aldia.com\/web\/wp-json\/wp\/v2\/posts\/1336","targetHints":{"allow":["GET"]}}],"collection":[{"href":"https:\/\/987aldia.com\/web\/wp-json\/wp\/v2\/posts"}],"about":[{"href":"https:\/\/987aldia.com\/web\/wp-json\/wp\/v2\/types\/post"}],"author":[{"embeddable":true,"href":"https:\/\/987aldia.com\/web\/wp-json\/wp\/v2\/users\/1"}],"replies":[{"embeddable":true,"href":"https:\/\/987aldia.com\/web\/wp-json\/wp\/v2\/comments?post=1336"}],"version-history":[{"count":1,"href":"https:\/\/987aldia.com\/web\/wp-json\/wp\/v2\/posts\/1336\/revisions"}],"predecessor-version":[{"id":1338,"href":"https:\/\/987aldia.com\/web\/wp-json\/wp\/v2\/posts\/1336\/revisions\/1338"}],"wp:featuredmedia":[{"embeddable":true,"href":"https:\/\/987aldia.com\/web\/wp-json\/wp\/v2\/media\/1337"}],"wp:attachment":[{"href":"https:\/\/987aldia.com\/web\/wp-json\/wp\/v2\/media?parent=1336"}],"wp:term":[{"taxonomy":"category","embeddable":true,"href":"https:\/\/987aldia.com\/web\/wp-json\/wp\/v2\/categories?post=1336"},{"taxonomy":"post_tag","embeddable":true,"href":"https:\/\/987aldia.com\/web\/wp-json\/wp\/v2\/tags?post=1336"}],"curies":[{"name":"wp","href":"https:\/\/api.w.org\/{rel}","templated":true}]}}