{"id":1342,"date":"2023-06-01T07:16:12","date_gmt":"2023-06-01T07:16:12","guid":{"rendered":"https:\/\/987aldia.com\/web\/?p=1342"},"modified":"2023-06-02T07:17:37","modified_gmt":"2023-06-02T07:17:37","slug":"la-biblioteca-publica-de-segovia-celebra-en-junio-el-fin-de-curso-de-los-talleres-de-teatro-y-artes-escenicas-de-ninos-y-adultos-con-dos-representaciones","status":"publish","type":"post","link":"https:\/\/987aldia.com\/web\/la-biblioteca-publica-de-segovia-celebra-en-junio-el-fin-de-curso-de-los-talleres-de-teatro-y-artes-escenicas-de-ninos-y-adultos-con-dos-representaciones\/","title":{"rendered":"La Biblioteca P\u00fablica de Segovia celebra en junio el fin de curso de los talleres de Teatro y Artes Esc\u00e9nicas de ni\u00f1os y adultos con dos representaciones"},"content":{"rendered":"\n<h2 class=\"wp-block-heading\"><strong>Las convocatorias se desarrollan este s\u00e1bado 3 de junio con los m\u00e1s peque\u00f1os, que ponen en escena la obra \u2018Los m\u00fasicos de Bremen\u2019, y los d\u00edas 16 y 17, con los adultos, que representar\u00e1n \u2018Magia Caf\u00e9\u2019. La entrada a los diferentes pases es libre hasta completar el aforo. Para ni\u00f1os y adultos contin\u00faa a lo largo de junio la oferta cultural de talleres de animaci\u00f3n, cine, conciertos, conferencias y exposiciones.<\/strong><\/h2>\n\n\n\n<p>La Biblioteca P\u00fablica de Segovia organiza este mes de junio el fin de curso del taller de Teatro para adultos con la representaci\u00f3n de la obra \u2018Magia Caf\u00e9\u2019, dirigida por Sergio M\u00ednguez, que contar\u00e1 con dos pases los d\u00edas 16 y 17 de junio, a las 19.00 y 12.00 horas respectivamente. Tambi\u00e9n culmina la temporada &nbsp;del taller de Artes Esc\u00e9nicas para los m\u00e1s peque\u00f1os que pondr\u00e1n en escena \u2018Los m\u00fasicos de Bremen\u2019, dirigida por Raquel Rubio, que se celebrar\u00e1 el pr\u00f3ximo s\u00e1bado 3 de junio, a las 12.00 horas.<\/p>\n\n\n\n<p>La programaci\u00f3n de junio se completa con la II Muestra Artes Joven, una mesa redonda sobre teatro para la infancia que tiene lugar esta tarde a las 18.30 horas, con el t\u00edtulo \u2018Las artes esc\u00e9nicas como medio de comunicaci\u00f3n y expresi\u00f3n\u2019. Contar\u00e1 con la participaci\u00f3n como ponentes de Carlota Muro, periodista TVCyL La 8 Segovia; Esteban Monjas, maestro del colegio \u2018San Jos\u00e9\u2019; Dan Hollingsworth, director de Coro y Orquesta Internacional; y Miriam Palma, directora de Titirimundi Segovia. Tambi\u00e9n hoy jueves, a las 19.00 horas, todos aquellos interesados podr\u00e1n disfrutar de la proyecci\u00f3n del documental \u2018Disculpen si digo estas palabras\u2019 de Juan Carlos Gargiulo, con la participaci\u00f3n especial de Teresa Sanz, a cargo de Paladio Arte.<\/p>\n\n\n\n<p>La m\u00fasica no puede faltar en la programaci\u00f3n de la Biblioteca de Segovia y, por ello, el fin de semana da comienzo con un concierto del ciclo \u2018Ac\u00fasticos\u2019, a cargo del grupo \u2018Folky Tolky\u2019, que se celebrar\u00e1 ma\u00f1ana viernes, 2 de junio, a las 19.00 horas.<\/p>\n\n\n\n<p>Dirigida a los adultos, tendr\u00e1 lugar el pr\u00f3ximo jueves 8 de junio, a las 18.30 horas, una conferencia sobre jardiner\u00eda sostenible titulada \u2018C\u00f3mo conservar un jard\u00edn retando a la sequ\u00eda. Retorno al jard\u00edn mediterr\u00e1neo\u2019, a cargo de Guillermo Cuadrado Olvera. Contar\u00e1 con entrada libre al igual que la presentaci\u00f3n el s\u00e1bado, 10 de junio, a las 12.30 horas del poemario \u2018La sensibilidad enferma\u2019 de Hugo Mart\u00edn Isabel. El autor estar\u00e1 acompa\u00f1ado por Maribel Gilsanz.<\/p>\n\n\n\n<p><strong>Fiesta de \u2018Beb\u00e9s de cuento\u2019<\/strong><\/p>\n\n\n\n<p>Como cada mes, la Biblioteca P\u00fablica de Segovia presenta una amplia oferta de actividades destinadas a los m\u00e1s peque\u00f1os. A partir del 2 de junio, y cada viernes y s\u00e1bado del mes, continuar\u00e1n los talleres de animaci\u00f3n pre-lectora \u2018Beb\u00e9s de cuento\u2019, centrados en el despertar, comprender y descubrir de los ni\u00f1os, que favorecen la participaci\u00f3n tanto de los beb\u00e9s como de sus padres. Esta actividad est\u00e1 dirigida a ni\u00f1os de 6 a 36 meses y a sus padres y est\u00e1 impartida por Carmen Talavera y Mar Esteban. Los talleres concluyen, antes de la llegada del verano, con la \u2018Fiesta final de curso\u2019 que se celebrar\u00e1 el s\u00e1bado 17 de junio, a las 11.00 horas.<\/p>\n\n\n\n<p>Para los ni\u00f1os un poco m\u00e1s mayores, el 10 de junio, los peque\u00f1os, de entre 3 y 6 a\u00f1os, podr\u00e1n participar en el taller de animaci\u00f3n lectora \u2018Rosa Caramelo\u2019, impartido por Clara Herranz. Tanto esta actividad, como el resto de las convocadas para el p\u00fablico infantil, requiere inscripci\u00f3n previa para participar.<\/p>\n\n\n\n<p><strong>Exposiciones para ni\u00f1os y mayores<\/strong><\/p>\n\n\n\n<p>Por \u00faltimo, este mes, la Biblioteca P\u00fablica de Segovia mantiene abierta al p\u00fablico la muestra \u2018\u00a1Bu!\u2019, formada por ilustraciones de MissPink para el libro \u2018\u00a1Bu!\u2019, de Emma S. Varela, ubicada en la sala infantil. Adem\u00e1s, estar\u00e1 disponible la exposici\u00f3n \u2018La Primera Guerra Mundial a trav\u00e9s de la revista \u2018Alrededor del mundo\u2019\u2019 de la Biblioteca Oculta, situada en las mesas expositoras de la entrada.<\/p>\n\n\n\n<p>Tambi\u00e9n podr\u00e1 visitarse en junio la exposici\u00f3n dedicada a Daniel Zuloaga en su faceta como fot\u00f3grafo: \u2018Daniel Zuloaga. El triunfo de lo cotidiano\u2019. Se trata de una peque\u00f1a muestra fotogr\u00e1fica del ceramista que permite entender, en parte, su proceso creativo, en tanto que las im\u00e1genes captadas con el objetivo sirven de modelo para la elaboraci\u00f3n de dibujos y bocetos sobre los que, m\u00e1s adelante, construye las escenas que decoran un sinf\u00edn de piezas.<\/p>\n","protected":false},"excerpt":{"rendered":"<p>Las convocatorias se desarrollan este s\u00e1bado 3 de junio con los m\u00e1s peque\u00f1os, que ponen en escena la obra \u2018Los m\u00fasicos de Bremen\u2019, y los d\u00edas 16 y 17, con los adultos, que representar\u00e1n \u2018Magia Caf\u00e9\u2019. La entrada a los diferentes pases es libre hasta completar el aforo. Para ni\u00f1os y adultos contin\u00faa a lo [&hellip;]<\/p>\n","protected":false},"author":1,"featured_media":1343,"comment_status":"open","ping_status":"closed","sticky":false,"template":"","format":"standard","meta":{"_monsterinsights_skip_tracking":false,"_monsterinsights_sitenote_active":false,"_monsterinsights_sitenote_note":"","_monsterinsights_sitenote_category":0,"site-container-style":"default","site-container-layout":"default","site-sidebar-layout":"default","disable-article-header":"default","disable-site-header":"default","disable-site-footer":"default","disable-content-area-spacing":"default","_jetpack_memberships_contains_paid_content":false,"footnotes":"","jetpack_publicize_message":"","jetpack_publicize_feature_enabled":true,"jetpack_social_post_already_shared":false,"jetpack_social_options":{"image_generator_settings":{"template":"highway","default_image_id":0,"font":"","enabled":false},"version":2}},"categories":[10],"tags":[],"class_list":["post-1342","post","type-post","status-publish","format-standard","has-post-thumbnail","hentry","category-castilla-y-leon"],"jetpack_publicize_connections":[],"jetpack_featured_media_url":"https:\/\/987aldia.com\/web\/wp-content\/uploads\/2023\/06\/joven-estudiante-busca-libro-biblioteca.jpg","jetpack_sharing_enabled":true,"_links":{"self":[{"href":"https:\/\/987aldia.com\/web\/wp-json\/wp\/v2\/posts\/1342","targetHints":{"allow":["GET"]}}],"collection":[{"href":"https:\/\/987aldia.com\/web\/wp-json\/wp\/v2\/posts"}],"about":[{"href":"https:\/\/987aldia.com\/web\/wp-json\/wp\/v2\/types\/post"}],"author":[{"embeddable":true,"href":"https:\/\/987aldia.com\/web\/wp-json\/wp\/v2\/users\/1"}],"replies":[{"embeddable":true,"href":"https:\/\/987aldia.com\/web\/wp-json\/wp\/v2\/comments?post=1342"}],"version-history":[{"count":1,"href":"https:\/\/987aldia.com\/web\/wp-json\/wp\/v2\/posts\/1342\/revisions"}],"predecessor-version":[{"id":1344,"href":"https:\/\/987aldia.com\/web\/wp-json\/wp\/v2\/posts\/1342\/revisions\/1344"}],"wp:featuredmedia":[{"embeddable":true,"href":"https:\/\/987aldia.com\/web\/wp-json\/wp\/v2\/media\/1343"}],"wp:attachment":[{"href":"https:\/\/987aldia.com\/web\/wp-json\/wp\/v2\/media?parent=1342"}],"wp:term":[{"taxonomy":"category","embeddable":true,"href":"https:\/\/987aldia.com\/web\/wp-json\/wp\/v2\/categories?post=1342"},{"taxonomy":"post_tag","embeddable":true,"href":"https:\/\/987aldia.com\/web\/wp-json\/wp\/v2\/tags?post=1342"}],"curies":[{"name":"wp","href":"https:\/\/api.w.org\/{rel}","templated":true}]}}