{"id":1345,"date":"2023-06-01T07:17:50","date_gmt":"2023-06-01T07:17:50","guid":{"rendered":"https:\/\/987aldia.com\/web\/?p=1345"},"modified":"2023-06-02T07:20:14","modified_gmt":"2023-06-02T07:20:14","slug":"la-junta-programa-una-decena-de-actividades-culturales-en-junio-en-soria","status":"publish","type":"post","link":"https:\/\/987aldia.com\/web\/la-junta-programa-una-decena-de-actividades-culturales-en-junio-en-soria\/","title":{"rendered":"La Junta programa una decena de actividades culturales en junio en Soria"},"content":{"rendered":"\n<h2 class=\"wp-block-heading\"><strong>Exposiciones y actividades infantiles destacan en la programaci\u00f3n cultural de la Junta en la provincia para este mes.<\/strong><\/h2>\n\n\n\n<p>La Junta de Castilla y Le\u00f3n contin\u00faa con su programaci\u00f3n cultural en la provincia de Soria con exposiciones, visitas guiadas y actividades infantiles en el mes de junio. La muestra \u2018Fragmentos de cielo y agua en las cer\u00e1micas de Numancia\u2019, que recorre la fauna de la provincia a trav\u00e9s de las representaciones de aves en los restos hallados en el yacimiento celtib\u00e9rico, podr\u00e1 visitarse durante todo el mes en el Museo Numantino de la capital. Adem\u00e1s, todos los s\u00e1bados a las 11.00 horas y a las 13.00 horas tendr\u00e1n lugar visitas guiadas por la exhibici\u00f3n, que se completar\u00e1n con un recorrido por la colecci\u00f3n permanente a las 12.00 horas.<\/p>\n\n\n\n<p>El Museo Numantino tambi\u00e9n llevar\u00e1 a cabo este mes visitas tem\u00e1ticas para alumnos de Bachillerato enfocadas a distintos temas relacionados con la prehistoria y la historia antigua y medieval: \u2018Paleol\u00edtico: Un mundo de cazadores y recolectores\u2019, \u2018Calcol\u00edtico y edad del bronce: De la intensificaci\u00f3n econ\u00f3mica y la incipiente jerarquizaci\u00f3n social a los primeros poblados estables\u2019, \u2018Edad del Hierro: Generalizaci\u00f3n de los poblados estables y desarrollo de la cultura celtib\u00e9rica\u2019, \u2018Cultura romana: Un mundo global\u2019, \u2018\u00c9poca visigoda: Continuidad y ruptura\u2019 y \u2018Edad Media: Un mundo plural\u2019.<\/p>\n\n\n\n<p>En el Archivo Hist\u00f3rico Provincial contin\u00faa la exposici\u00f3n \u2018Caloto. Soria en esencia\u2019, enmarcada dentro del VII Certamen de Fotograf\u00eda Nacional \u2018OnPhoto Soria\u2019, que repasa la trayectoria del fot\u00f3grafo soriano Manuel Lafuente Caloto a trav\u00e9s de las im\u00e1genes que tom\u00f3 de los paisajes de la provincia y sus gentes.<\/p>\n\n\n\n<p>Adem\u00e1s, hasta el pr\u00f3ximo 16 de julio, el Centro Cultural San Agust\u00edn de El Burgo de Osma, en colaboraci\u00f3n con la Casa Museo Unamuno y el Instituto Castellano y Leon\u00e9s de la Lengua, acoger\u00e1 la exposici\u00f3n \u2018Bajo pluma de mujer\u2019, un montaje que trae a primer plano la correspondencia que el escritor Miguel de Unamuno mantuvo con cientos de mujeres intelectuales de su \u00e9poca.<\/p>\n\n\n\n<p><strong>Actividades infantiles<\/strong><\/p>\n\n\n\n<p>Entre las actividades programadas para este mes de junio, destacan especialmente las dirigidas a un p\u00fablico infantil y joven. En la ma\u00f1anas de las semanas del 5 al 9 de junio, y del 19 al 23 del mismo mes, tendr\u00e1 lugar en la Biblioteca P\u00fablica el espect\u00e1culo de t\u00edteres \u2018Los tres cerditos\u2019, para grupos escolares de primero, segundo y tercero de Educaci\u00f3n Infantil. Este mismo centro acoger\u00e1 a lo largo de todo el mes el cuentacuentos \u2018Bau y Delio: su historia\u2019, para alumnos de primero y segundo de Educaci\u00f3n Primaria.<\/p>\n\n\n\n<p>El Museo Numantino, por su parte, ofrecer\u00e1 una amplia variedad de talleres escolares para estudiantes de distintas etapas educativas. Para los de Educaci\u00f3n Infantil y primer ciclo de Primaria, destacan las actividades \u2018La prehistoria hecha cuento\u2019 y \u2018\u00bfDe qui\u00e9n es esta casa?\u2019. Los de segundo y tercer ciclo de Educaci\u00f3n Primaria podr\u00e1n asistir a los talleres \u2018\u00bfQu\u00e9 pone ah\u00ed?\u2019, \u2018\u00bfPara cocinar o para sanar?\u2019 y \u2018Mi dios, el tuyo y el suyo\u2019. Por su parte, los alumnos de Educaci\u00f3n Secundaria Obligatoria podr\u00e1n participar en \u2018Relatos de la mitolog\u00eda cl\u00e1sica\u2019, \u2018Tejiendo el territorio\u2019 y \u2018Visigodos: El inicio de una nueva etapa\u2019.<\/p>\n","protected":false},"excerpt":{"rendered":"<p>Exposiciones y actividades infantiles destacan en la programaci\u00f3n cultural de la Junta en la provincia para este mes. La Junta de Castilla y Le\u00f3n contin\u00faa con su programaci\u00f3n cultural en la provincia de Soria con exposiciones, visitas guiadas y actividades infantiles en el mes de junio. La muestra \u2018Fragmentos de cielo y agua en las [&hellip;]<\/p>\n","protected":false},"author":1,"featured_media":1346,"comment_status":"open","ping_status":"closed","sticky":false,"template":"","format":"standard","meta":{"_monsterinsights_skip_tracking":false,"_monsterinsights_sitenote_active":false,"_monsterinsights_sitenote_note":"","_monsterinsights_sitenote_category":0,"site-container-style":"default","site-container-layout":"default","site-sidebar-layout":"default","disable-article-header":"default","disable-site-header":"default","disable-site-footer":"default","disable-content-area-spacing":"default","_jetpack_memberships_contains_paid_content":false,"footnotes":"","jetpack_publicize_message":"","jetpack_publicize_feature_enabled":true,"jetpack_social_post_already_shared":false,"jetpack_social_options":{"image_generator_settings":{"template":"highway","default_image_id":0,"font":"","enabled":false},"version":2}},"categories":[10],"tags":[],"class_list":["post-1345","post","type-post","status-publish","format-standard","has-post-thumbnail","hentry","category-castilla-y-leon"],"jetpack_publicize_connections":[],"jetpack_featured_media_url":"https:\/\/987aldia.com\/web\/wp-content\/uploads\/2023\/06\/San_Felices_Soria_Espana_2021-08-31_DD_02.jpg","jetpack_sharing_enabled":true,"_links":{"self":[{"href":"https:\/\/987aldia.com\/web\/wp-json\/wp\/v2\/posts\/1345","targetHints":{"allow":["GET"]}}],"collection":[{"href":"https:\/\/987aldia.com\/web\/wp-json\/wp\/v2\/posts"}],"about":[{"href":"https:\/\/987aldia.com\/web\/wp-json\/wp\/v2\/types\/post"}],"author":[{"embeddable":true,"href":"https:\/\/987aldia.com\/web\/wp-json\/wp\/v2\/users\/1"}],"replies":[{"embeddable":true,"href":"https:\/\/987aldia.com\/web\/wp-json\/wp\/v2\/comments?post=1345"}],"version-history":[{"count":1,"href":"https:\/\/987aldia.com\/web\/wp-json\/wp\/v2\/posts\/1345\/revisions"}],"predecessor-version":[{"id":1347,"href":"https:\/\/987aldia.com\/web\/wp-json\/wp\/v2\/posts\/1345\/revisions\/1347"}],"wp:featuredmedia":[{"embeddable":true,"href":"https:\/\/987aldia.com\/web\/wp-json\/wp\/v2\/media\/1346"}],"wp:attachment":[{"href":"https:\/\/987aldia.com\/web\/wp-json\/wp\/v2\/media?parent=1345"}],"wp:term":[{"taxonomy":"category","embeddable":true,"href":"https:\/\/987aldia.com\/web\/wp-json\/wp\/v2\/categories?post=1345"},{"taxonomy":"post_tag","embeddable":true,"href":"https:\/\/987aldia.com\/web\/wp-json\/wp\/v2\/tags?post=1345"}],"curies":[{"name":"wp","href":"https:\/\/api.w.org\/{rel}","templated":true}]}}