{"id":1348,"date":"2023-06-01T07:20:32","date_gmt":"2023-06-01T07:20:32","guid":{"rendered":"https:\/\/987aldia.com\/web\/?p=1348"},"modified":"2023-06-02T07:24:13","modified_gmt":"2023-06-02T07:24:13","slug":"la-delegacion-territorial-de-la-junta-muestra-la-evolucion-de-la-comunidad-tras-cuatro-decadas-de-autonomia","status":"publish","type":"post","link":"https:\/\/987aldia.com\/web\/la-delegacion-territorial-de-la-junta-muestra-la-evolucion-de-la-comunidad-tras-cuatro-decadas-de-autonomia\/","title":{"rendered":"La Delegaci\u00f3n Territorial de la Junta muestra la evoluci\u00f3n de la Comunidad tras cuatro d\u00e9cadas de autonom\u00eda"},"content":{"rendered":"\n<h2 class=\"wp-block-heading\"><strong>La exposici\u00f3n \u201c\u00a1C\u00f3mo hemos cambiado! 40 a\u00f1os de autonom\u00eda de Castilla y Le\u00f3n\u201d pretende ofrecer a los ciudadanos una visi\u00f3n general de los principales acontecimientos sociales vividos en este periodo<\/strong>.<\/h2>\n\n\n\n<p>El delegado territorial de la Junta de Castilla y Le\u00f3n en \u00c1vila, Jos\u00e9 Francisco Hern\u00e1ndez Herrero, ha visitado esta ma\u00f1ana la exposici\u00f3n itinerante \u201c\u00a1C\u00f3mo hemos cambiado! 40 a\u00f1os de autonom\u00eda de Castilla y Le\u00f3n\u201d que podr\u00e1 visitarse en la sede territorial de la administraci\u00f3n regional (Pasaje del C\u00edster, 1) hasta el 16 de junio.<\/p>\n\n\n\n<p>La exposici\u00f3n recoge los principales hechos vivido en la Comunidad desde el 25 de febrero de 1983, d\u00eda de la promulgaci\u00f3n del Estatuto de Autonom\u00eda de Castilla y Le\u00f3n. A trav\u00e9s de paneles y vitrinas se pueden ver im\u00e1genes de momentos significativos y objetos representativos del crecimiento de la sociedad castellano y leonesa en las \u00faltimas cuatro d\u00e9cadas, 40 a\u00f1os de evoluci\u00f3n en los que nuestra Comunidad se ha ido dotando de competencias de autogobierno y ha logrado cambios sociales, culturales y econ\u00f3micos que pueden verse reflejados en esta muestra.<\/p>\n\n\n\n<p>\u201c\u00a1C\u00f3mo hemos cambiado! 40 a\u00f1os de autonom\u00eda de Castilla y Le\u00f3n\u201d est\u00e1 situada en la planta baja de la Delegaci\u00f3n Territorial de la Junta en \u00c1vila y puede visitarse de lunes a jueves de 9:00 a 18:30 y los viernes, de 9:00 a 14:00 horas.<\/p>\n","protected":false},"excerpt":{"rendered":"<p>La exposici\u00f3n \u201c\u00a1C\u00f3mo hemos cambiado! 40 a\u00f1os de autonom\u00eda de Castilla y Le\u00f3n\u201d pretende ofrecer a los ciudadanos una visi\u00f3n general de los principales acontecimientos sociales vividos en este periodo. El delegado territorial de la Junta de Castilla y Le\u00f3n en \u00c1vila, Jos\u00e9 Francisco Hern\u00e1ndez Herrero, ha visitado esta ma\u00f1ana la exposici\u00f3n itinerante \u201c\u00a1C\u00f3mo hemos [&hellip;]<\/p>\n","protected":false},"author":1,"featured_media":1349,"comment_status":"open","ping_status":"closed","sticky":false,"template":"","format":"standard","meta":{"_monsterinsights_skip_tracking":false,"_monsterinsights_sitenote_active":false,"_monsterinsights_sitenote_note":"","_monsterinsights_sitenote_category":0,"site-container-style":"default","site-container-layout":"default","site-sidebar-layout":"default","disable-article-header":"default","disable-site-header":"default","disable-site-footer":"default","disable-content-area-spacing":"default","_jetpack_memberships_contains_paid_content":false,"footnotes":"","jetpack_publicize_message":"","jetpack_publicize_feature_enabled":true,"jetpack_social_post_already_shared":false,"jetpack_social_options":{"image_generator_settings":{"template":"highway","default_image_id":0,"font":"","enabled":false},"version":2}},"categories":[10],"tags":[],"class_list":["post-1348","post","type-post","status-publish","format-standard","has-post-thumbnail","hentry","category-castilla-y-leon"],"jetpack_publicize_connections":[],"jetpack_featured_media_url":"https:\/\/987aldia.com\/web\/wp-content\/uploads\/2023\/06\/iGpeUjnlYh1M11sn8yqQZOoKt3xNFA2S2fGMF6bO.jpeg","jetpack_sharing_enabled":true,"_links":{"self":[{"href":"https:\/\/987aldia.com\/web\/wp-json\/wp\/v2\/posts\/1348","targetHints":{"allow":["GET"]}}],"collection":[{"href":"https:\/\/987aldia.com\/web\/wp-json\/wp\/v2\/posts"}],"about":[{"href":"https:\/\/987aldia.com\/web\/wp-json\/wp\/v2\/types\/post"}],"author":[{"embeddable":true,"href":"https:\/\/987aldia.com\/web\/wp-json\/wp\/v2\/users\/1"}],"replies":[{"embeddable":true,"href":"https:\/\/987aldia.com\/web\/wp-json\/wp\/v2\/comments?post=1348"}],"version-history":[{"count":1,"href":"https:\/\/987aldia.com\/web\/wp-json\/wp\/v2\/posts\/1348\/revisions"}],"predecessor-version":[{"id":1350,"href":"https:\/\/987aldia.com\/web\/wp-json\/wp\/v2\/posts\/1348\/revisions\/1350"}],"wp:featuredmedia":[{"embeddable":true,"href":"https:\/\/987aldia.com\/web\/wp-json\/wp\/v2\/media\/1349"}],"wp:attachment":[{"href":"https:\/\/987aldia.com\/web\/wp-json\/wp\/v2\/media?parent=1348"}],"wp:term":[{"taxonomy":"category","embeddable":true,"href":"https:\/\/987aldia.com\/web\/wp-json\/wp\/v2\/categories?post=1348"},{"taxonomy":"post_tag","embeddable":true,"href":"https:\/\/987aldia.com\/web\/wp-json\/wp\/v2\/tags?post=1348"}],"curies":[{"name":"wp","href":"https:\/\/api.w.org\/{rel}","templated":true}]}}