{"id":1351,"date":"2023-06-01T07:24:22","date_gmt":"2023-06-01T07:24:22","guid":{"rendered":"https:\/\/987aldia.com\/web\/?p=1351"},"modified":"2023-06-02T07:28:15","modified_gmt":"2023-06-02T07:28:15","slug":"la-comision-territorial-de-mejoras-de-avila-propone-inversiones-por-mas-de-37-millones-de-euros","status":"publish","type":"post","link":"https:\/\/987aldia.com\/web\/la-comision-territorial-de-mejoras-de-avila-propone-inversiones-por-mas-de-37-millones-de-euros\/","title":{"rendered":"La Comisi\u00f3n Territorial de Mejoras de \u00c1vila propone inversiones por m\u00e1s de 3,7 millones de euros"},"content":{"rendered":"\n<h2 class=\"wp-block-heading\"><strong>El Plan de Mejoras de 2023 prev\u00e9 inversiones por valor de 3.744.024,58 euros para mejoras en los montes catalogados de utilidad p\u00fablica de la provincia<\/strong>.<\/h2>\n\n\n\n<p>El delegado territorial de la Junta de Castilla y Le\u00f3n en \u00c1vila, Jos\u00e9 Francisco Hern\u00e1ndez Herrero, ha presidido la Comisi\u00f3n Territorial de Mejoras de \u00c1vila. En la sesi\u00f3n de hoy se ha propuesto el Plan de Mejoras de 2023 por un importe total de 3.744.024,58 euros.<\/p>\n\n\n\n<p>Las mejoras en montes catalogados de utilidad p\u00fablica se rigen por la Ley de Montes de Castilla y Le\u00f3n y por la de \u00e1mbito estatal. En ellas se establece que las entidades p\u00fablicas titulares de dichos montes destinar\u00e1n a mejoras el 15% del valor de sus aprovechamientos forestales o de los rendimientos obtenidos por ocupaciones u otras actividades desarrolladas en el monte. Estas cantidades, que por tanto revierten a cada uno de los montes que generan el ingreso, financian el Plan de Mejoras de cada monte y, por tanto, el Plan de Mejoras de la provincia de \u00c1vila.<\/p>\n\n\n\n<p>Se dedicar\u00e1n 3.620.519,38 euros a realizar mejoras espec\u00edficas en cada uno de los montes catalogados de la provincia. La inversi\u00f3n m\u00e1s cuantiosa ser\u00e1 para la conservaci\u00f3n de infraestructuras como pistas forestales, cerramientos ganaderos, puntos de agua o cortafuegos, seguida por tratamientos silv\u00edcolas o la eliminaci\u00f3n de los despojos de los aprovechamientos maderables. Tambi\u00e9n se realizar\u00e1n otras mejoras como actuaciones de defensa contra incendios forestales (principalmente mantenimiento de puntos de agua para la extinci\u00f3n de incendios forestales), forestaci\u00f3n de zonas rasas, construcci\u00f3n de v\u00edas forestales o prevenci\u00f3n y combate de plagas forestales, entre otras.<\/p>\n\n\n\n<p>Por otra parte, 123.505,20 euros se destinar\u00e1n a mejoras de inter\u00e9s forestal general, como el mantenimiento de pistas forestales, la se\u00f1alizaci\u00f3n en montes de utilidad p\u00fablica y el arreglo del acceso al vivero de \u00c1vila, entre otras.<\/p>\n\n\n\n<p>Como ejemplo de las distintas actuaciones que se realizar\u00e1n, destacan los tratamientos silv\u00edcolas y eliminaci\u00f3n de despojos de aprovechamientos en Santa Mar\u00eda del Cubillo, forestaci\u00f3n de zonas rasas en El Hoyo de Pinares para paliar los efectos del incendio forestal de verano de 2022, tratamientos silv\u00edcolas y eliminaci\u00f3n de despojos de aprovechamientos en la chopera del monte de Gutierrez-Mu\u00f1oz.<\/p>\n\n\n\n<p>Se proceder\u00e1 a la eliminaci\u00f3n de restos de aprovechamientos de maderas y control del combustible en las comarcas forestales de Arenas de San Pedro y Mombeltr\u00e1n, conservaci\u00f3n de pistas forestales y mejora de infraestructuras contra incendios forestales en esas comarcas, tratamiento de los restos de cortas de regeneraci\u00f3n en 245 hect\u00e1reas de las comarcas de El Tiemblo, Piedralaves y Navarredonda de Gredos, conservaci\u00f3n de infraestructuras en esas comarcas y la construcci\u00f3n de 10 kil\u00f3metros de pistas forestales nuevas en varios montes de utilidad p\u00fablica.<\/p>\n\n\n\n<p>Se ha informado de la previsi\u00f3n de realizar varias mejoras de inter\u00e9s forestal regional en esta provincia, con presupuesto aparte, como la reparaci\u00f3n de una pista forestal asfaltada en Peguerinos, la corta y extracci\u00f3n de madera quemada del incendio de Santa Cruz del Valle y la reparaci\u00f3n de varias pistas forestales.<\/p>\n\n\n\n<p>Por otra parte, la Comisi\u00f3n tambi\u00e9n ha aprobado las cuentas justificativas de los gastos de 2022, que ascendieron a 872.883,90 euros. De esta cantidad, 344.356,07 euros se invirtieron en el tratamiento mediante trituraci\u00f3n de los restos de las cortas de los aprovechamientos maderables, tarea que se realiza en &nbsp;los montes de la provincia con aprovechamientos maderables y es fundamental para evitar plagas forestales, mantener una buena transitabilidad por el interior de los montes, preservar el aprovechamiento de pastos y eliminar combustible. La trituraci\u00f3n de los restos genera unas astillas que se pudren r\u00e1pidamente y se incorporan al suelo.<\/p>\n\n\n\n<p>Destacan las labores realizadas de eliminaci\u00f3n de restos de aprovechamientos de maderas y eliminaci\u00f3n de vegetaci\u00f3n para reducci\u00f3n del combustible en montes de utilidad p\u00fablica de las comarcas de Arenas de San Pedro y Mombeltr\u00e1n, y el tratamiento de restos de cortas de regeneraci\u00f3n en las comarcas de Piedralaves y El Tiemblo.<\/p>\n\n\n\n<p>En los distintos Montes de Utilidad P\u00fablica de toda la provincia se han invertido 243.860,98 euros en conservaci\u00f3n de infraestructuras forestales, el mantenimiento de pistas forestales, cerramientos ganaderos y puntos de agua, estas actuaciones se han realizado, entre otros, en el MUP 47 de Sotalvo; en Santa Cruz de Pinares se han la reparado cerramientos y arreglado pistas, mejorado las infraestructuras de defensa contra incendios forestales en la comarca de Arenas de San Pedro, tambi\u00e9n la reparaci\u00f3n de pistas forestales en la comarca de Navarredonda de Gredos y la colocaci\u00f3n de pasos de agua en pistas existentes, arreglo de cerramientos y construcci\u00f3n de uno nuevo de 4,5 kil\u00f3metros, adem\u00e1s de peque\u00f1as reparaciones con retroexcavadora en pistas forestales por da\u00f1os producidos por las aguas en el Valle de Iruelas.<\/p>\n\n\n\n<p>En cuanto a las repoblaciones, la inversi\u00f3n ha ascendido a 34.458,57 euros, destacando las plantaciones en el MUP 47 de Sotalvo. Otras inversiones destacables son los tratamientos silv\u00edcolas (31.763,51 euros), consistentes principalmente en los desbroces preventivos contra incendios forestales del matorral heli\u00f3filo invasor y en los clareos y podas del arbolado joven (incluyendo siempre la trituraci\u00f3n de los restos generados).<\/p>\n","protected":false},"excerpt":{"rendered":"<p>El Plan de Mejoras de 2023 prev\u00e9 inversiones por valor de 3.744.024,58 euros para mejoras en los montes catalogados de utilidad p\u00fablica de la provincia. El delegado territorial de la Junta de Castilla y Le\u00f3n en \u00c1vila, Jos\u00e9 Francisco Hern\u00e1ndez Herrero, ha presidido la Comisi\u00f3n Territorial de Mejoras de \u00c1vila. En la sesi\u00f3n de hoy [&hellip;]<\/p>\n","protected":false},"author":1,"featured_media":1352,"comment_status":"open","ping_status":"closed","sticky":false,"template":"","format":"standard","meta":{"_monsterinsights_skip_tracking":false,"_monsterinsights_sitenote_active":false,"_monsterinsights_sitenote_note":"","_monsterinsights_sitenote_category":0,"site-container-style":"default","site-container-layout":"default","site-sidebar-layout":"default","disable-article-header":"default","disable-site-header":"default","disable-site-footer":"default","disable-content-area-spacing":"default","_jetpack_memberships_contains_paid_content":false,"footnotes":"","jetpack_publicize_message":"","jetpack_publicize_feature_enabled":true,"jetpack_social_post_already_shared":false,"jetpack_social_options":{"image_generator_settings":{"template":"highway","default_image_id":0,"font":"","enabled":false},"version":2}},"categories":[10],"tags":[],"class_list":["post-1351","post","type-post","status-publish","format-standard","has-post-thumbnail","hentry","category-castilla-y-leon"],"jetpack_publicize_connections":[],"jetpack_featured_media_url":"https:\/\/987aldia.com\/web\/wp-content\/uploads\/2023\/06\/close-up-disparo-manos-hombre-negocios-pegando-notas-adhesivas-pared-vidrio-oficina.jpg","jetpack_sharing_enabled":true,"_links":{"self":[{"href":"https:\/\/987aldia.com\/web\/wp-json\/wp\/v2\/posts\/1351","targetHints":{"allow":["GET"]}}],"collection":[{"href":"https:\/\/987aldia.com\/web\/wp-json\/wp\/v2\/posts"}],"about":[{"href":"https:\/\/987aldia.com\/web\/wp-json\/wp\/v2\/types\/post"}],"author":[{"embeddable":true,"href":"https:\/\/987aldia.com\/web\/wp-json\/wp\/v2\/users\/1"}],"replies":[{"embeddable":true,"href":"https:\/\/987aldia.com\/web\/wp-json\/wp\/v2\/comments?post=1351"}],"version-history":[{"count":1,"href":"https:\/\/987aldia.com\/web\/wp-json\/wp\/v2\/posts\/1351\/revisions"}],"predecessor-version":[{"id":1353,"href":"https:\/\/987aldia.com\/web\/wp-json\/wp\/v2\/posts\/1351\/revisions\/1353"}],"wp:featuredmedia":[{"embeddable":true,"href":"https:\/\/987aldia.com\/web\/wp-json\/wp\/v2\/media\/1352"}],"wp:attachment":[{"href":"https:\/\/987aldia.com\/web\/wp-json\/wp\/v2\/media?parent=1351"}],"wp:term":[{"taxonomy":"category","embeddable":true,"href":"https:\/\/987aldia.com\/web\/wp-json\/wp\/v2\/categories?post=1351"},{"taxonomy":"post_tag","embeddable":true,"href":"https:\/\/987aldia.com\/web\/wp-json\/wp\/v2\/tags?post=1351"}],"curies":[{"name":"wp","href":"https:\/\/api.w.org\/{rel}","templated":true}]}}