{"id":1354,"date":"2023-06-01T07:28:54","date_gmt":"2023-06-01T07:28:54","guid":{"rendered":"https:\/\/987aldia.com\/web\/?p=1354"},"modified":"2023-06-02T07:30:40","modified_gmt":"2023-06-02T07:30:40","slug":"la-junta-ofrece-en-palencia-22-actividades-culturales-en-el-mes-de-junio","status":"publish","type":"post","link":"https:\/\/987aldia.com\/web\/la-junta-ofrece-en-palencia-22-actividades-culturales-en-el-mes-de-junio\/","title":{"rendered":"La Junta ofrece en Palencia 22 actividades culturales en el mes de junio"},"content":{"rendered":"\n<h2 class=\"wp-block-heading\"><strong>El 9 de junio se celebra el D\u00eda internacional de los Archivos, un aniversario que invita a descubrir el valor \u00fanico de los centros de toda la Comunidad<\/strong>.<\/h2>\n\n\n\n<p>La Consejer\u00eda de Cultura y Turismo presenta la programaci\u00f3n cultural para el mes de junio en la provincia de Palencia en la red de centros culturales de la Junta de Castilla y Le\u00f3n, con 22 actividades a lo largo de toda la ciudad. El programa incluye 7 exposiciones; 1 m\u00fasica; 1 conferencia; 3 lectura; 3 talleres para adultos y 7 actividades infantiles.<\/p>\n\n\n\n<p>Todas estas actividades son de car\u00e1cter muy diverso, destinadas a una gran variedad de p\u00fablico, donde tienen cabida diferentes manifestaciones art\u00edsticas.<\/p>\n\n\n\n<p><strong>Propuestas expositivas<\/strong><\/p>\n\n\n\n<p>La Biblioteca P\u00fablica de Palencia albergar\u00e1 una exposici\u00f3n de la Escuela de Arte Mariano Tim\u00f3n sobre obras pict\u00f3ricas, escult\u00f3ricas e instalaciones ef\u00edmeras; tambi\u00e9n contar\u00e1 con otra exposici\u00f3n \u201cMicrorrelatos: palentinos a pie de calle\u201d con fotograf\u00edas de Alejandro P\u00e9rez Garc\u00eda.<\/p>\n\n\n\n<p>Debido al D\u00eda Internacional de los Archivos se har\u00e1 una visita a este centro y se ense\u00f1ar\u00e1 todo lo que lo compone, adem\u00e1s de zonas que de manera habitual no son accesibles. Tambi\u00e9n albergar\u00e1 una exposici\u00f3n temporal \u201cAtl\u00e1ntico\u201d en colaboraci\u00f3n con el Festival Pallantiaphoto, y recibir\u00e1n a Daniel Landa, un palentino que mostrar\u00e1 las fotograf\u00edas de su \u00faltima serie de documentales.<\/p>\n\n\n\n<p>En cuanto al Museo, contin\u00faa la visita al Capitel Rom\u00e1nico de la Epifan\u00eda; adem\u00e1s contar\u00e1 con una exposici\u00f3n temporal del Festival Pallantiaphoto \u201cCr\u00f3nica fotogr\u00e1fica del \u00e9xodo a Ucrania\u201d de Benito Pajares que muestra en sus instant\u00e1neas la crudeza que vive el pa\u00eds. Tambi\u00e9n sigue la celebraci\u00f3n del VII centenario de la Catedral de Palencia.<\/p>\n\n\n\n<p><strong>M\u00fasica<\/strong><\/p>\n\n\n\n<p>La Biblioteca albergar\u00e1 el concierto de Amalgama Folk, grupo palentino con una gran trayectoria en los \u00faltimos tiempos, por la celebraci\u00f3n del D\u00eda de la M\u00fasica, destaca que es candidato al mejor CD de M\u00fasicas del Mundo.<\/p>\n\n\n\n<p><strong>Conferencias<\/strong><\/p>\n\n\n\n<p>Con la continuaci\u00f3n del Festival Pallantiaphoto y la exposici\u00f3n \u201cCr\u00f3nica fotogr\u00e1fica del \u00e9xodo a Ucrania\u201d, se llevar\u00e1 a cabo una conferencia impartida por la presidenta de la Asociaci\u00f3n Juntos por la Vida Clara Arnal y el fot\u00f3grafo Benito Pajares, se realizar\u00e1 el s\u00e1bado 3 de junio en el Museo de Palencia a las 11.00 horas.<\/p>\n\n\n\n<p><strong>Libros<\/strong><\/p>\n\n\n\n<p>En la Biblioteca se presentar\u00e1 el libro de Pascual Izquierdo: \u201cViaje por el Canal de Castilla\u201d que contar\u00e1 con la presencia de C\u00e9sar Sanz y C\u00e9sar Augusto Ayuso, el mi\u00e9rcoles 7 a las 19.30 horas. Tambi\u00e9n habr\u00e1 un doble encuentro literario con Sergio Garc\u00eda y el club de lectura que tendr\u00e1 dos visiones \u201cMercurio\u201d y \u201cMirada violeta\u201d, en este segundo se pretende poner en valor los libros escritos por mujeres a lo largo de la historia, todo ello va en concordancia a la actividad \u201cPalabras compartidas\u201d que organiza la Biblioteca en colaboraci\u00f3n con la Universidad Popular de Palencia.<\/p>\n\n\n\n<p><strong>Talleres para adultos<\/strong><\/p>\n\n\n\n<p>Los adultos podr\u00e1n disfrutar de tres talleres; 2 de ellos sobre un curso en franc\u00e9s y otro en ingl\u00e9s. Y otra actividad sobre escritura creativa que imparte Raquel Lozano.<\/p>\n\n\n\n<p><strong>Actividades infantiles<\/strong><\/p>\n\n\n\n<p>El Museo albergar\u00e1 2 actividades, el primero de ellos ser\u00e1 un taller familiar dedicado a los juegos de dados romanos y el segundo sobre el juego de las doce marcas.<\/p>\n\n\n\n<p>La Biblioteca tendr\u00e1 un cuentacuentos \u201cHistorias para so\u00f1ar con animales y amar a tu planeta\u201d que se celebrar\u00e1 el 5 de junio por el D\u00eda del Medio Ambiente; continuar\u00e1 con la cl\u00e1sica ruta natural al interior de la misma y sus alrededores; y concluir\u00e1 con la narraci\u00f3n y taller de un libro: \u201cJeff Lagartija y sus aud\u00edfonos rojos\u201d de Roc\u00edo Romero Navarrete.<\/p>\n\n\n\n<p>La Red de Circuitos Esc\u00e9nicos tendr\u00e1 dos actuaciones en Ampudia y Villaviudas, ambos ser\u00e1n teatros, el primero de ellos sobre cuentos de miedo y el segundo se llamara Crescendo del grupo Garrapete. &nbsp;<\/p>\n","protected":false},"excerpt":{"rendered":"<p>El 9 de junio se celebra el D\u00eda internacional de los Archivos, un aniversario que invita a descubrir el valor \u00fanico de los centros de toda la Comunidad. La Consejer\u00eda de Cultura y Turismo presenta la programaci\u00f3n cultural para el mes de junio en la provincia de Palencia en la red de centros culturales de [&hellip;]<\/p>\n","protected":false},"author":1,"featured_media":1355,"comment_status":"open","ping_status":"closed","sticky":false,"template":"","format":"standard","meta":{"_monsterinsights_skip_tracking":false,"_monsterinsights_sitenote_active":false,"_monsterinsights_sitenote_note":"","_monsterinsights_sitenote_category":0,"site-container-style":"default","site-container-layout":"default","site-sidebar-layout":"default","disable-article-header":"default","disable-site-header":"default","disable-site-footer":"default","disable-content-area-spacing":"default","_jetpack_memberships_contains_paid_content":false,"footnotes":"","jetpack_publicize_message":"","jetpack_publicize_feature_enabled":true,"jetpack_social_post_already_shared":false,"jetpack_social_options":{"image_generator_settings":{"template":"highway","default_image_id":0,"font":"","enabled":false},"version":2}},"categories":[10],"tags":[],"class_list":["post-1354","post","type-post","status-publish","format-standard","has-post-thumbnail","hentry","category-castilla-y-leon"],"jetpack_publicize_connections":[],"jetpack_featured_media_url":"https:\/\/987aldia.com\/web\/wp-content\/uploads\/2023\/06\/Palencia_-_panoramio_cropped.jpg","jetpack_sharing_enabled":true,"_links":{"self":[{"href":"https:\/\/987aldia.com\/web\/wp-json\/wp\/v2\/posts\/1354","targetHints":{"allow":["GET"]}}],"collection":[{"href":"https:\/\/987aldia.com\/web\/wp-json\/wp\/v2\/posts"}],"about":[{"href":"https:\/\/987aldia.com\/web\/wp-json\/wp\/v2\/types\/post"}],"author":[{"embeddable":true,"href":"https:\/\/987aldia.com\/web\/wp-json\/wp\/v2\/users\/1"}],"replies":[{"embeddable":true,"href":"https:\/\/987aldia.com\/web\/wp-json\/wp\/v2\/comments?post=1354"}],"version-history":[{"count":1,"href":"https:\/\/987aldia.com\/web\/wp-json\/wp\/v2\/posts\/1354\/revisions"}],"predecessor-version":[{"id":1356,"href":"https:\/\/987aldia.com\/web\/wp-json\/wp\/v2\/posts\/1354\/revisions\/1356"}],"wp:featuredmedia":[{"embeddable":true,"href":"https:\/\/987aldia.com\/web\/wp-json\/wp\/v2\/media\/1355"}],"wp:attachment":[{"href":"https:\/\/987aldia.com\/web\/wp-json\/wp\/v2\/media?parent=1354"}],"wp:term":[{"taxonomy":"category","embeddable":true,"href":"https:\/\/987aldia.com\/web\/wp-json\/wp\/v2\/categories?post=1354"},{"taxonomy":"post_tag","embeddable":true,"href":"https:\/\/987aldia.com\/web\/wp-json\/wp\/v2\/tags?post=1354"}],"curies":[{"name":"wp","href":"https:\/\/api.w.org\/{rel}","templated":true}]}}